{"id":83106,"date":"2026-05-29T08:00:18","date_gmt":"2026-05-29T08:00:18","guid":{"rendered":"https:\/\/www.europesays.com\/sk\/83106\/"},"modified":"2026-05-29T08:00:18","modified_gmt":"2026-05-29T08:00:18","slug":"po-tvarach-milujem-slovensko-prisiel-rad-na-dobre-vediet","status":"publish","type":"post","link":"https:\/\/www.europesays.com\/sk\/83106\/","title":{"rendered":"Po tv\u00e1rach Milujem Slovensko pri\u0161iel rad na Dobre vedie\u0165"},"content":{"rendered":"<p>U\u017e v pondelok a stredu pon\u00fakla ob\u013e\u00faben\u00e1 vedomostn\u00e1 \u0161ou Riskuj! novinku. V \u0161peci\u00e1lnych epiz\u00f3dach si zas\u00fa\u0165a\u017eili zn\u00e1me tv\u00e1re z jojk\u00e1rskych rel\u00e1ci\u00ed. \u00a0<\/p>\n<p>    <a href=\"https:\/\/medialne.trend.sk\/televizia\/nikodym-aj-adela-mieria-dalsej-sou-jojky-predvedu-pondelok\" class=\"article-related\" aria-label=\"Nikod\u00fdm mieri do \u010fal\u0161ej \u0161ou Jojky. A nebude s\u00e1m: Zn\u00e1ma zostava sa predvedie u\u017e \u010doskoro\" rel=\"nofollow noopener\" target=\"_blank\"><br \/>\n        <img loading=\"lazy\" decoding=\"async\" class=\"lazyload\" width=\"960\" height=\"540\" src=\"https:\/\/www.europesays.com\/sk\/wp-content\/uploads\/2026\/05\/1780041617_179_540.jpeg\"  data-  alt=\"                               \"\/><\/p>\n<p>                Neprehliadnite<\/p>\n<p>                Nikod\u00fdm mieri do \u010fal\u0161ej \u0161ou Jojky. A nebude s\u00e1m: Zn\u00e1ma zostava sa predvedie u\u017e \u010doskoro<\/p>\n<p>    <\/a><\/p>\n<p>V pondelok sa v \u0161t\u00fadiu Riskuj! objavili st\u00e1lice Milujem Slovensko &#8211; Adela Vinczeov\u00e1, Matej Sajfa Cifra a Martin Nikod\u00fdm. Druh\u00fd \u0161peci\u00e1l odvysiela TV JOJ v stredu 28. m\u00e1ja a predstavili sa v \u0148om zn\u00e1me tv\u00e1re \u0161ou Sedem \u2013 Tom\u00e1\u0161 Hud\u00e1k, Michael Szatm\u00e1ry a Samo Trnka. \u00a0<\/p>\n<p>Komu bude patri\u0165 piatkov\u00fd podve\u010der? 30. m\u00e1ja si do Riskuj! zasadn\u00fa osobnosti rel\u00e1cie Dobre vedie\u0165 \u2013 Zuzana Kubov\u010d\u00edkov\u00e1 \u0160ebov\u00e1, Ras\u0165o Sokol a Juraj Loj.\u00a0<\/p>\n<p>            <a class=\"image\" href=\"https:\/\/medialne.trend.sk\/gal\/televizia\/presun-medzi-relaciami-tvarach-milujem-slovensko-prisiel-rad-sou-dobre-vediet\/10\" rel=\"nofollow noopener\" target=\"_blank\"><br \/>\n                <img loading=\"lazy\" decoding=\"async\" class=\"lazyload\" width=\"1024\" height=\"0\" src=\"https:\/\/www.europesays.com\/sk\/wp-content\/uploads\/2026\/05\/1780041618_397_0.jpeg\"  data-  alt=\"Riskuj! s celebritn\u00fdm \u0161peci\u00e1lom.\"\/><\/p>\n<p>\n                Zdroj: TV JOJ\n            <\/p>\n<p>        <\/a><\/p>\n<p>            Riskuj! s celebritn\u00fdm \u0161peci\u00e1lom.<\/p>\n<p>V\u00fdber \u00fa\u010dinkuj\u00facich z rel\u00e1ci\u00ed Dobre vedie\u0165, Milujem Slovensko a Sedem nebol n\u00e1hodn\u00fd. &#8222;Osobnosti z t\u00fdchto rel\u00e1ci\u00ed maj\u00fa bl\u00edzko k z\u00e1bave, pohotov\u00fdm reakci\u00e1m a vedomostiam. Z\u00e1rove\u0148 medzi nimi funguje prirodzen\u00e1 ch\u00e9mia, ktor\u00fa maj\u00fa div\u00e1ci radi. A prizn\u00e1m sa \u2013 mali sme aj tich\u00fd profesion\u00e1lny z\u00e1ujem zisti\u0165, ako sa im bude dari\u0165 pr\u00e1ve v prostred\u00ed klasick\u00e9ho vedomostn\u00e9ho kv\u00edzu,&#8220; prezradil re\u017eis\u00e9r Riskuj! Peter Bal\u00e1\u017e.\u00a0<\/p>\n<p>    <a href=\"https:\/\/medialne.trend.sk\/televizia\/ondrik-meni-jojkarskej-novinke-stranu-prial-som-aby-spravodlivost-fungovala\" class=\"article-related\" aria-label=\"Ondr\u00edk men\u00ed v jojk\u00e1rskej novinke stranu: Prial by som si, aby spravodlivos\u0165 fungovala\" rel=\"nofollow noopener\" target=\"_blank\"><br \/>\n        <img loading=\"lazy\" decoding=\"async\" class=\"lazyload\" width=\"960\" height=\"540\" src=\"https:\/\/www.europesays.com\/sk\/wp-content\/uploads\/2026\/05\/1780041618_386_540.jpeg\"  data-  alt=\"Milan Ondr\u00edk v Jednotke Jastrab.\"\/><\/p>\n<p>                Neprehliadnite<\/p>\n<p>                Ondr\u00edk men\u00ed v jojk\u00e1rskej novinke stranu: Prial by som si, aby spravodlivos\u0165 fungovala<\/p>\n<p>    <\/a><\/p>\n<p>Pod\u013ea Zuzany Kubov\u010d\u00edkovej \u0160ebovej bola atmosf\u00e9ra na p\u013eaci Riskuj! skvel\u00e1. &#8222;Moder\u00e1tor Du\u0161ko Ambr\u00f3\u0161 kr\u00e1sne vedie hru, je mimoriadne pohotov\u00fd a trefn\u00fd. Chlapcov to extr\u00e9mne bavilo a v\u0161etci sme si to u\u017eili. Div\u00e1ci doma m\u00f4\u017eu po\u010das sledovania dr\u017ea\u0165 palce a zabavi\u0165 sa spolu s nami,&#8220; povedala. Div\u00e1ci zostavu z Dobre vedie\u0165 uvidia v piatok o 18:00 na Jojke.<\/p>\n<p>Rel\u00e1cia Dobre vedie\u0165 sa po nieko\u013ekoro\u010dnej prest\u00e1vke k div\u00e1kom vr\u00e1tila na jese\u0148 2025. Z Mark\u00edzy sa presunula do Jojky aj s jej moder\u00e1torskou st\u00e1licou <a rel=\"noopener nofollow\" href=\"https:\/\/medialne.trend.sk\/televizia\/dobre-vediet-je-spat-moj-navrat-rasto-sokol-nezahmlieval-povedal-ako-to-bolo\" target=\"_blank\">Ras\u0165om Sokolom<\/a>. Zmena nastala na poz\u00edcii kapit\u00e1nov, ktor\u00fdmi sa na Jojke stala hereck\u00e1 dvojica Zuzana Kubov\u010d\u00edkov\u00e1 \u0160ebov\u00e1 a Juraj Loj.\u00a0<\/p>\n","protected":false},"excerpt":{"rendered":"U\u017e v pondelok a stredu pon\u00fakla ob\u013e\u00faben\u00e1 vedomostn\u00e1 \u0161ou Riskuj! novinku. V \u0161peci\u00e1lnych epiz\u00f3dach si zas\u00fa\u0165a\u017eili zn\u00e1me tv\u00e1re&hellip;\n","protected":false},"author":2,"featured_media":83107,"comment_status":"","ping_status":"","sticky":false,"template":"","format":"standard","meta":{"footnotes":"","_share_on_mastodon":"0"},"categories":[18],"tags":[872,489,10315,30311,70,849,4413,8665,30308,3264,30310,30307,26152,30306,5006,43,40,39,42,41,30313,30309,97,3263,30312,71,11004],"class_list":["post-83106","post","type-post","status-publish","format-standard","has-post-thumbnail","category-tv","tag-adela-vinczeova","tag-divaci","tag-dobre-vediet","tag-dusko-ambros","tag-entertainment","tag-juraj-loj","tag-martin-nikodym","tag-matej-sajfa-cifra","tag-michael-szatmary","tag-milujem-slovensko","tag-peter-balaz","tag-rasto-sokol","tag-riskuj","tag-samo-trnka","tag-sedem","tag-sk","tag-slovak","tag-slovakia","tag-slovencina","tag-slovensko","tag-specialne-epizody","tag-tomas-hudak","tag-tv","tag-tv-joj","tag-vedomostna-sou","tag-zabava","tag-zuzana-kubovcikova-sebova"],"share_on_mastodon":{"url":"https:\/\/pubeurope.com\/@sk\/116656814362233014","error":""},"_links":{"self":[{"href":"https:\/\/www.europesays.com\/sk\/wp-json\/wp\/v2\/posts\/83106","targetHints":{"allow":["GET"]}}],"collection":[{"href":"https:\/\/www.europesays.com\/sk\/wp-json\/wp\/v2\/posts"}],"about":[{"href":"https:\/\/www.europesays.com\/sk\/wp-json\/wp\/v2\/types\/post"}],"author":[{"embeddable":true,"href":"https:\/\/www.europesays.com\/sk\/wp-json\/wp\/v2\/users\/2"}],"replies":[{"embeddable":true,"href":"https:\/\/www.europesays.com\/sk\/wp-json\/wp\/v2\/comments?post=83106"}],"version-history":[{"count":0,"href":"https:\/\/www.europesays.com\/sk\/wp-json\/wp\/v2\/posts\/83106\/revisions"}],"wp:featuredmedia":[{"embeddable":true,"href":"https:\/\/www.europesays.com\/sk\/wp-json\/wp\/v2\/media\/83107"}],"wp:attachment":[{"href":"https:\/\/www.europesays.com\/sk\/wp-json\/wp\/v2\/media?parent=83106"}],"wp:term":[{"taxonomy":"category","embeddable":true,"href":"https:\/\/www.europesays.com\/sk\/wp-json\/wp\/v2\/categories?post=83106"},{"taxonomy":"post_tag","embeddable":true,"href":"https:\/\/www.europesays.com\/sk\/wp-json\/wp\/v2\/tags?post=83106"}],"curies":[{"name":"wp","href":"https:\/\/api.w.org\/{rel}","templated":true}]}}