{"id":83159,"date":"2026-05-29T08:56:07","date_gmt":"2026-05-29T08:56:07","guid":{"rendered":"https:\/\/www.europesays.com\/sk\/83159\/"},"modified":"2026-05-29T08:56:07","modified_gmt":"2026-05-29T08:56:07","slug":"piatkovy-vecer-na-jojke-bude-patrit-zabave-do-milujem-slovensko-mieria-zname-tvare-ktore-sa-nestratia-ani-v-sutazi-televizia","status":"publish","type":"post","link":"https:\/\/www.europesays.com\/sk\/83159\/","title":{"rendered":"Piatkov\u00fd ve\u010der na JOJke bude patri\u0165 z\u00e1bave. Do Milujem Slovensko mieria zn\u00e1me tv\u00e1re, ktor\u00e9 sa nestratia ani v s\u00fa\u0165a\u017ei &#8211; Telev\u00edzia"},"content":{"rendered":"<p itemprop=\"description\">Milujem Slovensko prinesie \u010fal\u0161iu epiz\u00f3du pln\u00fa humoru, hudby a zn\u00e1mych osobnost\u00ed.<\/p>\n<p>Ob\u013e\u00faben\u00e1 rodinn\u00e1 <a target=\"_blank\" href=\"https:\/\/www.mediaklik.sk\/hashtag\/milujem-slovensko\/\" rel=\"nofollow noopener\">\u0161ou Milujem Slovensko<\/a> pokra\u010duje novou epiz\u00f3dou, v\u00a0ktorej sa op\u00e4\u0165 spoja humor, s\u00fa\u0165a\u017eivos\u0165, hudba a pohotov\u00e9 reakcie zn\u00e1mych osobnost\u00ed.<\/p>\n<p>Div\u00e1ci sa m\u00f4\u017eu te\u0161i\u0165 na zostavu, v\u00a0ktorej nebud\u00fa ch\u00fdba\u0165 v\u00fdrazn\u00e9 men\u00e1 slovensk\u00e9ho herectva, hudby ani telev\u00edznej z\u00e1bavy.<\/p>\n<p>\t<a class=\"promo-clanok\" href=\"https:\/\/www.mediaklik.sk\/televizia\/clanok\/811847-stvr-100-rokov-rozhlas-70-rokov-televizia-oslavy\/\" rel=\"nofollow noopener\" target=\"_blank\"> \t\t\t\t\t<img decoding=\"async\" src=\"https:\/\/www.europesays.com\/sk\/wp-content\/uploads\/2026\/05\/slovensky-rozhlas-budova-1-stvorec.jpg\" class=\"promo-clanok-image\" alt=\"Slovensky rozhlas budova  1 \"\/> \t\t\t \t\t\t\t \t\t\t\t\t\t\t\t\t\t\t\u010c\u00edtajte viac \t\t\t\t\t\t\t\t\t \t\t\t\t \t\t\t\t\tSTVR chyst\u00e1 rok ve\u013ek\u00fdch osl\u00e1v. Rozhlas aj telev\u00edzia si pripomen\u00fa v\u00fdro\u010dia, ktor\u00e9 formovali cel\u00e9 gener\u00e1cie \t\t\t\t \t\t\t \t\t\t<\/a><\/p>\n<p>O\u00a0dobr\u00fa n\u00e1ladu sa op\u00e4\u0165 postaraj\u00fa tradi\u010dn\u00ed kapit\u00e1ni Adela Vinczeov\u00e1 a Matej Sajfa Cifra, ktor\u00ed poved\u00fa svoje t\u00edmy pod moder\u00e1torsk\u00fdm veden\u00edm Martina Nikod\u00fdma. Pr\u00e1ve ich vz\u00e1jomn\u00e1 dynamika, s\u00fa\u0165a\u017eivos\u0165 aj schopnos\u0165 reagova\u0165 na ne\u010dakan\u00e9 situ\u00e1cie patria k\u00a0tomu, pre\u010do sa rel\u00e1cia dlhodobo dr\u017e\u00ed medzi ob\u013e\u00faben\u00fdmi form\u00e1tmi pre cel\u00e9 rodiny.<\/p>\n<p>V\u00a0Sajfovom t\u00edme sa tentoraz predstavia herci Miro Noga a Peter Ondreji\u010dka, ktor\u00fdch dopln\u00ed spev\u00e1\u010dka Sisa Sklovsk\u00e1.<\/p>\n<p>T\u00e1to trojica s\u013eubuje kombin\u00e1ciu hereck\u00e9ho nadh\u013eadu, temperamentu, charizmy a v\u00fdraznej energie. V\u00a0\u0161t\u00fadiu tak nebude n\u00fadza o\u00a0vtipn\u00e9 momenty, spont\u00e1nne reakcie ani situ\u00e1cie, ktor\u00e9 vznikaj\u00fa pr\u00e1ve vtedy, ke\u010f sa pred kamerami stretn\u00fa osobnosti s\u00a0chu\u0165ou zab\u00e1va\u0165\u00a0sa.<\/p>\n<p>Proti nim sa postav\u00ed t\u00edm Adely Vinczeovej. V\u00a0\u0148om si svoje vedomosti, postreh aj s\u00fa\u0165a\u017en\u00e9ho ducha preveria herec K\u00e1roly T\u00f3th, here\u010dka Nat\u00e1lia Germani a hudobn\u00edk Igor Kme\u0165o\u00a0st.<\/p>\n<p>Aj t\u00e1to zostava prinesie do rel\u00e1cie vlastn\u00fd temperament, sk\u00fasenosti a energiu, ktor\u00e9 s\u00fa pre Milujem Slovensko typick\u00e9.<\/p>\n<p>Najbli\u017e\u0161ia epiz\u00f3da tak spoj\u00ed viacero gener\u00e1ci\u00ed umelcov a rozdielne umeleck\u00e9 svety. Na jednej strane bud\u00fa st\u00e1\u0165 sk\u00fasen\u00ed herci a osobnosti zn\u00e1me z\u00a0divadla, filmu \u010di telev\u00edzie, na druhej v\u00fdrazn\u00e9 hudobn\u00e9 men\u00e1, ktor\u00e9 dok\u00e1\u017eu vnies\u0165 do s\u00fa\u0165a\u017enej atmosf\u00e9ry spont\u00e1nnos\u0165 aj rytmus.<\/p>\n<p>Div\u00e1kov \u010dakaj\u00fa tradi\u010dn\u00e9 discipl\u00edny, zauj\u00edmavosti o\u00a0Slovensku, hudobn\u00e9 vyst\u00fapenia aj momenty, ktor\u00e9 sa nedaj\u00fa napl\u00e1nova\u0165. Pr\u00e1ve kombin\u00e1cia vedomostn\u00fdch ot\u00e1zok, humoru a neform\u00e1lnej atmosf\u00e9ry patr\u00ed k\u00a0najv\u00e4\u010d\u0161\u00edm prednostiam rel\u00e1cie, ktor\u00e1 sa dlhodobo sna\u017e\u00ed bavi\u0165 cel\u00e9 gener\u00e1cie div\u00e1kov.<\/p>\n<p>Neodmyslite\u013enou s\u00fa\u010das\u0165ou \u0161ou zost\u00e1va aj Milujem Slovensko Band. Ten sa pravidelne star\u00e1 o\u00a0hudobn\u00fa atmosf\u00e9ru, zn\u00e1me slovensk\u00e9 hity aj ne\u010dakan\u00e9 hudobn\u00e9 prekvapenia, ktor\u00e9 dop\u013a\u0148aj\u00fa s\u00fa\u0165a\u017en\u00fa \u010das\u0165 ve\u010dera.<\/p>\n","protected":false},"excerpt":{"rendered":"Milujem Slovensko prinesie \u010fal\u0161iu epiz\u00f3du pln\u00fa humoru, hudby a zn\u00e1mych osobnost\u00ed. Ob\u013e\u00faben\u00e1 rodinn\u00e1 \u0161ou Milujem Slovensko pokra\u010duje novou&hellip;\n","protected":false},"author":2,"featured_media":83160,"comment_status":"","ping_status":"","sticky":false,"template":"","format":"standard","meta":{"footnotes":"","_share_on_mastodon":"0"},"categories":[18],"tags":[70,30323,3264,30322,43,40,39,42,41,13560,97,3263,7886,71],"class_list":["post-83159","post","type-post","status-publish","format-standard","has-post-thumbnail","category-tv","tag-entertainment","tag-jojke","tag-milujem-slovensko","tag-piatkovy","tag-sk","tag-slovak","tag-slovakia","tag-slovencina","tag-slovensko","tag-sou-milujem-slovensko","tag-tv","tag-tv-joj","tag-vecer","tag-zabava"],"share_on_mastodon":{"url":"https:\/\/pubeurope.com\/@sk\/116657034555652881","error":""},"_links":{"self":[{"href":"https:\/\/www.europesays.com\/sk\/wp-json\/wp\/v2\/posts\/83159","targetHints":{"allow":["GET"]}}],"collection":[{"href":"https:\/\/www.europesays.com\/sk\/wp-json\/wp\/v2\/posts"}],"about":[{"href":"https:\/\/www.europesays.com\/sk\/wp-json\/wp\/v2\/types\/post"}],"author":[{"embeddable":true,"href":"https:\/\/www.europesays.com\/sk\/wp-json\/wp\/v2\/users\/2"}],"replies":[{"embeddable":true,"href":"https:\/\/www.europesays.com\/sk\/wp-json\/wp\/v2\/comments?post=83159"}],"version-history":[{"count":0,"href":"https:\/\/www.europesays.com\/sk\/wp-json\/wp\/v2\/posts\/83159\/revisions"}],"wp:featuredmedia":[{"embeddable":true,"href":"https:\/\/www.europesays.com\/sk\/wp-json\/wp\/v2\/media\/83160"}],"wp:attachment":[{"href":"https:\/\/www.europesays.com\/sk\/wp-json\/wp\/v2\/media?parent=83159"}],"wp:term":[{"taxonomy":"category","embeddable":true,"href":"https:\/\/www.europesays.com\/sk\/wp-json\/wp\/v2\/categories?post=83159"},{"taxonomy":"post_tag","embeddable":true,"href":"https:\/\/www.europesays.com\/sk\/wp-json\/wp\/v2\/tags?post=83159"}],"curies":[{"name":"wp","href":"https:\/\/api.w.org\/{rel}","templated":true}]}}