{"id":83187,"date":"2026-05-29T09:33:08","date_gmt":"2026-05-29T09:33:08","guid":{"rendered":"https:\/\/www.europesays.com\/sk\/83187\/"},"modified":"2026-05-29T09:33:08","modified_gmt":"2026-05-29T09:33:08","slug":"poslanci-maju-o-navrhu-na-odvolanie-tarabu-rokovat-v-pondelok","status":"publish","type":"post","link":"https:\/\/www.europesays.com\/sk\/83187\/","title":{"rendered":"Poslanci maj\u00fa o n\u00e1vrhu na odvolanie Tarabu rokova\u0165 v pondelok"},"content":{"rendered":"<p>BRATISLAVA &#8211; Poslanci N\u00e1rodnej rady (NR) SR maj\u00fa o opozi\u010dnom n\u00e1vrhu na odvolanie vicepremi\u00e9ra a ministra \u017eivotn\u00e9ho prostredia Tom\u00e1\u0161a Tarabu (nominant SNS) rokova\u0165 v pondelok 1. j\u00fana od 9.00 h. Informoval o tom odbor komunik\u00e1cie Kancel\u00e1rie NR SR. Odvol\u00e1vanie iniciovalo opozi\u010dn\u00e9 hnutie PS, pod\u013ea ktor\u00e9ho Taraba vo svojej funkcii zlyhal, ni\u010d\u00ed pr\u00edrodu a ohrozuje tie\u017e st\u00e1mili\u00f3ny eur z pl\u00e1nu obnovy.<\/p>\n<p>Hnutiu PS napr\u00edklad prek\u00e1\u017ea, \u017ee minister nevie prebra\u0165 zodpovednos\u0165 za n\u00e1vrh zon\u00e1ci\u00ed n\u00e1rodn\u00fdch parkov, ke\u010f tvrd\u00ed, \u017ee ho pripravovali nominanti na ministerstve. Hnutie tie\u017e pripomenulo, \u017ee Taraba u\u017e nem\u00e1 ani d\u00f4veru koali\u010dnej strany SNS, ktor\u00e1 ho nominovala, ani jeho najbli\u017e\u0161\u00edch spolupracovn\u00edkov na ministerstve \u017eivotn\u00e9ho prostredia.<\/p>\n<p>Premi\u00e9r Robert Fico (Smer-SD) v pondelok po stretnut\u00ed troch najvy\u0161\u0161\u00edch \u00fastavn\u00fdch \u010dinite\u013eov vyhl\u00e1sil, \u017ee ak sa medzi SNS a jej nominantom Tarabom neobnov\u00ed politick\u00e1 d\u00f4vera do konca septembra, na \u00farovni ministra d\u00f4jde k person\u00e1lnej zmene. Taraba z\u00e1rove\u0148 informoval, \u017ee ak by do konca septembra nedo\u0161lo k dohode s SNS, vzd\u00e1 sa funkcie ministra.<\/p>\n","protected":false},"excerpt":{"rendered":"BRATISLAVA &#8211; Poslanci N\u00e1rodnej rady (NR) SR maj\u00fa o opozi\u010dnom n\u00e1vrhu na odvolanie vicepremi\u00e9ra a ministra \u017eivotn\u00e9ho prostredia&hellip;\n","protected":false},"author":2,"featured_media":83188,"comment_status":"","ping_status":"","sticky":false,"template":"","format":"standard","meta":{"footnotes":"","_share_on_mastodon":"0"},"categories":[32],"tags":[34,37,2215,33,9963,43,40,39,42,41,36,38,7466,35],"class_list":["post-83187","post","type-post","status-publish","format-standard","has-post-thumbnail","category-spravy","tag-headlines","tag-hlavne-spravy","tag-minister","tag-news","tag-odvolavanie","tag-sk","tag-slovak","tag-slovakia","tag-slovencina","tag-slovensko","tag-spravy","tag-titulky","tag-tomas-taraba","tag-top-stories"],"share_on_mastodon":{"url":"https:\/\/pubeurope.com\/@sk\/116657180076048117","error":""},"_links":{"self":[{"href":"https:\/\/www.europesays.com\/sk\/wp-json\/wp\/v2\/posts\/83187","targetHints":{"allow":["GET"]}}],"collection":[{"href":"https:\/\/www.europesays.com\/sk\/wp-json\/wp\/v2\/posts"}],"about":[{"href":"https:\/\/www.europesays.com\/sk\/wp-json\/wp\/v2\/types\/post"}],"author":[{"embeddable":true,"href":"https:\/\/www.europesays.com\/sk\/wp-json\/wp\/v2\/users\/2"}],"replies":[{"embeddable":true,"href":"https:\/\/www.europesays.com\/sk\/wp-json\/wp\/v2\/comments?post=83187"}],"version-history":[{"count":0,"href":"https:\/\/www.europesays.com\/sk\/wp-json\/wp\/v2\/posts\/83187\/revisions"}],"wp:featuredmedia":[{"embeddable":true,"href":"https:\/\/www.europesays.com\/sk\/wp-json\/wp\/v2\/media\/83188"}],"wp:attachment":[{"href":"https:\/\/www.europesays.com\/sk\/wp-json\/wp\/v2\/media?parent=83187"}],"wp:term":[{"taxonomy":"category","embeddable":true,"href":"https:\/\/www.europesays.com\/sk\/wp-json\/wp\/v2\/categories?post=83187"},{"taxonomy":"post_tag","embeddable":true,"href":"https:\/\/www.europesays.com\/sk\/wp-json\/wp\/v2\/tags?post=83187"}],"curies":[{"name":"wp","href":"https:\/\/api.w.org\/{rel}","templated":true}]}}