{"id":83782,"date":"2026-05-29T22:08:13","date_gmt":"2026-05-29T22:08:13","guid":{"rendered":"https:\/\/www.europesays.com\/sk\/83782\/"},"modified":"2026-05-29T22:08:13","modified_gmt":"2026-05-29T22:08:13","slug":"slovnaftu-dosla-trpezlivost-drsne-slova-na-adresu-politikov-kvoli-udajnemu-dlhu","status":"publish","type":"post","link":"https:\/\/www.europesays.com\/sk\/83782\/","title":{"rendered":"Slovnaftu do\u0161la trpezlivos\u0165: Drsn\u00e9 slov\u00e1 na adresu politikov kv\u00f4li \u00fadajn\u00e9mu dlhu!"},"content":{"rendered":"<p>\t\t\t\t\t\t\t<img decoding=\"async\" src=\"https:\/\/www.europesays.com\/sk\/wp-content\/uploads\/2026\/05\/20180822_slovnaft_sklad_ils_05549282-1280x960.jpg\"\/><\/p>\n<p>\t\t\t\t\tFoto: TASR<\/p>\n<p class=\"article-perex\">Spolo\u010dnos\u0165 Slovnaft sa ostro ohradila vo\u010di vyjadreniam niektor\u00fdch politick\u00fdch predstavite\u013eov, ktor\u00ed ju obvi\u0148uj\u00fa z \u00fadajn\u00e9ho da\u0148ov\u00e9ho nedoplatku. Rafin\u00e9ria tieto tvrdenia ozna\u010dila za nepodlo\u017een\u00e9 a neprofesion\u00e1lne s t\u00fdm, \u017ee si v\u0161etky svoje povinnosti vo\u010di \u0161t\u00e1tu pln\u00ed riadne a v\u010das. Spor prich\u00e1dza v \u010dase, kedy sa na verejnosti diskutuje o vybalansovan\u00ed evidovan\u00e9ho dlhu v\u00fdmenou za garanciu ni\u017e\u0161\u00edch cien pohonn\u00fdch hm\u00f4t pre slovensk\u00fdch vodi\u010dov.<\/p>\n<p>Bratislavsk\u00e1 rafin\u00e9ria <a href=\"https:\/\/openiazoch.zoznam.sk\/tag\/slovnaft\/\" type=\"post_tag\" id=\"477\" target=\"_blank\" rel=\"noreferrer noopener nofollow\">Slovnaft<\/a> d\u00f4razne odmieta tvrdenia politikov o \u00fadajnom da\u0148ovom nedoplatku. Tak\u00e9to v\u00fdroky pova\u017euje za neprofesion\u00e1lne, po\u0161kodzuj\u00face dobr\u00e9 meno spolo\u010dnosti a vyvol\u00e1vaj\u00face zbyto\u010dn\u00e9 pochybnosti o jej riadnom fungovan\u00ed. <\/p>\n<p>Mohlo by v\u00e1s zauj\u00edma\u0165:<\/p>\n<p>Reklama<\/p>\n<p> div {<br \/>\ntext-align: left;<br \/>\nfont-size: 12px;<br \/>\ncolor: #6f6f6f;<br \/>\n}<\/p>\n<p>#onnetwork-banner > div:first-child {<br \/>\ntext-align: left;<br \/>\nfont-weight: 700;<br \/>\npadding-bottom: 5px;<br \/>\nfont-size: 14px;<br \/>\ncolor: #000000;<br \/>\n}<\/p>\n<p>]]><\/p>\n<p>\u201eOpakovane a jednozna\u010dne zd\u00f4raz\u0148ujeme, \u017ee Slovnaft si pln\u00ed v\u0161etky da\u0148ov\u00e9 povinnosti v plnom rozsahu, riadne a v\u010das, presne v s\u00falade s platnou legislat\u00edvou Slovenskej republiky a pravidlami Eur\u00f3pskej \u00fanie. V pr\u00edpade dane z tzv. nadmern\u00e9ho zisku za rok 2023 n\u00e1m pod\u013ea vtedy \u00fa\u010dinn\u00e9ho z\u00e1kona nevznikla povinnos\u0165 t\u00fato da\u0148 plati\u0165 \u2013 \u010do je fakt, ktor\u00fd je jednozna\u010dne overite\u013en\u00fd,\u201c uviedla spolo\u010dnos\u0165 vo svojom vyhl\u00e1sen\u00ed.<\/p>\n<p>Pravidl\u00e1 zda\u0148ovania nadmern\u00e9ho zisku vych\u00e1dzali pod\u013ea Slovnaftu zo z\u00e1kladn\u00e9ho nastavenia nariaden\u00ed <a href=\"https:\/\/openiazoch.zoznam.sk\/tag\/europska-unia-eu\/\" type=\"post_tag\" id=\"215\" target=\"_blank\" rel=\"noreferrer noopener nofollow\">Eur\u00f3pskej \u00fanie<\/a> a boli n\u00e1sledne implementovan\u00e9 do slovenskej legislat\u00edvy, pri\u010dom rafin\u00e9ria tieto pravidl\u00e1 d\u00f4sledne dodr\u017eiavala. Krit\u00e9ri\u00e1 pre solid\u00e1rnu da\u0148ov\u00fa platbu splnila iba v roku 2022, kedy \u0161t\u00e1tu uhradila sumu 520 mili\u00f3nov eur. V roku 2024 na z\u00e1klade nesk\u00f4r zmenenej legislat\u00edvy zaplatila \u010fal\u0161\u00edch 56 mili\u00f3nov eur. N\u00e1sledne \u0161t\u00e1t legislat\u00edvu op\u00e4\u0165 zmenil a zaviedol nov\u00fd syst\u00e9m v podobe regulovan\u00e9ho odvodu z rafin\u00e9ri\u00ed, v r\u00e1mci ktor\u00e9ho spolo\u010dnos\u0165 len za uplynul\u00fd rok odviedla \u010fal\u0161\u00edch 47 mili\u00f3nov eur a v obdobn\u00fdch platb\u00e1ch pokra\u010duje aj na\u010falej.<\/p>\n<p>Slovnaft: Sme najv\u00e4\u010d\u0161\u00edm platite\u013eom dane<\/p>\n<p>Slovnaft z\u00e1rove\u0148 pripom\u00edna je za posledn\u00e9 tri roky najv\u00e4\u010d\u0161\u00edm platite\u013eom <a href=\"https:\/\/openiazoch.zoznam.sk\/tag\/dan-z-prijmov\/\" type=\"post_tag\" id=\"11317\" target=\"_blank\" rel=\"noreferrer noopener nofollow\">dane z pr\u00edjmov<\/a> medzi s\u00fakromn\u00fdmi spolo\u010dnos\u0165ami na Slovensku. Len za roky 2022 a\u017e 2024 odviedol \u0161t\u00e1tu na dani z pr\u00edjmu viac ako 900 mili\u00f3nov eur. Pri zoh\u013eadnen\u00ed dane z pr\u00edjmov a v\u0161etk\u00fdch dodato\u010dn\u00fdch odvodov sa celkov\u00e9 efekt\u00edvne da\u0148ov\u00e9 za\u0165a\u017eenie spolo\u010dnosti pohybuje pribli\u017ene na \u00farovni 37 percent. <\/p>\n<p>\tKomu v spore o \u00fadajn\u00fd da\u0148ov\u00fd nedoplatok rafin\u00e9rie Slovnaft viac ver\u00edte?<\/p>\n<p>\u201eNem\u00e1me vedomos\u0165 o tom, \u017ee by in\u00e9 podniky podobn\u00e9ho rozsahu na Slovensku \u010delili porovnate\u013ene vysok\u00e9mu zdaneniu. O to viac pova\u017eujeme za neprijate\u013en\u00e9, aby boli bez relevantn\u00fdch faktov verejne spochyb\u0148ovan\u00e9 na\u0161e z\u00e1konn\u00e9 a transparentn\u00e9 postupy. O\u010dak\u00e1vame, \u017ee verejn\u00ed predstavitelia bud\u00fa v diskusii o da\u0148ov\u00fdch povinnostiach vych\u00e1dza\u0165 z overen\u00fdch \u00fadajov, nie z nepodlo\u017een\u00fdch tvrden\u00ed,\u201c reaguje Slovnaft s t\u00fdm, \u017ee podnik bude aj na\u010falej postupova\u0165 striktne v s\u00falade s legislat\u00edvou a chr\u00e1ni\u0165 svoju reput\u00e1ciu vo\u010di ak\u00fdmko\u013evek nepravdiv\u00fdm obvineniam. <\/p>\n<p>Spolo\u010dnos\u0165 dodala, \u017ee napriek n\u00e1ro\u010dnej geopolitickej situ\u00e1cii na\u010falej zabezpe\u010duje plynul\u00e9 z\u00e1sobovanie regi\u00f3nu, firiem, dom\u00e1cnost\u00ed aj zlo\u017eiek \u0161t\u00e1tu. Z\u00e1rove\u0148 pokra\u010duje v invest\u00edci\u00e1ch do diverzifik\u00e1cie a dekarboniza\u010dn\u00fdch projektov, a to plne v s\u00falade s platnou legislat\u00edvou a v\u0161etk\u00fdmi pr\u00edslu\u0161n\u00fdmi sank\u010dn\u00fdmi mechanizmami.<\/p>\n<p>Lacnej\u0161\u00ed benz\u00edn v\u00fdmenou za odpustenie dlhu?<\/p>\n<p>Pod\u013ea vyjadren\u00ed ministra financi\u00ed <a href=\"https:\/\/openiazoch.zoznam.sk\/tag\/ladislav-kamenicky\/\" type=\"post_tag\" id=\"1817\" target=\"_blank\" rel=\"noreferrer noopener nofollow\">Ladislava Kamenick\u00e9ho<\/a> \u0161t\u00e1t v s\u00fa\u010dasnosti pl\u00e1nuje zoh\u013eadni\u0165, \u017ee Slovnaft po\u010das konfliktu na Bl\u00edzkom v\u00fdchode dr\u017eal ceny pal\u00edv na n\u00edzkej \u00farovni prostredn\u00edctvom samoregul\u00e1cie. Minister financi\u00ed pred v\u00fdjazdov\u00fdm rokovan\u00edm vl\u00e1dy v obci Haniska <a href=\"https:\/\/openiazoch.zoznam.sk\/energetika\/stat-zvazuje-odpis-400-milionov-pre-slovnaft-vymenou-za-lacnejsie-paliva\/\" target=\"_blank\" rel=\"noreferrer noopener nofollow\">nazna\u010dil<\/a>, \u017ee zisky, ktor\u00e9 v tomto \u010dase rafin\u00e9ria stratila, m\u00f4\u017eu by\u0165 protihodnotou pri rie\u0161en\u00ed da\u0148ov\u00e9ho dlhu vo v\u00fd\u0161ke 400 mili\u00f3nov eur, ktor\u00fd vo\u010di nej \u0161t\u00e1t eviduje.<\/p>\n<p>Opozi\u010dn\u00ed politici n\u00e1sledne vl\u00e1du kritizovali, \u017ee sa t\u00fdmto prizn\u00e1va, \u017ee pl\u00e1nuje Slovnaftu odpusti\u0165 da\u0148ov\u00fd dlh vo v\u00fd\u0161ke stoviek mili\u00f3nov eur. Ten sa m\u00e1 t\u00fdka\u0165 mimoriadneho odvodu zo spracovania ruskej ropy na z\u00e1klade z\u00e1kona b\u00fdvalej vl\u00e1dy z roku 2022 a nariadenia Rady Eur\u00f3pskej \u00fanie. Pod\u013ea zverejnenej hospod\u00e1rskej z\u00e1vierky rafin\u00e9ria tento pr\u00edspevok za rok 2023 neplatila, pri\u010dom \u0161t\u00e1t teraz zva\u017euje vz\u00e1jomn\u00e9 vybalansovanie tohto dlhu vo\u010di vl\u00e1de a krokov, ktor\u00e9 Slovnaft urobil v prospech n\u00edzkych cien pal\u00edv na Slovensku.<\/p>\n<p class=\"tags\">Viac o t\u00e9me:<br \/>\n\t\t\t\t\t\t\t\t\t\t\t\t\t\t\t\t\t\t\t<a href=\"https:\/\/openiazoch.zoznam.sk\/tag\/ceny-benzinu\/\" rel=\"nofollow noopener\" target=\"_blank\"><br \/>\n\t\t\t\t\t\t\t\t\t\t\tceny benz\u00ednu\t\t\t\t\t\t\t\t\t\t<\/a><br \/>\n\t\t\t\t\t\t\t\t\t\t, \t\t\t\t\t\t\t\t\t\t\t\t\t\t\t\t\t\t\t<a href=\"https:\/\/openiazoch.zoznam.sk\/tag\/ceny-paliv\/\" rel=\"nofollow noopener\" target=\"_blank\"><br \/>\n\t\t\t\t\t\t\t\t\t\t\tceny pal\u00edv\t\t\t\t\t\t\t\t\t\t<\/a><br \/>\n\t\t\t\t\t\t\t\t\t\t, \t\t\t\t\t\t\t\t\t\t\t\t\t\t\t\t\t\t\t<a href=\"https:\/\/openiazoch.zoznam.sk\/tag\/dan-z-prijmov\/\" rel=\"nofollow noopener\" target=\"_blank\"><br \/>\n\t\t\t\t\t\t\t\t\t\t\tda\u0148 z pr\u00edjmov\t\t\t\t\t\t\t\t\t\t<\/a><br \/>\n\t\t\t\t\t\t\t\t\t\t, \t\t\t\t\t\t\t\t\t\t\t\t\t\t\t\t\t\t\t<a href=\"https:\/\/openiazoch.zoznam.sk\/tag\/dane\/\" rel=\"nofollow noopener\" target=\"_blank\"><br \/>\n\t\t\t\t\t\t\t\t\t\t\tdane\t\t\t\t\t\t\t\t\t\t<\/a><br \/>\n\t\t\t\t\t\t\t\t\t\t, \t\t\t\t\t\t\t\t\t\t\t\t\t\t\t\t\t\t\t<a href=\"https:\/\/openiazoch.zoznam.sk\/tag\/ladislav-kamenicky\/\" rel=\"nofollow noopener\" target=\"_blank\"><br \/>\n\t\t\t\t\t\t\t\t\t\t\tLadislav Kamenick\u00fd\t\t\t\t\t\t\t\t\t\t<\/a><br \/>\n\t\t\t\t\t\t\t\t\t\t, \t\t\t\t\t\t\t\t\t\t\t\t\t\t\t\t\t\t\t<a href=\"https:\/\/openiazoch.zoznam.sk\/tag\/mimoriadny-odvod\/\" rel=\"nofollow noopener\" target=\"_blank\"><br \/>\n\t\t\t\t\t\t\t\t\t\t\tmimoriadny odvod\t\t\t\t\t\t\t\t\t\t<\/a><br \/>\n\t\t\t\t\t\t\t\t\t\t, \t\t\t\t\t\t\t\t\t\t\t\t\t\t\t\t\t\t\t<a href=\"https:\/\/openiazoch.zoznam.sk\/tag\/paliva\/\" rel=\"nofollow noopener\" target=\"_blank\"><br \/>\n\t\t\t\t\t\t\t\t\t\t\tpaliv\u00e1\t\t\t\t\t\t\t\t\t\t<\/a><br \/>\n\t\t\t\t\t\t\t\t\t\t, \t\t\t\t\t\t\t\t\t\t\t\t\t\t\t\t\t\t\t<a href=\"https:\/\/openiazoch.zoznam.sk\/tag\/rafinerie\/\" rel=\"nofollow noopener\" target=\"_blank\"><br \/>\n\t\t\t\t\t\t\t\t\t\t\trafin\u00e9rie\t\t\t\t\t\t\t\t\t\t<\/a><br \/>\n\t\t\t\t\t\t\t\t\t\t, \t\t\t\t\t\t\t\t\t\t\t\t\t\t\t\t\t\t\t<a href=\"https:\/\/openiazoch.zoznam.sk\/tag\/slovnaft\/\" rel=\"nofollow noopener\" target=\"_blank\"><br \/>\n\t\t\t\t\t\t\t\t\t\t\tSlovnaft\t\t\t\t\t\t\t\t\t\t<\/a><br \/>\n\t\t\t\t\t\t\t\t\t\t, \t\t\t\t\t\t\t\t\t\t\t\t\t\t\t\t\t\t\t<a href=\"https:\/\/openiazoch.zoznam.sk\/tag\/statny-rozpocet\/\" rel=\"nofollow noopener\" target=\"_blank\"><br \/>\n\t\t\t\t\t\t\t\t\t\t\t\u0161t\u00e1tny rozpo\u010det\t\t\t\t\t\t\t\t\t\t<\/a>\n\t\t\t\t\t\t\t\t\t\t\t\t\t\t\t\t\t\t\t\t\t\t\t\t\t\t\t<\/p>\n","protected":false},"excerpt":{"rendered":"Foto: TASR Spolo\u010dnos\u0165 Slovnaft sa ostro ohradila vo\u010di vyjadreniam niektor\u00fdch politick\u00fdch predstavite\u013eov, ktor\u00ed ju obvi\u0148uj\u00fa z \u00fadajn\u00e9ho da\u0148ov\u00e9ho&hellip;\n","protected":false},"author":2,"featured_media":83783,"comment_status":"","ping_status":"","sticky":false,"template":"","format":"standard","meta":{"footnotes":"","_share_on_mastodon":"0"},"categories":[6],"tags":[8703,9199,2001,693,2705,30490,10834,9825,43,40,44,39,42,45,41,9200,1666],"class_list":["post-83782","post","type-post","status-publish","format-standard","has-post-thumbnail","category-slovensko","tag-ceny-benzinu","tag-ceny-paliv","tag-dan-z-prijmov","tag-dane","tag-ladislav-kamenicky","tag-mimoriadny-odvod","tag-paliva","tag-rafinerie","tag-sk","tag-slovak","tag-slovak-republic","tag-slovakia","tag-slovencina","tag-slovenska-republika","tag-slovensko","tag-slovnaft","tag-statny-rozpocet"],"share_on_mastodon":{"url":"https:\/\/pubeurope.com\/@sk\/116660149294315895","error":""},"_links":{"self":[{"href":"https:\/\/www.europesays.com\/sk\/wp-json\/wp\/v2\/posts\/83782","targetHints":{"allow":["GET"]}}],"collection":[{"href":"https:\/\/www.europesays.com\/sk\/wp-json\/wp\/v2\/posts"}],"about":[{"href":"https:\/\/www.europesays.com\/sk\/wp-json\/wp\/v2\/types\/post"}],"author":[{"embeddable":true,"href":"https:\/\/www.europesays.com\/sk\/wp-json\/wp\/v2\/users\/2"}],"replies":[{"embeddable":true,"href":"https:\/\/www.europesays.com\/sk\/wp-json\/wp\/v2\/comments?post=83782"}],"version-history":[{"count":0,"href":"https:\/\/www.europesays.com\/sk\/wp-json\/wp\/v2\/posts\/83782\/revisions"}],"wp:featuredmedia":[{"embeddable":true,"href":"https:\/\/www.europesays.com\/sk\/wp-json\/wp\/v2\/media\/83783"}],"wp:attachment":[{"href":"https:\/\/www.europesays.com\/sk\/wp-json\/wp\/v2\/media?parent=83782"}],"wp:term":[{"taxonomy":"category","embeddable":true,"href":"https:\/\/www.europesays.com\/sk\/wp-json\/wp\/v2\/categories?post=83782"},{"taxonomy":"post_tag","embeddable":true,"href":"https:\/\/www.europesays.com\/sk\/wp-json\/wp\/v2\/tags?post=83782"}],"curies":[{"name":"wp","href":"https:\/\/api.w.org\/{rel}","templated":true}]}}