{"id":83891,"date":"2026-05-30T04:08:10","date_gmt":"2026-05-30T04:08:10","guid":{"rendered":"https:\/\/www.europesays.com\/sk\/83891\/"},"modified":"2026-05-30T04:08:10","modified_gmt":"2026-05-30T04:08:10","slug":"ms-v-hokeji-2026-mnohovravny-cesky-kapitan-cervenka-slova-o-turnaji-aj-o-konci-v-reprezentacii","status":"publish","type":"post","link":"https:\/\/www.europesays.com\/sk\/83891\/","title":{"rendered":"MS V HOKEJI 2026 Mnohovravn\u00fd \u010desk\u00fd kapit\u00e1n \u010cervenka: Slov\u00e1 o turnaji aj o konci v reprezent\u00e1cii"},"content":{"rendered":"<p>\t<a href=\"https:\/\/sportky.zoznam.sk\/g\/482505\/ms-v-hokeji-2026-mnohovravny-cesky-kapitan-cervenka-slova-o-turnaji-aj-o-konci-v-reprezentacii?image=1156647\" title=\"\u010cesk\u00fd hokejista Roman \u010cervenka reaguje po skon\u010den\u00ed \u0161tvr\u0165fin\u00e1lov\u00e9ho z\u00e1pasu\" rel=\"nofollow noopener\" target=\"_blank\">\t\t\t<img decoding=\"async\" loading=\"lazy\" src=\"https:\/\/www.europesays.com\/sk\/wp-content\/uploads\/2026\/05\/roman-cervenka-ceska-hokejova-1156647.jpg\"  alt=\"\u010cesk\u00fd hokejista Roman \u010cervenka reaguje po skon\u010den\u00ed \u0161tvr\u0165fin\u00e1lov\u00e9ho z\u00e1pasu\"\/><\/a>\u010cesk\u00fd hokejista Roman \u010cervenka reaguje po skon\u010den\u00ed \u0161tvr\u0165fin\u00e1lov\u00e9ho z\u00e1pasu\t\t\t Zdroj: TASR\/AP\/Claudio Thoma\t\t\t\t<\/p>\n<p>\t\t\t<a class=\"box-article-author-image\"><br \/>\n\t\t\t\t<img decoding=\"async\" src=\"https:\/\/sportky.zoznam.sk\/static\/2019_default\/img\/author.svg\"\/><br \/>\n\t\t\t<\/a><\/p>\n<p class=\"perex\">Z\u00dcRICH &#8211; Sklaman\u00fd bol kapit\u00e1n Roman \u010cervenka po vyraden\u00ed \u010desk\u00fdch hokejistov vo \u0161tvr\u0165fin\u00e1le majstrovstiev sveta v Z\u00fcrichu s F\u00ednskom po por\u00e1\u017eke 1:4.\t<\/p>\n<p>Dvojn\u00e1sobn\u00fd majster sveta veril, \u017ee by t\u00edm kou\u010da Radima Rul\u00edka mohol rozbehnut\u00fdch F\u00ednov zastavi\u0165. V rozhovore s novin\u00e1rmi 40-ro\u010dn\u00fd hr\u00e1\u010d uviedol, \u017ee sa v n\u00e1rodnom mu\u017estve kon\u010di\u0165 nechyst\u00e1.<\/p>\n<p>&#13;<br \/>\n&#13;<\/p>\n<p>&#8222;Veril som, \u017ee m\u00f4\u017eeme prekvapi\u0165 a nepodarilo sa to. Mysl\u00edm, \u017ee tu je pr\u00eds\u013eub, mali sme dos\u0165 mlad\u00fdch chlapcov, \u010do to hrali prv\u00fdkr\u00e1t. Maj\u00fa potenci\u00e1l sa zlep\u0161ova\u0165. Ver\u00edm, \u017ee do bud\u00facnosti bude na \u010dom stava\u0165,&#8220; vyhl\u00e1sil \u010cervenka.<\/p>\n<p>&#13;<br \/>\n&#13;<br \/>\nReprezenta\u010dn\u00fa kari\u00e9ru zrejme neukon\u010d\u00ed&#13;<br \/>\n&#13;<\/p>\n<p>\u00da\u010dastn\u00edk 13 majstrovstiev sveta, piatich olympijsk\u00fdch hier a jedn\u00e9ho Svetov\u00e9ho poh\u00e1ra by sa r\u00e1d s reprezent\u00e1ciou l\u00fa\u010dil inak. &#8222;Uvid\u00edme. Teraz za\u010dne nov\u00e1 sez\u00f3na, budem sa pripravova\u0165, ma\u0165 in\u00e9 ciele. V n\u00e1ro\u010f\u00e1ku maj\u00fa by\u0165 v tej danej chv\u00edli t\u00ed najlep\u0161\u00ed hr\u00e1\u010di a ak medzi nimi budem, tak tam budem. <\/p>\n<p>&#13;<br \/>\n&#13;<\/p>\n<p>Ak nie, tak nie, to je jednoduch\u00e9. M\u00e1m na \u010fal\u0161ie dva roky zmluvu (v Pardubiciach), budem sa sna\u017ei\u0165 robi\u0165 v\u0161etko pre to, aby to vyzeralo tak, ako chcem,&#8220; kon\u0161tatoval \u010cervenka.<\/p>\n<p>&#13;<br \/>\n&#13;<\/p>\n<p>S prib\u00fadaj\u00facim vekom zn\u00e1\u0161a sklamanie hor\u0161ie. &#8222;Ale zase je potrebn\u00e9 to bra\u0165 ako realitu. Nemysl\u00edm, \u017ee by sa niekto na nie\u010do vyka\u0161lal. Jednoducho zl\u00fd za\u010diatok, neviem, \u010di trochu ustra\u0161en\u00fd. Robili sme si to \u0165a\u017e\u0161ie, hr\u00e1\u010di s pukom sami v\u0161ade,&#8220;\u00a0hodnotil z\u00e1pas.<\/p>\n<p>&#13;<br \/>\n&#13;<br \/>\n&#13;<br \/>\n&#13;<\/p>\n<p>&#8222;Ke\u010f sme za\u010dali hra\u0165 trochu pohromade, beci i\u0161li po \u00fato\u010dn\u00edkoch a zrazu sme zbierali puky, vytvorili si nejak\u00e9 \u0161ance. Ale proti tak sk\u00fasen\u00e9mu t\u00edmu sa to mus\u00ed stretn\u00fa\u0165 a nem\u00f4\u017ee\u0161 prehra\u0165 prv\u00fa tretinu 0:2. T\u00e1 kvalita s\u00fapera je tak\u00e1, \u017ee mus\u00ed\u0161 ten z\u00e1pas za\u010da\u0165 inak, aby si ich mohol porazi\u0165,&#8220; uviedol \u010cervenka.<\/p>\n<p>&#13;<br \/>\n&#13;<\/p>\n<p>Trochu n\u00e1deje dalo \u010desk\u00e9mu t\u00edmu v polovici stretnutia zn\u00ed\u017eenie na 1:3 v presilovej hre piatich proti trom. &#8222;Mysl\u00edm, \u017ee n\u00e1m ten g\u00f3l trochu pomohol. V tretej tretine sme nemali \u010do strati\u0165 a zrazu sme sa na puky dost\u00e1vali. Za\u010dalo n\u00e1s to aj bavi\u0165. Dovtedy to bol \u0165a\u017ek\u00fd z\u00e1pas, ke\u010f sme len kor\u010du\u013eovali. \u0160koda, keby n\u00e1m tam nie\u010do spadlo na 3:2, tak sa s t\u00fdm dalo nie\u010do robi\u0165. Ale na keby sa nehr\u00e1,&#8220; vyhl\u00e1sil.<\/p>\n<p>&#13;<br \/>\n&#13;<br \/>\nOkomentoval aj p\u00f4sobenie na turnaji&#13;<br \/>\n&#13;<\/p>\n<p>Pod\u013ea neho t\u00edm nepre\u017eil na turnaji \u017eiadny \u013eahk\u00fd z\u00e1pas. &#8222;Ka\u017ed\u00fd st\u00e1l hrozne ve\u013ea s\u00edl. Nemali sme jeden z\u00e1pas, kde by n\u00e1m to s nejakou \u013eahkos\u0165ou nap\u00e1dalo. Ka\u017ed\u00fd z\u00e1pas bol vyrovnan\u00fd a mo\u017eno aj preto ch\u00fdbala dnes energia. Ale nie je to len o nej. Ide aj o to, ak\u00fd hokej hr\u00e1\u0161. <\/p>\n<p>&#13;<br \/>\n&#13;<\/p>\n<p>\u010co si vytvor\u00ed\u0161, ako hr\u00e1\u0161 na puku a ako bl\u00edzko seba. My hrali ko\u013ekokr\u00e1t naivne a rozh\u00e1dzane a to stoj\u00ed e\u0161te viac s\u00edl,&#8220; povedal \u00fato\u010dn\u00edk, ktor\u00fd doviedol tento rok Pardubice k titulu v extralige.<\/p>\n<p>&#13;<br \/>\n&#13;<\/p>\n<p>Nechcel \u0161pekulova\u0165, \u010di mal t\u00edm na lep\u0161\u00ed v\u00fdsledok. &#8222;\u017diadni favoriti sme neboli, to si treba poveda\u0165. Top hr\u00e1\u010di, ktor\u00ed tu neboli, ch\u00fdbaj\u00fa. T\u00e1 sila man\u010daftu by jednoducho bola in\u00e1. Bolo tu dos\u0165 mlad\u00fdch, ktor\u00ed sa bud\u00fa zlep\u0161ova\u0165 a t\u00e1 sk\u00fasenos\u0165 bude do bud\u00facnosti pozna\u0165.<\/p>\n<p>&#13;<br \/>\n&#13;<\/p>\n<p>\t<a href=\"https:\/\/sportky.zoznam.sk\/g\/482505\/ms-v-hokeji-2026-mnohovravny-cesky-kapitan-cervenka-slova-o-turnaji-aj-o-konci-v-reprezentacii?image=1156583\" title=\"\u010cesk\u00fd hokejista Filip Hronek\" rel=\"nofollow noopener\" target=\"_blank\"><br \/>\n\t\t<img decoding=\"async\" alt=\"\u010cesk\u00fd hokejista Filip Hronek\" src=\"https:\/\/www.europesays.com\/sk\/wp-content\/uploads\/2026\/05\/ceska-hokejova-reprezentacia-filip-1156583.jpg\"\/><br \/>\n\t<\/a>\t<a class=\"article-image-btn\" href=\"https:\/\/sportky.zoznam.sk\/g\/482505\/ms-v-hokeji-2026-mnohovravny-cesky-kapitan-cervenka-slova-o-turnaji-aj-o-konci-v-reprezentacii?image=1156583\" title=\"Gal\u00e9ria fotiek (2)\" rel=\"nofollow noopener\" target=\"_blank\"><br \/>\n\t\tGal\u00e9ria fotiek (2)<br \/>\n\t<\/a>\u010cesk\u00fd hokejista Filip Hronek (uprostred) sa so spoluhr\u00e1\u010dmi te\u0161\u00ed z g\u00f3lu\t\tZdroj: TASR\/AP\/Claudio Thoma\n<\/p>\n<p>&#13;<br \/>\n&#13;<\/p>\n<p>\u201eM\u00f4\u017eeme si hovori\u0165, \u017ee keby sme uhrali druh\u00e9 miesto (v skupine), bola by v\u00e4\u010d\u0161ia \u0161anca s Loty\u0161mi, ale je to tak, ako to je. Nemysl\u00edm si, \u017ee by niekto nie\u010do vypustil. Sila man\u010daftu bola tak\u00e1, ako to dopadlo,\u201c vyhl\u00e1sil \u010cervenka<\/p>\n<p>&#13;<br \/>\n&#13;<br \/>\nVyjadril sa aj k odchodu Rul\u00edka&#13;<br \/>\n&#13;<\/p>\n<p>Turnaj bol l\u00fa\u010den\u00edm hlavn\u00e9ho kou\u010da Radima Rul\u00edka a jeho realiza\u010dn\u00e9ho t\u00edmu, k reprezent\u00e1cii pr\u00eddu Zden\u011bk Mot\u00e1k s asistentom Pavlom Grossom. Rul\u00edkov koniec nevn\u00edma \u010cervenka ako hor\u00faci.<\/p>\n<p>&#13;<br \/>\n&#13;<\/p>\n<p>&#8222;Z\u00e1le\u017e\u00ed, ako sa na to pozriete. Na jednu stranu, po akom \u010dase Radim vyhral zlato na majstrovstv\u00e1ch sveta a e\u0161te doma. Pr\u00e1ca za n\u00edm je vidie\u0165. \u0160t\u00e1b odviedol v\u00fdborn\u00fa pr\u00e1cu. Tento rok zabudoval mlad\u00fdch, ako verejnos\u0165 chcela, je tu perspekt\u00edva do bud\u00facnosti,&#8220; uviedol kapit\u00e1n.<\/p>\n<p>&#13;<br \/>\n&#13;<\/p>\n<p>&#8222;Zanechali za sebou dobr\u00fa pr\u00e1cu. Treba si poveda\u0165, \u017ee nem\u00e1me t\u00edm na to, aby sme vyhr\u00e1vali ka\u017ed\u00fd rok \u0161ampion\u00e1t. Tak to skr\u00e1tka je. Ak tu nem\u00e1\u0161 t\u00fdch najlep\u0161\u00edch hr\u00e1\u010dov, ktor\u00fdch m\u00e1me. Na druhej strane &#8211; mlad\u00ed nabrali sk\u00fasenos\u0165 a ver\u00edm, ako tam je potenci\u00e1l, je to bud\u00facnos\u0165 n\u00e1ro\u010f\u00e1ku. Dvadsiatky hrali nieko\u013eko rokov za sebou dobre,&#8220;\u00a0dodal \u010cervenka.<\/p>\n<p>&#13;<br \/>\n&#13;<\/p>\n<p>\n\t\t\tFotogal\u00e9ria k \u010dl\u00e1nku<br \/>\n\t\t\tPo\u010det fotiek: 8\n\t\t<\/p>\n<p>\t&#13;<\/p>\n<p>\t\t\tAutor: \u00a9 Zoznam\/\t\t\tZdroj: \u010cTK\t<\/p>\n","protected":false},"excerpt":{"rendered":"\u010cesk\u00fd hokejista Roman \u010cervenka reaguje po skon\u010den\u00ed \u0161tvr\u0165fin\u00e1lov\u00e9ho z\u00e1pasu Zdroj: TASR\/AP\/Claudio Thoma Z\u00dcRICH &#8211; Sklaman\u00fd bol kapit\u00e1n Roman&hellip;\n","protected":false},"author":2,"featured_media":83892,"comment_status":"","ping_status":"","sticky":false,"template":"","format":"standard","meta":{"footnotes":"","_share_on_mastodon":"0"},"categories":[13],"tags":[825,5929,8437,20749,43,40,39,42,41,69,68],"class_list":["post-83891","post","type-post","status-publish","format-standard","has-post-thumbnail","category-sport","tag-ceska-hokejova-reprezentacia","tag-ms-v-hokeji-2026","tag-radim-rulik","tag-roman-cervenka","tag-sk","tag-slovak","tag-slovakia","tag-slovencina","tag-slovensko","tag-sport","tag-sports"],"share_on_mastodon":{"url":"https:\/\/pubeurope.com\/@sk\/116661564717512242","error":""},"_links":{"self":[{"href":"https:\/\/www.europesays.com\/sk\/wp-json\/wp\/v2\/posts\/83891","targetHints":{"allow":["GET"]}}],"collection":[{"href":"https:\/\/www.europesays.com\/sk\/wp-json\/wp\/v2\/posts"}],"about":[{"href":"https:\/\/www.europesays.com\/sk\/wp-json\/wp\/v2\/types\/post"}],"author":[{"embeddable":true,"href":"https:\/\/www.europesays.com\/sk\/wp-json\/wp\/v2\/users\/2"}],"replies":[{"embeddable":true,"href":"https:\/\/www.europesays.com\/sk\/wp-json\/wp\/v2\/comments?post=83891"}],"version-history":[{"count":0,"href":"https:\/\/www.europesays.com\/sk\/wp-json\/wp\/v2\/posts\/83891\/revisions"}],"wp:featuredmedia":[{"embeddable":true,"href":"https:\/\/www.europesays.com\/sk\/wp-json\/wp\/v2\/media\/83892"}],"wp:attachment":[{"href":"https:\/\/www.europesays.com\/sk\/wp-json\/wp\/v2\/media?parent=83891"}],"wp:term":[{"taxonomy":"category","embeddable":true,"href":"https:\/\/www.europesays.com\/sk\/wp-json\/wp\/v2\/categories?post=83891"},{"taxonomy":"post_tag","embeddable":true,"href":"https:\/\/www.europesays.com\/sk\/wp-json\/wp\/v2\/tags?post=83891"}],"curies":[{"name":"wp","href":"https:\/\/api.w.org\/{rel}","templated":true}]}}