{"id":84050,"date":"2026-05-30T09:07:06","date_gmt":"2026-05-30T09:07:06","guid":{"rendered":"https:\/\/www.europesays.com\/sk\/84050\/"},"modified":"2026-05-30T09:07:06","modified_gmt":"2026-05-30T09:07:06","slug":"ms-v-hokeji-2026-po-zlatej-prahe-prisiel-tvrdy-pad-na-zem-posledne-slova-ceskeho-kouca-rulika","status":"publish","type":"post","link":"https:\/\/www.europesays.com\/sk\/84050\/","title":{"rendered":"MS V HOKEJI 2026 Po zlatej Prahe pri\u0161iel tvrd\u00fd p\u00e1d na zem: Posledn\u00e9 slov\u00e1 \u010desk\u00e9ho kou\u010da Rul\u00edka"},"content":{"rendered":"<p>\t<a href=\"https:\/\/sportky.zoznam.sk\/g\/482563\/ms-v-hokeji-2026-po-zlatej-prahe-prisiel-tvrdy-pad-na-zem-posledne-slova-ceskeho-kouca-rulika?image=1157013\" title=\"Na sn\u00edmke strieda\u010dka \u010deskej reprezent\u00e1cie s tr\u00e9nerom Radimom Rul\u00edkom (vpravo)\" rel=\"nofollow noopener\" target=\"_blank\">\t\t\t<img decoding=\"async\" loading=\"lazy\" src=\"https:\/\/www.europesays.com\/sk\/wp-content\/uploads\/2026\/05\/ceska-hokejova-reprezentacia-ms-1157013.jpg\"  alt=\"Na sn\u00edmke strieda\u010dka \u010deskej reprezent\u00e1cie s tr\u00e9nerom Radimom Rul\u00edkom (vpravo)\"\/><\/a>Na sn\u00edmke strieda\u010dka \u010deskej reprezent\u00e1cie s tr\u00e9nerom Radimom Rul\u00edkom (vpravo)\t\t\t Zdroj: Profimedia\t\t\t\t<\/p>\n<p>\t\t\t<a class=\"box-article-author-image\"><br \/>\n\t\t\t\t<img decoding=\"async\" src=\"https:\/\/sportky.zoznam.sk\/static\/2019_default\/img\/author.svg\"\/><br \/>\n\t\t\t<\/a><\/p>\n<p class=\"perex\">FRIBOURG &#8211; Tr\u00e9ner \u010deskej hokejovej reprezent\u00e1cie Radim Rul\u00edk so svojimi spolupracovn\u00edkmi nenaplnil \u017eelanie, ktor\u00e9 mali pred majstrovstvami sveta vo \u0160vaj\u010diarsku \u2013 rozl\u00fa\u010di\u0165 sa \u00faspechom.\t<\/p>\n<p data-end=\"428\" data-start=\"0\">Po oslnivom dom\u00e1com triumfe na \u0161ampion\u00e1te v Prahe v roku 2024 u\u017e \u010fal\u0161\u00ed cenn\u00fd kov 60-ro\u010dn\u00fd kou\u010d nepridal, v\u00fdsledkom bolo tretie vyradenie vo \u0161tvr\u0165fin\u00e1le za sebou na ve\u013ekom turnaji. Ako v\u0161ak uviedol v rozhovore s novin\u00e1rmi, za obdobie pri n\u00e1rodnom t\u00edme je \u0161\u0165astn\u00fd.<\/p>\n<p>&#13;<br \/>\n&#13;<\/p>\n<p data-end=\"848\" data-start=\"430\">&#8222;To je \u0161portov\u00fd \u017eivot. Som \u0161\u0165astn\u00fd za to, \u017ee som mohol by\u0165 tri roky pri n\u00e1rodnom t\u00edme. Chcel by som po\u010fakova\u0165 hr\u00e1\u010dom, realiza\u010dn\u00e9mu t\u00edmu, v\u0161etk\u00fdm, preto\u017ee spolupr\u00e1ca bola skvel\u00e1,&#8220; vyhl\u00e1sil Rul\u00edk. &#8222;Viem, \u017ee verejnos\u0165 si \u017eel\u00e1 v\u00fdsledky, to je jasn\u00e9, m\u00e1 na to pr\u00e1vo. Hist\u00f3ria ani nedovol\u00ed, aby to bolo inak. T\u00fdch hr\u00e1\u010dov v Amerike v\u0161ak nem\u00e1me to\u013eko. Ke\u010f odmietnu alebo nepr\u00eddu z osobn\u00fdch d\u00f4vodov, je ve\u013emi \u0165a\u017ek\u00e9 konkurova\u0165.&#8220;<\/p>\n<p>&#13;<br \/>\n&#13;<\/p>\n<p data-end=\"1333\" data-start=\"850\">Po\u010das \u00e9ry na reprezenta\u010dnej strieda\u010dke z\u00edskal mno\u017estvo sk\u00fasenost\u00ed, poznatkov a spomienok. &#8222;Najviac mi utkvelo po\u010fakovanie hr\u00e1\u010dom, ktor\u00ed s nami boli cel\u00fd \u010das. Za\u010dali sme v novembri 2023, na turnaji bolo \u0161es\u0165 hr\u00e1\u010dov z t\u00edmu, ktor\u00fd sme tu mali. Nikdy neodmietli reprezentova\u0165, to je neuverite\u013en\u00e9. Hovor\u00edm o Luk\u00e1\u0161ovi Sedl\u00e1kovi, rovnako Roman \u010cervenka nikdy neodmietol ve\u013ek\u00fa akciu. D\u00e1vam im kredit a po\u010fakovanie. Ak mi nie\u010do utkvelo v pam\u00e4ti, tak je to \u00facta k t\u00fdmto hr\u00e1\u010dom,&#8220;\u00a0uviedol Rul\u00edk.<\/p>\n<p>&#13;<br \/>\n&#13;<br \/>\n&#13;<br \/>\n&#13;<br \/>\nV\u00e1\u017ei si veter\u00e1nov ako \u010cervenka a Sedl\u00e1k&#13;<br \/>\n&#13;<\/p>\n<p data-end=\"1656\" data-start=\"1335\">Je r\u00e1d, \u017ee mal mo\u017enos\u0165 vies\u0165 pr\u00e1ve \u010cervenku, ktor\u00fd bol v posledn\u00fdch rokoch kapit\u00e1nom reprezent\u00e1cie a doviedol mu\u017estvo na vrchol pr\u00e1ve na dom\u00e1cich MS 2024. &#8222;Klob\u00fak dole pred n\u00edm, je to neuverite\u013en\u00fd chalan, v\u00fdborn\u00fd profesion\u00e1l. Neuverite\u013en\u00fd charakter a ka\u017ed\u00e9mu tr\u00e9nerovi by som prial ma\u0165 v t\u00edme tak\u00e9ho hr\u00e1\u010da,&#8220;\u00a0ocenil Rul\u00edk.<\/p>\n<p>&#13;<br \/>\n&#13;<\/p>\n<p data-end=\"2262\" data-start=\"1658\">&#8222;A nielen jeho, preto\u017ee Luk\u00e1\u0161 Sedl\u00e1k je tie\u017e neuverite\u013en\u00fd dr\u00ed\u010d. Som r\u00e1d, \u017ee n\u00e1s nikdy neodmietli a v\u017edy chceli reprezentova\u0165. Maj\u00fa ve\u013ek\u00fd podiel na tom, \u017ee sme tu urobili \u0161tvr\u0165fin\u00e1le. A e\u0161te Filip Hronek je pre m\u0148a d\u00f4le\u017eit\u00e1 osobnos\u0165 \u2013 pom\u00e1hal zapracova\u0165 mlad\u00fdch chalanov, d\u00e1val im rady, odovzd\u00e1val sk\u00fasenosti, upokojoval ich, aby nepanik\u00e1rili. <\/p>\n<p>&#13;<br \/>\n&#13;<\/p>\n<p data-end=\"2262\" data-start=\"1658\">Bol som r\u00e1d, \u017ee pri\u0161li, aj ke\u010f ve\u013emi dobre vedeli, \u017ee t\u00edm nebude mimoriadne siln\u00fd. Roman a Luk\u00e1\u0161 z\u00edskali titul s Pardubicami, mohli zosta\u0165 doma, da\u0165 si drink, pozera\u0165 to v telev\u00edzii a hovori\u0165: Hraj\u00fa to stra\u0161ne. Neurobili to a pri\u0161li sem drie\u0165,&#8220;\u00a0vyzdvihol Rul\u00edk.<\/p>\n<p>&#13;<br \/>\n&#13;<br \/>\nV\u00fdsledky s\u00fa jedna vec, progres mlad\u00fdch hr\u00e1\u010dov druh\u00e1&#13;<br \/>\n&#13;<\/p>\n<p data-end=\"2801\" data-start=\"2264\">Napriek zmienke o sile t\u00edmu, ktor\u00fd mal vo \u0160vaj\u010diarsku k dispoz\u00edcii, v\u0161ak zd\u00f4raznil, \u017ee za mu\u017estvom stoj\u00ed.<\/p>\n<p>&#13;<br \/>\n&#13;<\/p>\n<p data-end=\"2801\" data-start=\"2264\">&#8222;Boli tu mlad\u00ed chalani, ve\u013emi d\u00f4le\u017eit\u00ed pre bud\u00facnos\u0165 \u010desk\u00e9ho hokeja. Nie som tu len pre v\u00fdsledky, hoci ich chcem a hr\u00e1\u010di tie\u017e, ale treba zapracov\u00e1va\u0165 mlad\u00fdch hr\u00e1\u010dov vo chv\u00edli, ke\u010f je na to priestor. A teraz bol rok, ke\u010f ten priestor bol. Otvorila sa pre nich \u0161anca a ja som s nimi maxim\u00e1lne spokojn\u00fd. Nie sme v situ\u00e1cii, ke\u010f m\u00f4\u017eeme zbiera\u0165 \u00faspechy ka\u017ed\u00fd rok. Ke\u010f \u00faspech pr\u00edde, mus\u00edme ho prija\u0165 s maxim\u00e1lnou pokorou,&#8220; povedal Rul\u00edk.<\/p>\n<p>&#13;<br \/>\n&#13;<\/p>\n<p data-end=\"3157\" data-start=\"2803\">Vy\u010d\u00edslil tie\u017e, \u017ee kone\u010dn\u00fa nomin\u00e1ciu na MS trafil pod\u013ea svojho poh\u013eadu na 90 percent. &#8222;Desa\u0165 percent mi tam kol\u00ed\u0161e. O\u010dak\u00e1val som trochu nie\u010do in\u00e9 od t\u00fdch desiatich percent, ale to je hokejov\u00fd \u017eivot. M\u00e1m k t\u00fdm chalanom \u00factu. Aj t\u00ed, ktor\u00fdm sa nedarilo, ur\u010dite nepri\u0161li s t\u00fdm, \u017ee tu nenechaj\u00fa v\u0161etko. Len sa jednoducho nestretli s formou,&#8220;\u00a0kon\u0161tatoval Rul\u00edk.<\/p>\n<p>&#13;<br \/>\n&#13;<br \/>\n&#13;<br \/>\n&#13;<\/p>\n<p data-end=\"3548\" data-start=\"3159\">Asi najviac hokejovej verejnosti ch\u00fdbal v z\u00e1vere\u010dnej nomin\u00e1cii \u00fato\u010dn\u00edk Petr Sikora. Dvadsa\u0165ro\u010dn\u00fd \u00fato\u010dn\u00edk T\u0159inca kr\u00e1tko pred \u0161ampion\u00e1tom podp\u00edsal nov\u00e1\u010dikovsk\u00fd kontrakt v NHL s Washingtonom, no do kone\u010dnej nomin\u00e1cie sa nedostal. &#8222;Na to by som mal odpoveda\u0165, ale nechcem sa do toho zamota\u0165. M\u00e1 to \u0161ir\u0161ie s\u00favislosti. A \u010di by som zobral e\u0161te viac mlad\u00fdch? To si nech\u00e1m pre seba,&#8220;\u00a0uviedol Rul\u00edk.<\/p>\n<p>&#13;<br \/>\n&#13;<br \/>\nTreba sa zamera\u0165 na mla\u010f a bud\u00facnos\u0165&#13;<br \/>\n&#13;<\/p>\n<p data-end=\"3836\" data-start=\"3550\">Za z\u00e1sadn\u00e9 pova\u017euje pokra\u010dovanie \u010do najlep\u0161ej pr\u00e1ce s ml\u00e1de\u017eou. &#8222;Hodnot\u00edme majstrovstv\u00e1, \u010do je v poriadku. Ale ak chceme bud\u00facnos\u0165, mus\u00edme pracova\u0165 na tom, aby sme mali \u010do najviac \u0161pi\u010dkovo pripraven\u00fdch osemn\u00e1s\u0165ro\u010dn\u00fdch chalanov, ktor\u00ed sa potom dostan\u00fa aj na draft NHL,&#8220;\u00a0zd\u00f4raznil tr\u00e9ner.<\/p>\n<p>&#13;<br \/>\n&#13;<\/p>\n<p data-end=\"4176\" data-start=\"3838\">&#8222;Tie momenty tu teraz s\u00fa. Dvadsiatka m\u00e1 medailu, teraz aj osemn\u00e1stka. Len to treba dobre uchopi\u0165 do bud\u00facnosti a vytvori\u0165 podmienky, aby sa hr\u00e1\u010di za\u010dali spr\u00e1vne vychov\u00e1va\u0165. Ke\u010f sa potom preklenie ur\u010dit\u00e9 obdobie, bude to op\u00e4\u0165 dobr\u00e9, n\u00e1rodn\u00e9 t\u00edmy bud\u00fa siln\u00e9 a bud\u00fa nosi\u0165 medaily do \u010ceskej republiky, ktor\u00e1 si to \u017eel\u00e1,&#8220;\u00a0je presved\u010den\u00fd Rul\u00edk.<\/p>\n<p>&#13;<br \/>\n&#13;<\/p>\n<p data-end=\"4597\" data-is-last-node=\"\" data-is-only-node=\"\" data-start=\"4178\">S\u00e1m k tomu chce prispie\u0165. Napriek odchodu od reprezent\u00e1cie, z ktorej smeruje na strieda\u010dku extraligov\u00e9ho Kladna, bude Rul\u00edk s hokejov\u00fdm zv\u00e4zom \u010falej spolupracova\u0165 a m\u00e1 p\u00f4sobi\u0165 v \u0161portovom \u00faseku.<\/p>\n<p>&#13;<br \/>\n&#13;<\/p>\n<p data-end=\"4597\" data-is-last-node=\"\" data-is-only-node=\"\" data-start=\"4178\">&#8222;Prezident (Alois Hadamczik) mi to pon\u00fakol a ja som s\u00fahlasil. Ak m\u00f4\u017eem a je o m\u0148a z\u00e1ujem, maxim\u00e1lne by som chcel \u010desk\u00e9mu hokeju pom\u00f4c\u0165, aby sa ur\u010dit\u00e9 veci zmenili k lep\u0161iemu a aby to bolo do bud\u00facnosti dobr\u00e9,&#8220;\u00a0povedal Rul\u00edk.<\/p>\n<p>&#13;<\/p>\n<p>\t\t\tAutor: \u00a9 Zoznam\/\t\t\tZdroj: \u010cTK\t<\/p>\n","protected":false},"excerpt":{"rendered":"Na sn\u00edmke strieda\u010dka \u010deskej reprezent\u00e1cie s tr\u00e9nerom Radimom Rul\u00edkom (vpravo) Zdroj: Profimedia FRIBOURG &#8211; Tr\u00e9ner \u010deskej hokejovej reprezent\u00e1cie&hellip;\n","protected":false},"author":2,"featured_media":84051,"comment_status":"","ping_status":"","sticky":false,"template":"","format":"standard","meta":{"footnotes":"","_share_on_mastodon":"0"},"categories":[13],"tags":[825,30563,5929,8437,20749,43,40,39,42,41,69,68],"class_list":["post-84050","post","type-post","status-publish","format-standard","has-post-thumbnail","category-sport","tag-ceska-hokejova-reprezentacia","tag-lukas-sedlak","tag-ms-v-hokeji-2026","tag-radim-rulik","tag-roman-cervenka","tag-sk","tag-slovak","tag-slovakia","tag-slovencina","tag-slovensko","tag-sport","tag-sports"],"share_on_mastodon":{"url":"https:\/\/pubeurope.com\/@sk\/116662740443744367","error":""},"_links":{"self":[{"href":"https:\/\/www.europesays.com\/sk\/wp-json\/wp\/v2\/posts\/84050","targetHints":{"allow":["GET"]}}],"collection":[{"href":"https:\/\/www.europesays.com\/sk\/wp-json\/wp\/v2\/posts"}],"about":[{"href":"https:\/\/www.europesays.com\/sk\/wp-json\/wp\/v2\/types\/post"}],"author":[{"embeddable":true,"href":"https:\/\/www.europesays.com\/sk\/wp-json\/wp\/v2\/users\/2"}],"replies":[{"embeddable":true,"href":"https:\/\/www.europesays.com\/sk\/wp-json\/wp\/v2\/comments?post=84050"}],"version-history":[{"count":0,"href":"https:\/\/www.europesays.com\/sk\/wp-json\/wp\/v2\/posts\/84050\/revisions"}],"wp:featuredmedia":[{"embeddable":true,"href":"https:\/\/www.europesays.com\/sk\/wp-json\/wp\/v2\/media\/84051"}],"wp:attachment":[{"href":"https:\/\/www.europesays.com\/sk\/wp-json\/wp\/v2\/media?parent=84050"}],"wp:term":[{"taxonomy":"category","embeddable":true,"href":"https:\/\/www.europesays.com\/sk\/wp-json\/wp\/v2\/categories?post=84050"},{"taxonomy":"post_tag","embeddable":true,"href":"https:\/\/www.europesays.com\/sk\/wp-json\/wp\/v2\/tags?post=84050"}],"curies":[{"name":"wp","href":"https:\/\/api.w.org\/{rel}","templated":true}]}}