{"id":85401,"date":"2026-06-01T05:03:11","date_gmt":"2026-06-01T05:03:11","guid":{"rendered":"https:\/\/www.europesays.com\/sk\/85401\/"},"modified":"2026-06-01T05:03:11","modified_gmt":"2026-06-01T05:03:11","slug":"slovaci-padaju-v-rebricku-slobody-a-v-dalsom-stagnuju-mame-zarobene-na-problem","status":"publish","type":"post","link":"https:\/\/www.europesays.com\/sk\/85401\/","title":{"rendered":"Slov\u00e1ci padaj\u00fa v rebr\u00ed\u010dku slobody a v \u010fal\u0161om stagnuj\u00fa, m\u00e1me zaroben\u00e9 na probl\u00e9m"},"content":{"rendered":"<p>Slovensko kleslo v rebr\u00ed\u010dku merania slobody a stagnuje v pr\u00edpade prosperity.\t\t\t\t\t\t(Zdroj: freedom-and-prosperity-indexes.atlanticcouncil.org, gettyimages.com)\t\t\t\t\t<\/p>\n<p>BRATISLAVA\/WASHINGTON &#8211; Slovensko s\u00edce st\u00e1le patr\u00ed medzi krajiny s vysokou mierou slobody, no trend posledn\u00fdch rokov je pod\u013ea expertov alarmuj\u00faci. Vypl\u00fdva to z najnov\u0161ieho medzin\u00e1rodn\u00e9ho merania, kde odborn\u00edci analyzovali stav politick\u00fdch pr\u00e1v, pr\u00e1vneho \u0161t\u00e1tu a ekonomickej slobody vo svete. Slovensko sa v rebr\u00ed\u010dku merania tejto slobody zo v\u0161etk\u00fdch 164 kraj\u00edn prepadlo a \u010fal\u0161\u00ed graf zas ukazuje stagn\u00e1ciu.<\/p>\n<p>Meranie si zobral na staros\u0165 americk\u00fd\u00a0think tank <a href=\"https:\/\/www.atlanticcouncil.org\/programs\/freedom-and-prosperity-center\/2026-atlas-freedom-and-prosperity-around-the-world\/\" target=\"_blank\" rel=\"nofollow noopener\">Atlantickej rady<\/a> (Atlantic Council of United States). Autori \u0161t\u00fadie upozor\u0148uj\u00fa, \u017ee glob\u00e1lne doch\u00e1dza k oslabovaniu politick\u00fdch slob\u00f4d, zhor\u0161ovaniu fungovania pr\u00e1vneho \u0161t\u00e1tu a k rast\u00facim hrozb\u00e1m vo\u010di ob\u010dianskym pr\u00e1vam.<\/p>\n<p>Tento trend sa pod\u013ea nich prejavuje aj v krajin\u00e1ch Eur\u00f3pskej \u00fanie vr\u00e1tane Slovenska. \u201ePolitick\u00e1 sloboda je celosvetovo na \u00fastupe u\u017e viac ne\u017e desa\u0165 rokov, \u010do predstavuje v\u00e1\u017ene riziko pre ekonomick\u00fd rast a prosperitu v bud\u00facnosti,\u201c uv\u00e1dza spr\u00e1va.<\/p>\n<p>Prosperita rastie<\/p>\n<p>V prvej merate\u013enej veli\u010dine Slovensko zaznamen\u00e1va stabilitu. Ide o index prosperity, ktor\u00e1 zost\u00e1va prakticky od \u010dias covidu na stabilnej hodnote a postavila n\u00e1s na 25. miesto z celkov\u00fdch 164.<\/p>\n<p>\t<a href=\"https:\/\/www.topky.sk\/gl\/9574819\/6501063\/Slovaci-sa-v-REBRICKU-slobody-prepadli--Demokracia-slabne--varuju-experti--vazne-krivame-v-pripade-pravneho-statu-\" rel=\"nofollow noopener\" target=\"_blank\"><br \/>\n\t\t<img decoding=\"async\" alt=\"Slov\u00e1ci sa v REBR\u00cd\u010cKU\" aria-describedby=\"img-res-6501063\" class=\"\" id=\"6501063\" loading=\"lazy\" onerror=\"imgArticleLoadErr(this)\" src=\"https:\/\/www.europesays.com\/sk\/wp-content\/uploads\/2026\/06\/graf-krivka.jpg\" style=\"aspect-ratio:1.251\" title=\"Slov\u00e1ci sa v REBR\u00cd\u010cKU\"\/>\t\t\t<\/p>\n<p>\n\t\t\t\tZobrazi\u0165 gal\u00e9riu (4)\t\t\t<\/p>\n<p>\t<\/a><\/p>\n<p>\t\u00a0(Zdroj: freedom-and-prosperity-indexes.atlanticcouncil.org)<\/p>\n<p>D\u00e1 sa poveda\u0165, \u017ee mierny n\u00e1rast alebo stabilitu zaznamen\u00e1vame vo v\u0161etk\u00fdch meran\u00fdch veli\u010din\u00e1ch, pri\u010dom zlom je v pr\u00edpade problematiky men\u0161\u00edn. V\u00fdrazn\u00fd v\u00fdkyv nastal aj pri zdravotn\u00edctve.<\/p>\n<p>Cite\u013en\u00fd pokles v pr\u00edpade slobody<\/p>\n<p>Slovensko sa ale na druhej strane v\u00fdrazne prepadlo vo v\u0161etk\u00fdch aspektoch merate\u013en\u00e9ho indexu slobody. Najcite\u013enej\u0161\u00ed pokles je v politickom subindexe, ale tie\u017e v z\u00e1konnom subindexe. Merali sa tak\u00e9 hodnoty, ak\u00fdmi s\u00fa slobody ob\u010danov, politick\u00e9 pr\u00e1va \u010di legislat\u00edvny proces. Pri z\u00e1konnom subindexe sa merala miera byrokracie, bezpe\u010dnosti, sofistikovanos\u0165 predkladan\u00fdch z\u00e1konov \u010di s\u00fadna nez\u00e1vislos\u0165 a efekt\u00edvnos\u0165. Vo viacer\u00fdch spom\u00ednan\u00fdch hodnot\u00e1ch sme, \u017eia\u013e, klesli.<\/p>\n<p>\t<a href=\"https:\/\/www.topky.sk\/gl\/9574819\/6501061\/Slovaci-sa-v-REBRICKU-slobody-prepadli--Demokracia-slabne--varuju-experti--vazne-krivame-v-pripade-pravneho-statu-\" rel=\"nofollow noopener\" target=\"_blank\"><br \/>\n\t\t<img decoding=\"async\" alt=\"Slov\u00e1ci sa v REBR\u00cd\u010cKU\" aria-describedby=\"img-res-6501061\" class=\"\" id=\"6501061\" loading=\"lazy\" onerror=\"imgArticleLoadErr(this)\" src=\"https:\/\/www.europesays.com\/sk\/wp-content\/uploads\/2026\/06\/1780290190_581_graf-krivka.jpg\" style=\"aspect-ratio:0.784\" title=\"Slov\u00e1ci sa v REBR\u00cd\u010cKU\"\/>\t\t\t<\/p>\n<p>\n\t\t\t\tZobrazi\u0165 gal\u00e9riu (4)\t\t\t<\/p>\n<p>\t<\/a><\/p>\n<p>\t\u00a0(Zdroj: freedom-and-prosperity-indexes.atlanticcouncil.org)<\/p>\n<p>Slovensko si berie 40. a 25. miesto v rebr\u00ed\u010dkoch<\/p>\n<p>Slovensko sa v rebr\u00ed\u010dku merania indexov slobody ocitlo na 40. a v pr\u00edpade indextu prosperity na 25. mieste. Celkovo sme pred\u00a0Chorv\u00e1tskom\u00a0a za Seychelmi\u00a0s Izraelom. Len na porovnanie, na \u010dele je D\u00e1nsko a za n\u00edm Luxembursko, \u010cesko je na 16. mieste, Po\u013esko na 34.,\u00a0Rak\u00fasko na 17. hne\u010f za n\u00edm a Ma\u010farsko na 56. mieste.<\/p>\n<p>\t<a href=\"https:\/\/www.topky.sk\/gl\/9574819\/6501059\/Slovaci-sa-v-REBRICKU-slobody-prepadli--Demokracia-slabne--varuju-experti--vazne-krivame-v-pripade-pravneho-statu-\" rel=\"nofollow noopener\" target=\"_blank\"><br \/>\n\t\t<img decoding=\"async\" alt=\"Slov\u00e1ci sa v REBR\u00cd\u010cKU\" aria-describedby=\"img-res-6501059\" class=\"\" id=\"6501059\" loading=\"lazy\" onerror=\"imgArticleLoadErr(this)\" src=\"https:\/\/www.europesays.com\/sk\/wp-content\/uploads\/2026\/06\/tabulka.jpg\" style=\"aspect-ratio:3.429\" title=\"Slov\u00e1ci sa v REBR\u00cd\u010cKU\"\/>\t\t\t<\/p>\n<p>\n\t\t\t\tZobrazi\u0165 gal\u00e9riu (4)\t\t\t<\/p>\n<p>\t<\/a><\/p>\n<p>\t\u00a0(Zdroj: freedom-and-prosperity-indexes.atlanticcouncil.org)<\/p>\n<p>Slovensko tak s\u00edce na\u010falej zost\u00e1va v kateg\u00f3rii &#8222;High Freedom&#8220; (kraj\u00edn s vysokou mierou slobody, pozn. red.)\u00a0 no v r\u00e1mci Eur\u00f3py patr\u00ed sk\u00f4r do slab\u0161ieho priemeru. Predbehli n\u00e1s \u010cesko, Est\u00f3nsko, Slovinsko \u010di Po\u013esko.<\/p>\n<p>Rie\u0161enie pritom\u00a0nie je \u017eiadna at\u00f3mov\u00e1 fyzika<\/p>\n<p>V\u00fdskumn\u00edci z Atlantic Council pritom tvrdia, \u017ee nemus\u00edme znova &#8222;vynach\u00e1dza\u0165 koleso&#8220;. \u0160t\u00e1ty pod\u013ea nich potrebuj\u00fa reformy posil\u0148uj\u00face vl\u00e1du pr\u00e1va, transparentnos\u0165 a zodpovedn\u00e9 riadenie krajiny.\u00a0&#8222;Spravodliv\u00e9 in\u0161tit\u00facie a individu\u00e1lne slobody zost\u00e1vaj\u00fa najsilnej\u0161\u00edm z\u00e1kladom prosperity,&#8220; uv\u00e1dza \u0161t\u00fadia.<\/p>\n","protected":false},"excerpt":{"rendered":"Slovensko kleslo v rebr\u00ed\u010dku merania slobody a stagnuje v pr\u00edpade prosperity. (Zdroj: freedom-and-prosperity-indexes.atlanticcouncil.org, gettyimages.com) BRATISLAVA\/WASHINGTON &#8211; Slovensko s\u00edce&hellip;\n","protected":false},"author":2,"featured_media":85402,"comment_status":"","ping_status":"","sticky":false,"template":"","format":"standard","meta":{"footnotes":"","_share_on_mastodon":"0"},"categories":[8],"tags":[6213,33,7915,30952,1828,43,6262,40,42,41,36,50,49,48],"class_list":["post-85401","post","type-post","status-publish","format-standard","has-post-thumbnail","category-svet","tag-krajiny","tag-news","tag-porovnanie","tag-prosperita","tag-rebricek","tag-sk","tag-sloboda","tag-slovak","tag-slovencina","tag-slovensko","tag-spravy","tag-svet","tag-world","tag-world-news"],"share_on_mastodon":{"url":"https:\/\/pubeurope.com\/@sk\/116673105488153483","error":""},"_links":{"self":[{"href":"https:\/\/www.europesays.com\/sk\/wp-json\/wp\/v2\/posts\/85401","targetHints":{"allow":["GET"]}}],"collection":[{"href":"https:\/\/www.europesays.com\/sk\/wp-json\/wp\/v2\/posts"}],"about":[{"href":"https:\/\/www.europesays.com\/sk\/wp-json\/wp\/v2\/types\/post"}],"author":[{"embeddable":true,"href":"https:\/\/www.europesays.com\/sk\/wp-json\/wp\/v2\/users\/2"}],"replies":[{"embeddable":true,"href":"https:\/\/www.europesays.com\/sk\/wp-json\/wp\/v2\/comments?post=85401"}],"version-history":[{"count":0,"href":"https:\/\/www.europesays.com\/sk\/wp-json\/wp\/v2\/posts\/85401\/revisions"}],"wp:featuredmedia":[{"embeddable":true,"href":"https:\/\/www.europesays.com\/sk\/wp-json\/wp\/v2\/media\/85402"}],"wp:attachment":[{"href":"https:\/\/www.europesays.com\/sk\/wp-json\/wp\/v2\/media?parent=85401"}],"wp:term":[{"taxonomy":"category","embeddable":true,"href":"https:\/\/www.europesays.com\/sk\/wp-json\/wp\/v2\/categories?post=85401"},{"taxonomy":"post_tag","embeddable":true,"href":"https:\/\/www.europesays.com\/sk\/wp-json\/wp\/v2\/tags?post=85401"}],"curies":[{"name":"wp","href":"https:\/\/api.w.org\/{rel}","templated":true}]}}