{"id":87567,"date":"2026-06-03T08:46:09","date_gmt":"2026-06-03T08:46:09","guid":{"rendered":"https:\/\/www.europesays.com\/sk\/87567\/"},"modified":"2026-06-03T08:46:09","modified_gmt":"2026-06-03T08:46:09","slug":"preslavila-sa-filmami-pre-dospelych-potom-zaziarila-v-euforii-teraz-dostava-hlavne-ulohy-chloe-cherry-si-zahrala-v-drsnom-trileri-po-boku-belly-thorne-na-cervenom-koberci-koktail","status":"publish","type":"post","link":"https:\/\/www.europesays.com\/sk\/87567\/","title":{"rendered":"Presl\u00e1vila sa filmami pre dospel\u00fdch, potom za\u017eiarila v Euf\u00f3rii, teraz dost\u00e1va hlavn\u00e9 \u00falohy. Chloe Cherry si zahrala v drsnom trileri po boku Belly Thorne &#8211; Na \u010dervenom koberci &#8211; Koktail"},"content":{"rendered":"<p itemprop=\"description\">Len 28-ro\u010dn\u00e1 blond\u00ednka z Pennsylv\u00e1nie chce v\u0161etk\u00fdm dok\u00e1za\u0165, \u017ee m\u00e1 na to by\u0165 seri\u00f3znou a uzn\u00e1vanou here\u010dkou. <\/p>\n<p>\t\t\t\t<img decoding=\"async\" class=\"article-detail-image\" src=\"https:\/\/www.europesays.com\/sk\/wp-content\/uploads\/2026\/06\/bella-thorne-a-chloe-cherry-nestandard1.jpg\" alt=\"Bella Thorne a Chloe Cherry.\"\/><br \/>\n\t\t\t\t\t\t\t\t\tFoto: SITA\/AP, Richard Shotwell<\/p>\n<p>                        Bella Thorne a Chloe Cherry.<\/p>\n<p>Chloe Cherry \u017eiarila na \u010dervenom koberci v\u00a0Los Angeles po\u010das \u0161peci\u00e1lnej projekcie filmu Find Your Friends, ktor\u00fd bude ma\u0165 premi\u00e9ru v\u00a0piatok 12.\u00a0j\u00fana <a target=\"_blank\" href=\"https:\/\/www.imdb.com\/news\/ni65785823\/\" rel=\"nofollow noopener\">na streamovacej slu\u017ebe Shudder<\/a>\u00a0\u2013 je zameran\u00e1 v\u00fdlu\u010dne na horory, trilery a mysteri\u00f3zne filmy a seri\u00e1ly.<\/p>\n<p>V\u00a0nap\u00ednavom a drsnom trileri si zahrala aj Bella Thorne. T\u00e1 si v\u00a0poslednom \u010dase nezar\u00e1ba len herectvom. Patr\u00ed medzi najzn\u00e1mej\u0161ie modelky na popul\u00e1rnej platforme pre dospel\u00fdch\u00a0\u2013 OnlyFans.<\/p>\n<p><a target=\"_blank\" href=\"https:\/\/www.latimes.com\/entertainment-arts\/movies\/story\/2020-08-25\/bella-thorne-sean-baker-onlyfans-movie\" rel=\"nofollow noopener\">Ako p\u00ed\u0161e Los Angeles Times<\/a>, here\u010dka si za menej ako t\u00fd\u017ede\u0148 od zalo\u017eenia \u00fa\u010dtu zarobila v\u010faka zvedav\u00fdm fan\u00fa\u0161ikom 2\u00a0mili\u00f3ny dol\u00e1rov.<\/p>\n<p>\t\t\t \t\t\t\t\t\t\t\t<img decoding=\"async\" class=\"lazy article-detail-image\" alt=\"Bella Thorne vie, ako p\u00f3zova\u0165 pred fotografmi.\" src=\"https:\/\/www.europesays.com\/sk\/wp-content\/uploads\/2026\/06\/bella-thorne_02-nestandard1.jpg\"\/> \t\t\t\t\t\t\t\t\t\t\t \t\t\t\t\t\t\tFoto: SITA\/AP, Richard Shotwell \t\t\t\t\t\t\t\t<\/p>\n<p>\t\t\t\t \t\t\t\t\tBella Thorne \t\t\t\t \t\t\t\t\t\t\t\t\tBella Thorne vie, ako p\u00f3zova\u0165 pred fotografmi. \t\t\t\t\t\t<\/p>\n<p>Jej kolegy\u0148a Chloe \u0161la trochu opa\u010dnou cestou. Najsk\u00f4r sa presl\u00e1vila ako here\u010dka vo filmoch pre dospel\u00fdch, no a\u017e potom, ako ju re\u017eis\u00e9r Sam Levinson obsadil do popul\u00e1rneho seri\u00e1lu Euf\u00f3ria (zahrala si postavu Faye), zistila, \u010do to je naozajstn\u00e1\u00a0sl\u00e1va.<\/p>\n<p>S\u00a0to\u010den\u00edm ml\u00e1de\u017ei nepr\u00edstupn\u00fdch filmov preto napokon skon\u010dila. Vraj si za de\u0148 v\u00a0telev\u00edznej brand\u017ei dok\u00e1zala zarobi\u0165 <a target=\"_blank\" href=\"https:\/\/nypost.com\/2023\/01\/10\/chloe-cherry-reveals-why-she-left-porn-industry-after-euphoria-success\/\" rel=\"nofollow noopener\">rovnak\u00fa sumu<\/a> ako za jeden rok nakr\u00facania erotick\u00fdch filmov. Dnes chce v\u0161etk\u00fdm dok\u00e1za\u0165, \u017ee vie by\u0165 seri\u00f3znou a uzn\u00e1vanou here\u010dkou. Dost\u00e1va u\u017e cenn\u00e9 \u00falohy a zahrala si dokonca hlavn\u00fa postavu v\u00a0horore Blood Barn. Teraz dostala op\u00e4\u0165 ve\u013ek\u00fd priestor v\u00a0re\u017eis\u00e9rskom debute here\u010dky Izabely Pakzad s\u00a0n\u00e1zvom Find Your Friends.<\/p>\n<p>\t\t<a href=\"https:\/\/koktail.pravda.sk\/fotogaleria\/88711-premiera-filmu-find-your-friends-v-los-angeles\/#1\" rel=\"nofollow noopener\" target=\"_blank\"><img decoding=\"async\" class=\"lazy\" alt=\"Bella Thorne si \u00fa\u010das\u0165 na \u010dervenom koberci...\" src=\"https:\/\/www.europesays.com\/sk\/wp-content\/uploads\/2026\/06\/bella-thorne-strednaW.jpg\"\/><\/a><\/p>\n<p>\t\t<a href=\"https:\/\/koktail.pravda.sk\/fotogaleria\/88711-premiera-filmu-find-your-friends-v-los-angeles\/#2\" rel=\"nofollow noopener\" target=\"_blank\"><img decoding=\"async\" class=\"lazy\" alt=\"Americk\u00e1 here\u010dka Bella Thorne.\" src=\"https:\/\/www.europesays.com\/sk\/wp-content\/uploads\/2026\/06\/americka-herecka-bella-thorne-malaW.jpg\"\/><\/a><\/p>\n<p>V\u00fdlet, ktor\u00fd sa skomplikuje<\/p>\n<p>A\u00a0o\u00a0\u010dom tajomn\u00fd triler je? Partia kamar\u00e1tok sa vyberie nav\u0161t\u00edvi\u0165 N\u00e1rodn\u00fd park Joshua Tree v\u00a0Kalifornii. Ich v\u00fdlet sa v\u0161ak skomplikuje, ke\u010f narazia na nepriate\u013esk\u00fdch miestnych obyvate\u013eov.<\/p>\n<p><a target=\"_blank\" href=\"https:\/\/www.imdb.com\/news\/ni65785823\/\" rel=\"nofollow noopener\">Film mal svetov\u00fa premi\u00e9ru na filmovom festivale Fantasia<\/a> v\u00a0kanadskom Montreale a bol tie\u017e premietan\u00fd na Medzin\u00e1rodnom filmovom festivale v\u00a0Toronte.<\/p>\n<p>Americk\u00fa premi\u00e9ru mal na Fantastic Feste v\u00a0Austine, ktor\u00fd je zameran\u00fd na \u017e\u00e1nre ako fantasy, horor a sci-fi. Re\u017eis\u00e9rka nov\u00e9ho trileru Izabel Pakzad sa presl\u00e1vila ako here\u010dka. Objavila sa v\u00a0seri\u00e1li The Deuce \u010di v\u00a0komiksovke Fantastick\u00e1 premena Harley\u00a0Quinn.<\/p>\n<p>\t\t\t \t\t\t\t\t\t\t\t<img decoding=\"async\" class=\"lazy article-detail-image\" alt=\"Here\u010dka a re\u017eis\u00e9rka Izabel Pakzad.\" src=\"https:\/\/www.europesays.com\/sk\/wp-content\/uploads\/2026\/06\/herecka-a-reziserka-izabel-pakzad-nestandard1.jpg\"\/> \t\t\t\t\t\t\t\t\t\t\t \t\t\t\t\t\t\tFoto: SITA\/AP, Richard Shotwell \t\t\t\t\t\t\t\t<\/p>\n<p>\t\t\t\t \t\t\t\t\there\u010dka a re\u017eis\u00e9rka Izabel Pakzad \t\t\t\t \t\t\t\t\t\t\t\t\tHere\u010dka a re\u017eis\u00e9rka Izabel Pakzad. \t\t\t\t\t\t<\/p>\n<p>\t<a class=\"promo-clanok\" href=\"https:\/\/koktail.pravda.sk\/sexi-soubiznis\/clanok\/812851-ktora-je-krajsia-veronika-zilkova-ukazala-postavu-v-plavkach-s-dcerou-agatou-sa-schladila-v-bazene\/\" rel=\"nofollow noopener\" target=\"_blank\"> \t\t\t\t\t<img decoding=\"async\" src=\"https:\/\/www.europesays.com\/sk\/wp-content\/uploads\/2026\/06\/agata-hanychova-a-veronika-zilkova-stvorec.jpg\" class=\"promo-clanok-image\" alt=\"Ag\u00e1ta Hanychov\u00e1 a Veronika \u017dilkov\u00e1\"\/> \t\t\t \t\t\t\t \t\t\t\t\t\t\t\t\t\t\t\u010c\u00edtajte viac \t\t\t\t\t\t\t\t\t \t\t\t\t \t\t\t\t\tKtor\u00e1 je kraj\u0161ia? Veronika \u017dilkov\u00e1 uk\u00e1zala postavu v plavk\u00e1ch. S dc\u00e9rou Ag\u00e1tou sa schladila v baz\u00e9ne \t\t\t\t \t\t\t \t\t\t<\/a><\/p>\n","protected":false},"excerpt":{"rendered":"Len 28-ro\u010dn\u00e1 blond\u00ednka z Pennsylv\u00e1nie chce v\u0161etk\u00fdm dok\u00e1za\u0165, \u017ee m\u00e1 na to by\u0165 seri\u00f3znou a uzn\u00e1vanou here\u010dkou. Foto:&hellip;\n","protected":false},"author":2,"featured_media":87568,"comment_status":"","ping_status":"","sticky":false,"template":"","format":"standard","meta":{"footnotes":"","_share_on_mastodon":"0"},"categories":[16],"tags":[18845,31497,70,17018,17006,17020,76,73,31495,31496,207,9656,314,31498,9086,72,12222,26897,43,40,39,42,41,71],"class_list":["post-87567","post","type-post","status-publish","format-standard","has-post-thumbnail","category-filmy","tag-bella-thorne","tag-chloe-cherry","tag-entertainment","tag-euforia","tag-euphoria","tag-euphoria-3","tag-film","tag-filmy","tag-filmy-pre-dospelych","tag-find-your-friends","tag-herecka","tag-herecky","tag-hviezda","tag-izabel-pakzad","tag-los-angeles","tag-movie","tag-onlyfans","tag-premiera-filmu","tag-sk","tag-slovak","tag-slovakia","tag-slovencina","tag-slovensko","tag-zabava"],"share_on_mastodon":{"url":"https:\/\/pubeurope.com\/@sk\/116685306870656086","error":""},"_links":{"self":[{"href":"https:\/\/www.europesays.com\/sk\/wp-json\/wp\/v2\/posts\/87567","targetHints":{"allow":["GET"]}}],"collection":[{"href":"https:\/\/www.europesays.com\/sk\/wp-json\/wp\/v2\/posts"}],"about":[{"href":"https:\/\/www.europesays.com\/sk\/wp-json\/wp\/v2\/types\/post"}],"author":[{"embeddable":true,"href":"https:\/\/www.europesays.com\/sk\/wp-json\/wp\/v2\/users\/2"}],"replies":[{"embeddable":true,"href":"https:\/\/www.europesays.com\/sk\/wp-json\/wp\/v2\/comments?post=87567"}],"version-history":[{"count":0,"href":"https:\/\/www.europesays.com\/sk\/wp-json\/wp\/v2\/posts\/87567\/revisions"}],"wp:featuredmedia":[{"embeddable":true,"href":"https:\/\/www.europesays.com\/sk\/wp-json\/wp\/v2\/media\/87568"}],"wp:attachment":[{"href":"https:\/\/www.europesays.com\/sk\/wp-json\/wp\/v2\/media?parent=87567"}],"wp:term":[{"taxonomy":"category","embeddable":true,"href":"https:\/\/www.europesays.com\/sk\/wp-json\/wp\/v2\/categories?post=87567"},{"taxonomy":"post_tag","embeddable":true,"href":"https:\/\/www.europesays.com\/sk\/wp-json\/wp\/v2\/tags?post=87567"}],"curies":[{"name":"wp","href":"https:\/\/api.w.org\/{rel}","templated":true}]}}