{"id":87668,"date":"2026-06-03T10:53:10","date_gmt":"2026-06-03T10:53:10","guid":{"rendered":"https:\/\/www.europesays.com\/sk\/87668\/"},"modified":"2026-06-03T10:53:10","modified_gmt":"2026-06-03T10:53:10","slug":"morova-o-byvalej-laske-tomasovi-mastalirovi-odkaz-na-ktory-nie-je-pripraveny","status":"publish","type":"post","link":"https:\/\/www.europesays.com\/sk\/87668\/","title":{"rendered":"M\u00f3rov\u00e1 o b\u00fdvalej l\u00e1ske Tom\u00e1\u0161ovi Ma\u0161tal\u00edrovi: Odkaz, na ktor\u00fd nie je pripraven\u00fd"},"content":{"rendered":"<p>BRATISLAVA &#8211; Diana M\u00f3rov\u00e1 prehovorila o svojom kolegovi Tom\u00e1\u0161ovi Ma\u0161tal\u00edrovi tak otvorene, ako m\u00e1lokedy. <\/p>\n<p>Hereck\u00e1 dvojica Diana M\u00f3rov\u00e1 a Tom\u00e1\u0161 Ma\u0161tal\u00edr, ktor\u00e1 v\u00a0minulosti tvorila p\u00e1r aj v\u00a0s\u00fakrom\u00ed, patr\u00ed st\u00e1le medzi najob\u013e\u00fabenej\u0161ie telev\u00edzne p\u00e1ry. Pod\u013ea M\u00f3rovej za ich herecou ch\u00e9miou nestoj\u00ed len hereck\u00fd talent, ale aj b\u00fdval\u00fd vz\u0165ah mimo kamier. \u201eKe\u010f sme spolu \u017eili, boli sme mlad\u00ed, ale je pravda, \u017ee na niektor\u00fdch sc\u00e9nach, ktor\u00e9 v Tom\u00e1\u0161ovi a Diane hr\u00e1me, sa smejeme preto, lebo sme ich spolu za\u017eili,\u201c priznala here\u010dka. \u201eAj preto, \u017ee ho d\u00f4verne pozn\u00e1m, tak sa mi s n\u00edm lep\u0161ie rob\u00ed, \u010dlovek je tak\u00fd uvo\u013enenej\u0161\u00ed,\u201c povedala Morov\u00e1.<\/p>\n<p>Vz\u0165ah im v\u0161ak napokon nevydr\u017eali a ka\u017ed\u00fd i\u0161iel svojou cestou. \u201eKe\u010f sme sa rozi\u0161li, neboli sme smutn\u00ed. A\u00a0pr\u00e1ca n\u00e1s vlastne dala op\u00e4\u0165 dala dokopy,\u201c povedala \u00faprimne. Napriek tomu, \u017ee dnes netvoria p\u00e1r, s\u00fa partnermi na obrazovk\u00e1ch a v pracovnom \u017eivote. \u201eNechod\u00edm s n\u00edm na k\u00e1vy, ale pracujeme spolu, \u010do je e\u0161te lep\u0161ie ako to bolo v s\u00fakrom\u00ed,\u201c dodala so smiechom.\u00a0<\/p>\n<p>Najv\u00e4\u010d\u0161ie pobavenie v\u0161ak vyvolala ot\u00e1zka redaktora, \u010di si ju ten Tom\u00e1\u0161 v seri\u00e1li Tom\u00e1\u0161 a\u00a0Diana nakoniec vezme, lebo vyzer\u00e1, \u017ee sa do svadby nehrnie. \u201eD\u00fafam, \u017ee scen\u00e1risti n\u00e1m v seri\u00e1li nenap\u00ed\u0161u svadbu, lebo aspo\u0148 je ten seri\u00e1l vtipn\u00fd, preto\u017ee on si ma tam evidentne nechce zobra\u0165. A\u00a0ona dok\u00e1\u017ee otvori\u0165 t\u00e9mu svadba aj pri n\u00e1kupe rohl\u00edkov!\u201c zd\u00f4vod\u0148ovala Diana a po\u010d\u00favajte, \u010do napokon so smiechom odk\u00e1zala Ma\u0161tal\u00edrovi&#8230; Cel\u00fd rozhovor a \u010fal\u0161ie emot\u00edvne momenty uvid\u00edte v rel\u00e1cii A SME TU u\u017e 4. j\u00fana o 22.30 na TV JOJ.<\/p>\n<p>Diana M\u00f3rov\u00e1 o b\u00fdvalej l\u00e1ske Tom\u00e1\u0161ovi Ma\u0161tal\u00edrovi: Odkaz, na ktor\u00fd nie je pripraven\u00fd\t\t(Zdroj: TV JOJ)\t<\/p>\n<p><\/p>\n<p>\t\tHlasovanie ukon\u010den\u00e9<\/p>\n<p>\t\t\t\t{{ poll.title }}<\/p>\n<p>\t\t\t\t\t<img :alt=\"pollImageDescription()\" :src=\"https:\/\/www.topky.sk\/cl\/100313\/9407775\/poll.img_url\" class=\"box-quiz-new-image-questionnaire\"\/><\/p>\n<p>{{ poll.image_description }} (Zdroj: {{ poll.image_resource }})<\/p>\n<p>\t\t\t\t\t\t\t\t\t\t\t<img :alt=\"questionImageDescription(question)\" :src=\"https:\/\/www.topky.sk\/cl\/100313\/9407775\/question.img_url\" class=\"box-quiz-new-image-top\"\/><\/p>\n<p>Zdroj: {{ question.image_resource }}<\/p>\n<p>\n\t\t\t\t\t\t\t\t\t\t\t{{ question.text }}\n\t\t\t\t\t\t\t\t\t\t<\/p>\n<p>{{ question.text }}<\/p>\n<p>\t\t\t\t\t\t\t\t\t\t\t\t\t\t<img :alt=\"questionImageDescription(question)\" :src=\"https:\/\/www.topky.sk\/cl\/100313\/9407775\/question.img_url\" class=\"box-quiz-new-image-top\"\/><\/p>\n<p>Zdroj: {{ question.image_resource }}<\/p>\n<p>{{ poll.title }}<\/p>\n<p>{{ question.text }}<\/p>\n<p>\t\t\t\t\t\t\t\t\t\t\t\t\t\t<img :alt=\"questionImageDescription(question)\" :src=\"https:\/\/www.topky.sk\/cl\/100313\/9407775\/question.img_url\" class=\"box-quiz-new-image-top\"\/><\/p>\n<p>Zdroj: {{ question.image_resource }}<\/p>\n<p>{{ poll.rating_worst}}<\/p>\n<p>{{ poll.rating_best}}<\/p>\n<p>{{ poll.rating_best}}<\/p>\n<p>{{ poll.rating_worst}}<\/p>\n<p>\t\t\t\t\t\t\t\t\t\t\t\t\t{{ answer.text }}<\/p>\n<p>\t\t\t\t\t\t\t\t\t\t\t\t\t{{ answer.text }}<\/p>\n<p>\t\t\t\t\t{{ poll.title }}<\/p>\n<p v-if=\"poll.contact_form\">{{ poll.thanks }}<\/p>\n<p>{{ question.text }}<\/p>\n<p>\t\t\t\t\t\t\t\t\t<img :alt=\"questionImageDescription(question)\" :src=\"https:\/\/www.topky.sk\/cl\/100313\/9407775\/question.img_url\" class=\"box-quiz-new-image-top\"\/><\/p>\n<p>Zdroj: {{ question.image_resource }}<\/p>\n<p>Priemern\u00e9 hodnotenie: {{ question.rating }}<\/p>\n<p> Va\u0161e hodnotenie: {{ question.user_rating }}<\/p>\n<p>{{ question.text }}<\/p>\n<p>\t\t\t\t\t\t\t\t\t<img :alt=\"questionImageDescription(question)\" :src=\"https:\/\/www.topky.sk\/cl\/100313\/9407775\/question.img_url\" class=\"box-quiz-new-image-top\"\/><\/p>\n<p>Zdroj: {{ question.image_resource }}<\/p>\n<p>{{ poll.rating_worst}}<\/p>\n<p>{{ poll.rating_best}}<\/p>\n<p>{{ poll.rating_best}}<\/p>\n<p>{{ poll.rating_worst}}<\/p>\n<p>Priemern\u00e9 hodnotenie: {{ question.rating }}<\/p>\n<p> Va\u0161e hodnotenie: {{ question.user_rating }}<\/p>\n<p>Hlasovalo: {{questions[0].votes}}<\/p>\n<p>\t\t\t\t\t\t{{ poll.title }}<\/p>\n<p>\t\t\t\t\t\t\t<img :alt=\"pollImageDescription()\" :src=\"https:\/\/www.topky.sk\/cl\/100313\/9407775\/poll.img_url\" class=\"box-quiz-new-image-questionnaire\"\/><\/p>\n<p>{{ poll.image_description }} (Zdroj: {{ poll.image_resource }})<\/p>\n<p>{{ qIndex+1 }}\/{{ questions.length }}<\/p>\n<p>\t\t\t\t\t\t\t\t\t<img :alt=\"questionImageDescription(question)\" :src=\"https:\/\/www.topky.sk\/cl\/100313\/9407775\/question.img_url\" class=\"box-quiz-new-image-top\"\/><br \/>\n\t\t\t\t\t\t\t\t\t<a class=\"box-quiz-new-magnifier\" href=\"#\" title=\"Zv\u00e4\u010d\u0161i\u0165 obr\u00e1zok\">\u00a0<\/a><\/p>\n<p>Zdroj: {{ question.image_resource }}<\/p>\n<p>{{ question.text }}<\/p>\n<p>M\u00f4\u017eete ozna\u010di\u0165 viacero odpoved\u00ed.<\/p>\n<p class=\"profile-name\">{{ profiles[profileEvalueated.index].name }}<\/p>\n<p v-if=\"poll.show_profiles_percentage\">Zhoda: {{ profileEvalueated.weightPercentage }}%<\/p>\n<p>\t\t\t\t\t\t\t\t\t<img :alt=\"profiles[profileEvalueated.index].image_description\" :src=\"https:\/\/www.topky.sk\/cl\/100313\/9407775\/profiles[profileEvalueated.index].img_url\" class=\"box-quiz-new-image-questionnaire\"\/><\/p>\n<p>{{ profiles[profileEvalueated.index].image_description }} (Zdroj: {{ profiles[profileEvalueated.index].image_resource }})<\/p>\n<p><\/p>\n<p>\t\t\t\t\t\t\t\u00d7<br \/>\n\t\t\t\t\t\t\t<img :alt=\"imageModal.imgDescription\" :src=\"https:\/\/www.topky.sk\/cl\/100313\/9407775\/imageModal.imgUrl\" :style=\"isEmbed ? computeModalImageStyle() : ''\"\/><\/p>\n","protected":false},"excerpt":{"rendered":"BRATISLAVA &#8211; Diana M\u00f3rov\u00e1 prehovorila o svojom kolegovi Tom\u00e1\u0161ovi Ma\u0161tal\u00edrovi tak otvorene, ako m\u00e1lokedy. Hereck\u00e1 dvojica Diana M\u00f3rov\u00e1&hellip;\n","protected":false},"author":2,"featured_media":87669,"comment_status":"","ping_status":"","sticky":false,"template":"","format":"standard","meta":{"footnotes":"","_share_on_mastodon":"0"},"categories":[15],"tags":[10324,14208,70,43,40,39,42,41,3263,71],"class_list":["post-87668","post","type-post","status-publish","format-standard","has-post-thumbnail","category-zabava","tag-a-sme-tu","tag-diana-morova","tag-entertainment","tag-sk","tag-slovak","tag-slovakia","tag-slovencina","tag-slovensko","tag-tv-joj","tag-zabava"],"share_on_mastodon":{"url":"https:\/\/pubeurope.com\/@sk\/116685806588042644","error":""},"_links":{"self":[{"href":"https:\/\/www.europesays.com\/sk\/wp-json\/wp\/v2\/posts\/87668","targetHints":{"allow":["GET"]}}],"collection":[{"href":"https:\/\/www.europesays.com\/sk\/wp-json\/wp\/v2\/posts"}],"about":[{"href":"https:\/\/www.europesays.com\/sk\/wp-json\/wp\/v2\/types\/post"}],"author":[{"embeddable":true,"href":"https:\/\/www.europesays.com\/sk\/wp-json\/wp\/v2\/users\/2"}],"replies":[{"embeddable":true,"href":"https:\/\/www.europesays.com\/sk\/wp-json\/wp\/v2\/comments?post=87668"}],"version-history":[{"count":0,"href":"https:\/\/www.europesays.com\/sk\/wp-json\/wp\/v2\/posts\/87668\/revisions"}],"wp:featuredmedia":[{"embeddable":true,"href":"https:\/\/www.europesays.com\/sk\/wp-json\/wp\/v2\/media\/87669"}],"wp:attachment":[{"href":"https:\/\/www.europesays.com\/sk\/wp-json\/wp\/v2\/media?parent=87668"}],"wp:term":[{"taxonomy":"category","embeddable":true,"href":"https:\/\/www.europesays.com\/sk\/wp-json\/wp\/v2\/categories?post=87668"},{"taxonomy":"post_tag","embeddable":true,"href":"https:\/\/www.europesays.com\/sk\/wp-json\/wp\/v2\/tags?post=87668"}],"curies":[{"name":"wp","href":"https:\/\/api.w.org\/{rel}","templated":true}]}}