{"id":87867,"date":"2026-06-03T14:56:12","date_gmt":"2026-06-03T14:56:12","guid":{"rendered":"https:\/\/www.europesays.com\/sk\/87867\/"},"modified":"2026-06-03T14:56:12","modified_gmt":"2026-06-03T14:56:12","slug":"flaskomat-ako-hygienicka-pasca-v-obchode-pri-nom-objavili-svaba-slova-svps-sr","status":"publish","type":"post","link":"https:\/\/www.europesays.com\/sk\/87867\/","title":{"rendered":"F\u013ea\u0161komat ako hygienick\u00e1 PASCA? V obchode pri \u0148om objavili \u0160V\u00c1BA! Slov\u00e1 \u0160VPS SR"},"content":{"rendered":"<p>\t\t\t\t\t\t(Zdroj: Facebook\/\u0160t\u00e1tna veterin\u00e1rna a potravinov\u00e1 spr\u00e1va SR, Topky\/J\u00e1n Zemiar)\t\t\t\t\t<\/p>\n<p>MICHALOVCE &#8211; Nen\u00e1padn\u00fd n\u00e1lez uhynut\u00e9ho \u0161v\u00e1ba pri f\u013ea\u0161komate v jednej z prev\u00e1dzok v okrese Michalovce spustil kontrolu, ktor\u00e1 odhalila ove\u013ea v\u00e1\u017enej\u0161\u00ed probl\u00e9m. \u0160t\u00e1tna veterin\u00e1rna a potravinov\u00e1 spr\u00e1va SR (\u0160VPS) upozor\u0148uje, \u017ee aj ekologick\u00e9 rie\u0161enia, ako s\u00fa vratn\u00e9 obaly, m\u00f4\u017eu predstavova\u0165 hygienick\u00e9 riziko, ak sa s nimi manipuluje nespr\u00e1vne.<\/p>\n<p>Pod\u013ea Region\u00e1lnej veterin\u00e1rnej a potravinovej spr\u00e1vy (RVPS) Michalovce v\u0161etko za\u010dalo dvoma nez\u00e1visl\u00fdmi podnetmi od z\u00e1kazn\u00edkov a n\u00e1lezom m\u0155tveho \u0161v\u00e1ba v miestnosti s f\u013ea\u0161komatom. Kontrola n\u00e1sledne odhalila probl\u00e9m, ktor\u00fd na prv\u00fd poh\u013ead nebol vidie\u0165.<\/p>\n<p>\u0160v\u00e1by sa dostali do z\u00e1zemia cez vratn\u00e9 obaly<\/p>\n<p>\u0160VPS vysvet\u013euje, \u017ee \u0161v\u00e1by sa do prev\u00e1dzky dostali pr\u00e1ve cez vratn\u00e9 obaly, ktor\u00e9 z\u00e1kazn\u00edci prin\u00e1\u0161aj\u00fa \u010dasto zne\u010disten\u00e9 a ktor\u00e9 sa n\u00e1sledne pren\u00e1\u0161aj\u00fa cez predajn\u00fa plochu do skladov\u00fdch priestorov.<\/p>\n<p>\t<a href=\"https:\/\/www.topky.sk\/gl\/9576447\/6505625\/Flaskomat-ako-hygienicka-PASCA--V-obchode-pri-nom-objavili-SVABA--DESIVE-slova-potravinarov--TOTO-sa-necita-lahko\" rel=\"nofollow noopener\" target=\"_blank\"><br \/>\n\t\t<img decoding=\"async\" alt=\"F\u013ea\u0161komat ako hygienick\u00e1 PASCA?\" aria-describedby=\"img-res-6505625\" class=\"\" id=\"6505625\" loading=\"lazy\" onerror=\"imgArticleLoadErr(this)\" src=\"https:\/\/www.europesays.com\/sk\/wp-content\/uploads\/2026\/06\/prevadzka-svab-flaskomat-vratne-obaly.jpg\" style=\"aspect-ratio:1.328\" title=\"F\u013ea\u0161komat ako hygienick\u00e1 PASCA?\"\/>\t\t\t<\/p>\n<p>\n\t\t\t\tZobrazi\u0165 gal\u00e9riu (3)\t\t\t<\/p>\n<p>\t<\/a><\/p>\n<p>\t\u00a0(Zdroj: Facebook\/\u0160t\u00e1tna veterin\u00e1rna a potravinov\u00e1 spr\u00e1va SR)<\/p>\n<p>\u201eVratn\u00e9 obaly, \u010dasto zne\u010disten\u00e9 a pren\u00e1\u0161an\u00e9 cez predajn\u00fa plochu (kde si z\u00e1kazn\u00edci hygienick\u00fdm sp\u00f4sobom ni\u010d netu\u0161iac vyberaj\u00fa pe\u010divo) do skladov\u00fdch priestorov, vytvorili cestu, ktorou sa \u0161v\u00e1by dostali do z\u00e1zemia prev\u00e1dzky,\u201c uv\u00e1dza \u0160VPS.<\/p>\n<p>Hoci bol f\u013ea\u0161komat umiestnen\u00fd v samostatnej miestnosti, pod\u013ea in\u0161pektorov existovalo prepojenie cez komunika\u010dn\u00e9 dvere, ktor\u00e9 umo\u017enilo \u0161v\u00e1bom pohyb v r\u00e1mci budovy. Po d\u00f4kladnom p\u00e1tran\u00ed in\u0161pektori na\u0161li \u0161v\u00e1ba ukryt\u00e9ho pod soklovou li\u0161tou. Okrem samotn\u00e9ho v\u00fdskytu \u0161v\u00e1ba zistili in\u0161pektori aj \u010fal\u0161ie probl\u00e9my v hygiene predajnej plochy a skladov\u00fdch priestorov.<\/p>\n<p>\t<a href=\"https:\/\/www.topky.sk\/gl\/9576447\/6505623\/Flaskomat-ako-hygienicka-PASCA--V-obchode-pri-nom-objavili-SVABA--DESIVE-slova-potravinarov--TOTO-sa-necita-lahko\" rel=\"nofollow noopener\" target=\"_blank\"><br \/>\n\t\t<img decoding=\"async\" alt=\"F\u013ea\u0161komat ako hygienick\u00e1 PASCA?\" aria-describedby=\"img-res-6505623\" class=\"\" id=\"6505623\" loading=\"lazy\" onerror=\"imgArticleLoadErr(this)\" src=\"https:\/\/www.europesays.com\/sk\/wp-content\/uploads\/2026\/06\/1780498572_223_prevadzka-svab-flaskomat-vratne-obaly.jpg\" style=\"aspect-ratio:1.434\" title=\"F\u013ea\u0161komat ako hygienick\u00e1 PASCA?\"\/>\t\t\t<\/p>\n<p>\n\t\t\t\tZobrazi\u0165 gal\u00e9riu (3)\t\t\t<\/p>\n<p>\t<\/a><\/p>\n<p>\t\u00a0(Zdroj: Facebook\/\u0160t\u00e1tna veterin\u00e1rna a potravinov\u00e1 spr\u00e1va SR)<\/p>\n<p>Pre\u010do je \u0161v\u00e1b tak\u00fd probl\u00e9m?<\/p>\n<p>\u0160VPS SR v tejto s\u00favislosit pripom\u00edna, \u017ee \u0161v\u00e1b nie je len nepr\u00edjemn\u00fd hmyz.\u00a0\u201eAko v\u00fdznamn\u00fd pren\u00e1\u0161a\u010d patog\u00e9nnych mikroorganizmov akt\u00edvnym pohybom m\u00f4\u017ee kontaminova\u0165 slinami, trusom, zvle\u010denou ko\u017eou a m\u0155tvymi jedincami priestory predaja a skladovania potrav\u00edn, najm\u00e4 v bezprostrednej bl\u00edzkosti ovocia, zeleniny a such\u00e9ho tovaru, nebalen\u00e9ho pe\u010diva, \u010do predstavuje re\u00e1lne riziko sekund\u00e1rnej kontamin\u00e1cie potrav\u00edn, \u010d\u00edm sa m\u00f4\u017eu \u0161\u00edri\u0165 v\u00e1\u017ene choroby ako salmonel\u00f3za, stafylokokov\u00e9 infekcie sp\u00f4sobuj\u00face tvorbu p\u013euzgierov a abscesov na ko\u017ei a dyzent\u00e9ria prejavuj\u00faca sa hna\u010dkami,\u201c upozor\u0148uje.<\/p>\n<p>\u0160v\u00e1by m\u00f4\u017eu pren\u00e1\u0161a\u0165 aj vaj\u00ed\u010dka parazitick\u00fdch \u010dervov, ktor\u00e9 m\u00f4\u017eu sp\u00f4sobi\u0165 nevo\u013enos\u0165 a an\u00e9miu. Okrem toho alerg\u00e9ny zo \u0161v\u00e1bov s\u00fa zn\u00e1mym sp\u00fa\u0161\u0165a\u010dom astmy.<\/p>\n<p>Nie v\u017edy ide o \u00famysel, probl\u00e9mom je pre\u0165a\u017een\u00fd person\u00e1l<\/p>\n<p>Odborn\u00edci zd\u00f4raz\u0148uj\u00fa, \u017ee hygienick\u00e9 zlyhania \u010dasto nevznikaj\u00fa preto, \u017ee by prev\u00e1dzky nechceli dodr\u017eiava\u0165 pravidl\u00e1. \u201e\u010casto ide o realitu prev\u00e1dzok \u2013 m\u00e1lo person\u00e1lu, ve\u013ea pr\u00e1ce, \u010dasov\u00fd tlak. Hygiena a poriadok sa potom rie\u0161ia \u201aa\u017e ke\u010f je \u010das\u2018. Len\u017ee pri hygiene plat\u00ed jednoduch\u00e9 pravidlo \u2013 \u010do sa nerie\u0161i hne\u010f, rie\u0161i sa nesk\u00f4r, ale vo v\u00e4\u010d\u0161om rozsahu,\u201c uv\u00e1dza spr\u00e1va.<\/p>\n<p>Dod\u00e1va, \u017ee v tomto pr\u00edpade sa po opakovan\u00fdch dezinsekci\u00e1ch, \u00faprav\u00e1ch procesov a d\u00f4slednom monitoringu podarilo situ\u00e1ciu stabilizova\u0165. Z\u00e1rove\u0148 pripom\u00edna, \u017ee probl\u00e9m nie je v samotnom trieden\u00ed obalov, ale v tom, v akom stave ich z\u00e1kazn\u00edci vracaj\u00fa a ako ich prev\u00e1dzky skladuj\u00fa.\u00a0\u201eHygiena je z\u00e1kladn\u00fd predpoklad bezpe\u010dnosti potrav\u00edn a ochrany zdravia spotrebite\u013ea,\u201c kon\u0161tatuje na z\u00e1ver.<\/p>\n","protected":false},"excerpt":{"rendered":"(Zdroj: Facebook\/\u0160t\u00e1tna veterin\u00e1rna a potravinov\u00e1 spr\u00e1va SR, Topky\/J\u00e1n Zemiar) MICHALOVCE &#8211; Nen\u00e1padn\u00fd n\u00e1lez uhynut\u00e9ho \u0161v\u00e1ba pri f\u013ea\u0161komate v&hellip;\n","protected":false},"author":2,"featured_media":87868,"comment_status":"","ping_status":"","sticky":false,"template":"","format":"standard","meta":{"footnotes":"","_share_on_mastodon":"0"},"categories":[6],"tags":[31565,16621,43,40,44,39,42,45,41,9074,31564],"class_list":["post-87867","post","type-post","status-publish","format-standard","has-post-thumbnail","category-slovensko","tag-flaskomat","tag-hygiena","tag-sk","tag-slovak","tag-slovak-republic","tag-slovakia","tag-slovencina","tag-slovenska-republika","tag-slovensko","tag-statna-veterinarna-a-potravinova-sprava-svps-sr","tag-svab"],"share_on_mastodon":{"url":"https:\/\/pubeurope.com\/@sk\/116686762123284315","error":""},"_links":{"self":[{"href":"https:\/\/www.europesays.com\/sk\/wp-json\/wp\/v2\/posts\/87867","targetHints":{"allow":["GET"]}}],"collection":[{"href":"https:\/\/www.europesays.com\/sk\/wp-json\/wp\/v2\/posts"}],"about":[{"href":"https:\/\/www.europesays.com\/sk\/wp-json\/wp\/v2\/types\/post"}],"author":[{"embeddable":true,"href":"https:\/\/www.europesays.com\/sk\/wp-json\/wp\/v2\/users\/2"}],"replies":[{"embeddable":true,"href":"https:\/\/www.europesays.com\/sk\/wp-json\/wp\/v2\/comments?post=87867"}],"version-history":[{"count":0,"href":"https:\/\/www.europesays.com\/sk\/wp-json\/wp\/v2\/posts\/87867\/revisions"}],"wp:featuredmedia":[{"embeddable":true,"href":"https:\/\/www.europesays.com\/sk\/wp-json\/wp\/v2\/media\/87868"}],"wp:attachment":[{"href":"https:\/\/www.europesays.com\/sk\/wp-json\/wp\/v2\/media?parent=87867"}],"wp:term":[{"taxonomy":"category","embeddable":true,"href":"https:\/\/www.europesays.com\/sk\/wp-json\/wp\/v2\/categories?post=87867"},{"taxonomy":"post_tag","embeddable":true,"href":"https:\/\/www.europesays.com\/sk\/wp-json\/wp\/v2\/tags?post=87867"}],"curies":[{"name":"wp","href":"https:\/\/api.w.org\/{rel}","templated":true}]}}