{"id":88941,"date":"2026-06-04T18:17:15","date_gmt":"2026-06-04T18:17:15","guid":{"rendered":"https:\/\/www.europesays.com\/sk\/88941\/"},"modified":"2026-06-04T18:17:15","modified_gmt":"2026-06-04T18:17:15","slug":"pikantny-rusko-ukrajinsky-suboj-bol-len-slaby-odvar-polske-prekvapenie-je-vo-finale-rg-tenis","status":"publish","type":"post","link":"https:\/\/www.europesays.com\/sk\/88941\/","title":{"rendered":"Pikantn\u00fd rusko-ukrajinsk\u00fd s\u00faboj bol len slab\u00fd odvar. Po\u013esk\u00e9 prekvapenie je vo fin\u00e1le RG &#8211; Tenis"},"content":{"rendered":"<p itemprop=\"description\">Po\u013esk\u00e1 tenistka Maja Chwalinsk\u00e1 triumfovala v druhom \u0161tvrtkovom semifin\u00e1le dvojhry na grandslamovom turnaji Roland Garros v Par\u00ed\u017ei. <\/p>\n<p>\t\t\t\t\t\t\t\t\t\t\t\t\t\t\t\t\tTASR<\/p>\n<p>\t\t\t\t\t\t\t\t04.06.2026 17:05 , aktualizovan\u00e9:\u00a019:50\t\t\t\t\t\t\t<\/p>\n<p>\t\t\t\t<img decoding=\"async\" class=\"article-detail-image\" src=\"https:\/\/www.europesays.com\/sk\/wp-content\/uploads\/2026\/06\/mirra-andrejova-clanokW.jpg\"   alt=\"Mirra Andrejov\u00e1\"\/><br \/>\n\t\t\t\t\t\t\t\t\tFoto: TASR, Mohammed Badra \/ EPA \/ Profimedia<\/p>\n<p>                        Rados\u0165 ruskej tenistky Mirry Andrejovej po postupe do fin\u00e1le Ronald Garros 2026.<\/p>\n<p>Dianu \u0160najderov\u00fa z\u00a0Ruska zdolala 7:6 (4), 6:4 a z\u00a0poz\u00edcie kvalifikantky vyzve vo fin\u00e1le Rusku Mirru Andrejevov\u00fa. Osmi\u010dka turnaja predt\u00fdm v\u00a0prvom semifin\u00e1le zv\u00ed\u0165azila nad Ukrajinkou Martou Kos\u0165ukovou 6:1, 6:3. Pre obe hr\u00e1\u010dky p\u00f4jde o\u00a0prv\u00fa \u00fa\u010das\u0165 vo fin\u00e1le ak\u00e9hoko\u013evek turnaja ve\u013ekej \u0161tvorky.<\/p>\n<p>Chwalinsk\u00e1 napodobnila Britku Emmu Raducanov\u00fa (US Open) a je prvou kvalifikantkou vo fin\u00e1le Grand Slamu od roku 2021.\u00a0V\u00a0Open \u00e9re sa jej to na Roland Garros podarilo ako prvej. Turnaj za\u010dala z\u00a0poz\u00edcie 114.\u00a0hr\u00e1\u010dky svetov\u00e9ho rebr\u00ed\u010dka WTA a u\u017e teraz je v\u00a0predbe\u017enom hodnoten\u00ed na 25.\u00a0prie\u010dke.<\/p>\n<p>Po\u010das deviatich z\u00e1pasov, vr\u00e1tane kvalifik\u00e1cie, si zarobila viac pe\u0148az\u00ed ako v\u00a0celej doteraj\u0161ej kari\u00e9re a na grandslamov\u00fdch turnajoch sa predt\u00fdm dostala najviac do druh\u00e9ho\u00a0kola.<\/p>\n<p>\t<a class=\"promo-clanok\" href=\"https:\/\/sportweb.pravda.sk\/tenis\/clanok\/813393-v-parizi-zatiahli-strechu-a-nastal-obrat-taliansko-bude-mat-finalistu-na-roland-garros\/\" rel=\"nofollow noopener\" target=\"_blank\"> \t\t\t\t\t<img decoding=\"async\" src=\"https:\/\/www.europesays.com\/sk\/wp-content\/uploads\/2026\/06\/flavio-cobolli-stvorec.jpg\" class=\"promo-clanok-image\" alt=\"Flavio Cobolli\"\/> \t\t\t \t\t\t\t \t\t\t\t\t\t\t\t\t\t\t\u010c\u00edtajte viac \t\t\t\t\t\t\t\t\t \t\t\t\t \t\t\t\t\tV Par\u00ed\u017ei zatiahli strechu a nastal obrat. Taliansko bude ma\u0165 finalistu na Roland Garros \t\t\t\t \t\t\t \t\t\t<\/a><\/p>\n<p>\u201eV\u00f4bec netu\u0161\u00edm \u010do sa deje, asi sa mi sn\u00edva. Neviem ani \u010do m\u00e1m poveda\u0165. C\u00edtim sa unavene, na Grand Slame hr\u00e1te proti t\u00fdm najlep\u0161\u00edm a d\u00e1vate do toho v\u0161etko.<\/p>\n<p>Ale nes\u0165a\u017eujem sa. Niekedy je pre m\u0148a n\u00e1ro\u010dn\u00e9 zosta\u0165 pokojn\u00e1, ale pr\u00e1ve to mi d\u00e1va najv\u00e4\u010d\u0161iu \u0161ancu vyhr\u00e1va\u0165. Vo fin\u00e1le d\u00e1m do toho v\u0161etko,\u201c op\u00edsala svoje pocity 24-ro\u010dn\u00e1 Po\u013eka, ktor\u00e1 v\u00a0roku 2021\u00a0na dvan\u00e1s\u0165 mesiacov preru\u0161ila kari\u00e9ru pre boj s\u00a0depresiou.<\/p>\n<p>V\u00a0porad\u00ed druh\u00e9 semifin\u00e1le prinieslo kvalitnej\u0161\u00ed tenis z\u00a0oboch str\u00e1n, a to hne\u010f od za\u010diatku. Po 15\u00a0min\u00fatach bol stav 1:1 a ako prv\u00e1 z\u00edskala podanie svojej s\u00faperky Chwalinsk\u00e1. Hne\u010f v\u00a0\u010fal\u0161ej hre v\u0161ak pri\u0161la o\u00a0to\u00a0svoje.<\/p>\n<p>Po viacer\u00fdch \u010dist\u00fdch hr\u00e1ch v\u00a0podan\u00ed oboch hr\u00e1\u010dok a dlh\u0161\u00edch v\u00fdmen\u00e1ch dospel prv\u00fd set napokon a\u017e do tajbrejku. \u0160najderov\u00e1 si vypracovala vedenie, no Chwalinsk\u00e1 dokonale odol\u00e1vala a napokon \u0161tyrmi bodmi v\u00a0s\u00e9rii ovl\u00e1dla \u00favodn\u00fd\u00a0set.<\/p>\n<p>Po\u013eka mala prv\u00e9 dva setbaly za pribli\u017ene rovnak\u00fd \u010das, ako trval cel\u00fd prv\u00fd semifin\u00e1lov\u00fd z\u00e1pas. V\u00a0druhom sete si Chwalinsk\u00e1 za stavu 1:2 z\u00a0jej poh\u013eadu vy\u017eiadala pomoc doktora, no Po\u013eka napriek tomu nemala v\u00e1\u017enej\u0161ie probl\u00e9my s\u00a0pohybom na kurte a udr\u017eala si podanie.<\/p>\n<p>Hr\u00e1\u010dky n\u00e1sledne pomerne s\u00a0preh\u013eadom nepustili servis a aj \u0160najderov\u00e1 si vy\u017eiadala o\u0161etrovaciu prest\u00e1vku pre boles\u0165 v\u00a0chrbte, v\u00a0momente ke\u010f viedla\u00a04:3.<\/p>\n<p>Rozhoduj\u00faci moment pri\u0161iel za stavu 4:4, ke\u010f Chwalinsk\u00e1 dok\u00e1zala brejkn\u00fa\u0165 svoju s\u00faperku a mala \u0161ancu pod\u00e1va\u0165 na v\u00ed\u0165azstvo. Netradi\u010dn\u00fd s\u00faboj dvoch \u013eav\u00e1\u010dok napokon rozhodla hne\u010f na prv\u00fa pr\u00edle\u017eitos\u0165 a pokra\u010duje v\u00a0senza\u010dn\u00fdch v\u00fdkonoch.<\/p>\n<p>\u017eeny\u00a0\u2013 dvojhra\u00a0\u2013 semifin\u00e1le:<br \/>Maja Chwalinsk\u00e1 (Po\u013e.)\u00a0\u2013 Diana \u0160najderov\u00e1 (Rus.-25) 7:6 (4), 6:4, Mirra Andrejevov\u00e1 (Rus.-8)\u00a0\u2013 Marta Kos\u0165ukov\u00e1 (Ukr.-15) 6:1,\u00a06:3<\/p>\n","protected":false},"excerpt":{"rendered":"Po\u013esk\u00e1 tenistka Maja Chwalinsk\u00e1 triumfovala v druhom \u0161tvrtkovom semifin\u00e1le dvojhry na grandslamovom turnaji Roland Garros v Par\u00ed\u017ei. TASR&hellip;\n","protected":false},"author":2,"featured_media":88942,"comment_status":"","ping_status":"","sticky":false,"template":"","format":"standard","meta":{"footnotes":"","_share_on_mastodon":"0"},"categories":[32],"tags":[34,37,24801,31626,33,29849,28158,31890,43,40,39,42,41,36,6349,38,35],"class_list":["post-88941","post","type-post","status-publish","format-standard","has-post-thumbnail","category-spravy","tag-headlines","tag-hlavne-spravy","tag-marta-kostukova","tag-mirra-andrejevova","tag-news","tag-pikantny","tag-roland-garros-2026","tag-rusko-ukrajinsky","tag-sk","tag-slovak","tag-slovakia","tag-slovencina","tag-slovensko","tag-spravy","tag-suboj","tag-titulky","tag-top-stories"],"share_on_mastodon":{"url":"https:\/\/pubeurope.com\/@sk\/116693214533480580","error":""},"_links":{"self":[{"href":"https:\/\/www.europesays.com\/sk\/wp-json\/wp\/v2\/posts\/88941","targetHints":{"allow":["GET"]}}],"collection":[{"href":"https:\/\/www.europesays.com\/sk\/wp-json\/wp\/v2\/posts"}],"about":[{"href":"https:\/\/www.europesays.com\/sk\/wp-json\/wp\/v2\/types\/post"}],"author":[{"embeddable":true,"href":"https:\/\/www.europesays.com\/sk\/wp-json\/wp\/v2\/users\/2"}],"replies":[{"embeddable":true,"href":"https:\/\/www.europesays.com\/sk\/wp-json\/wp\/v2\/comments?post=88941"}],"version-history":[{"count":0,"href":"https:\/\/www.europesays.com\/sk\/wp-json\/wp\/v2\/posts\/88941\/revisions"}],"wp:featuredmedia":[{"embeddable":true,"href":"https:\/\/www.europesays.com\/sk\/wp-json\/wp\/v2\/media\/88942"}],"wp:attachment":[{"href":"https:\/\/www.europesays.com\/sk\/wp-json\/wp\/v2\/media?parent=88941"}],"wp:term":[{"taxonomy":"category","embeddable":true,"href":"https:\/\/www.europesays.com\/sk\/wp-json\/wp\/v2\/categories?post=88941"},{"taxonomy":"post_tag","embeddable":true,"href":"https:\/\/www.europesays.com\/sk\/wp-json\/wp\/v2\/tags?post=88941"}],"curies":[{"name":"wp","href":"https:\/\/api.w.org\/{rel}","templated":true}]}}