{"id":89197,"date":"2026-06-05T03:37:11","date_gmt":"2026-06-05T03:37:11","guid":{"rendered":"https:\/\/www.europesays.com\/sk\/89197\/"},"modified":"2026-06-05T03:37:11","modified_gmt":"2026-06-05T03:37:11","slug":"europoslanec-doplatil-na-hroznu-hygienu-skoncil-v-rukach-lekarov","status":"publish","type":"post","link":"https:\/\/www.europesays.com\/sk\/89197\/","title":{"rendered":"Europoslanec doplatil na hrozn\u00fa hygienu, skon\u010dil v ruk\u00e1ch lek\u00e1rov"},"content":{"rendered":"<p>\u0160TRASBURG \u2013 Pravideln\u00e9 mesa\u010dn\u00e9 s\u0165ahovanie eur\u00f3pskych el\u00edt z Bruselu do franc\u00fazskeho \u0160trasburgu op\u00e4\u0165 raz narazilo na tvrd\u00fa realitu. Jeden z europoslancov toti\u017e po\u010das plen\u00e1rneho zasadnutia za\u017eil v ubytovacom zariaden\u00ed tak\u00fa \u010dist\u00fa katastrofu, \u017ee musel okam\u017eite vyh\u013eada\u0165 pomoc lek\u00e1rov. Pr\u00edpad odpudiv\u00fdch hygienick\u00fdch podmienok, ktor\u00fd prenikol na verejnos\u0165, spustil vlnu kritiky a op\u00e4\u0165 otvoril debatu o tom, \u010di s\u00fa mili\u00f3nov\u00e9 presuny poslancov v\u00f4bec potrebn\u00e9.<\/p>\n<p>O tomto bizarnom a pre Eur\u00f3psky parlament mimoriadne nepr\u00edjemnom incidente informoval bruselsk\u00fd port\u00e1l <a href=\"https:\/\/www.politico.eu\/article\/dirty-strasbourg-hotel-mep-european-parliament-medical-help\/\" target=\"_blank\" rel=\"nofollow noopener\">Politico<\/a>. Pod\u013ea uniknut\u00fdch inform\u00e1ci\u00ed z internej z\u00e1pisnice administrat\u00edvneho org\u00e1nu parlamentu musel nemenovan\u00fd z\u00e1konodarca vyh\u013eada\u0165 o\u0161etrenie v zdravotnej slu\u017ebe EP po tom, \u010do str\u00e1vil noc v hoteli so \u201e\u017ealostn\u00fdmi hygienick\u00fdmi \u0161tandardmi\u201c.<\/p>\n<p>Incident na ofici\u00e1lnom f\u00f3re otvoril luxembursk\u00fd europoslanec Marc Angel zo skupiny socialistov. Ten pred kolegami odmietol prezradi\u0165 identitu po\u0161koden\u00e9ho politika aj presn\u00fd n\u00e1zov hotela, no d\u00f4razne pouk\u00e1zal na to, \u017ee Brusel mus\u00ed za\u010da\u0165 kona\u0165 a vytvori\u0165 syst\u00e9m na okam\u017eit\u00e9 nahlasovanie tak\u00fdchto \u201ep\u00e1somn\u00edc\u201c. Ak hotel nespln\u00ed podmienky, mal by zo zoznamu odpor\u00fa\u010dan\u00fdch ubytovan\u00ed okam\u017eite letie\u0165.<\/p>\n<p>Zdroje z prostredia parlamentu sa pre m\u00e9di\u00e1 vyjadrili, \u017ee dotknut\u00fd europoslanec si za svoje utrpenie m\u00f4\u017ee s\u010dasti aj s\u00e1m \u2013 ubytoval sa toti\u017e v zariaden\u00ed, ktor\u00e9 nefigurovalo na ofici\u00e1lnom zozname odpor\u00fa\u010dan\u00fdch hotelov parlamentnej cestovnej agent\u00fary. Hovorca parlamentu situ\u00e1ciu zachra\u0148oval vyhl\u00e1sen\u00edm, \u017ee od ubytovan\u00ed pre misie o\u010dak\u00e1vaj\u00fa vysok\u00e9 \u0161tandardy kvality, bezpe\u010dnosti a hygieny.<\/p>\n<p>Dlhodob\u00fd probl\u00e9m\u00a0<\/p>\n<p>S\u0165a\u017enosti europoslancov na ned\u00f4stojn\u00e9 ubytovanie v \u0160trasburgu po\u010das \u0161tvord\u0148ov\u00fdch sch\u00f4dz\u00ed nie s\u00fa \u017eiadnou novinkou. Miestni hotelieri po\u010das plen\u00e1rnych t\u00fd\u017ed\u0148ov mas\u00edvne dv\u00edhaj\u00fa ceny, no \u010distota izieb tomu \u010dasto nezodpoved\u00e1. V roku 2023 dokonca poslanci dostali varovanie, aby v \u0160trasburgu nepili pripraven\u00fa balen\u00fa vodu kv\u00f4li podozreniu z kontamin\u00e1cie.<\/p>\n<p>S\u00fa\u010dasn\u00fd incident v\u0161ak vyvol\u00e1va zimomriavky najm\u00e4 kv\u00f4li udalostiam z roku 2021. Vtedaj\u0161\u00ed predseda Eur\u00f3pskeho parlamentu David Sassoli vtedy po pobyte v \u0161trasburskom hoteli n\u00e1hle ochorel a skon\u010dil v nemocnici s \u0165a\u017ek\u00fdm z\u00e1palom p\u013e\u00fac, pri\u010dom lek\u00e1ri u neho diagnostikovali nebezpe\u010dn\u00fa legion\u00e1rsku chorobu (bakt\u00e9ria \u0161\u00edriaca sa napr\u00edklad zne\u010distenou vodou \u010di klimatiz\u00e1ciou). Sassoli o p\u00e1r mesiacov nesk\u00f4r, v janu\u00e1ri 2022, zomrel.<\/p>\n<p>Cel\u00fd tento najnov\u0161\u00ed hygienick\u00fd \u0161kand\u00e1l len prilial olej do oh\u0148a v dlhoro\u010dnej kritike takzvan\u00e9ho \u201ecirkusu na kolieskach\u201c \u2013 teda povinn\u00e9ho mesa\u010dn\u00e9ho migrovania tis\u00edcov poslancov, asistentov a \u00faradn\u00edkov medzi Bruselom a \u0160trasburgom.<\/p>\n","protected":false},"excerpt":{"rendered":"\u0160TRASBURG \u2013 Pravideln\u00e9 mesa\u010dn\u00e9 s\u0165ahovanie eur\u00f3pskych el\u00edt z Bruselu do franc\u00fazskeho \u0160trasburgu op\u00e4\u0165 raz narazilo na tvrd\u00fa realitu.&hellip;\n","protected":false},"author":2,"featured_media":89198,"comment_status":"","ping_status":"","sticky":false,"template":"","format":"standard","meta":{"footnotes":"","_share_on_mastodon":"0"},"categories":[32],"tags":[21641,34,37,1843,16621,33,43,40,39,42,41,36,9448,38,35],"class_list":["post-89197","post","type-post","status-publish","format-standard","has-post-thumbnail","category-spravy","tag-europoslanec","tag-headlines","tag-hlavne-spravy","tag-hotel","tag-hygiena","tag-news","tag-sk","tag-slovak","tag-slovakia","tag-slovencina","tag-slovensko","tag-spravy","tag-strasburg","tag-titulky","tag-top-stories"],"share_on_mastodon":{"url":"https:\/\/pubeurope.com\/@sk\/116695416462708428","error":""},"_links":{"self":[{"href":"https:\/\/www.europesays.com\/sk\/wp-json\/wp\/v2\/posts\/89197","targetHints":{"allow":["GET"]}}],"collection":[{"href":"https:\/\/www.europesays.com\/sk\/wp-json\/wp\/v2\/posts"}],"about":[{"href":"https:\/\/www.europesays.com\/sk\/wp-json\/wp\/v2\/types\/post"}],"author":[{"embeddable":true,"href":"https:\/\/www.europesays.com\/sk\/wp-json\/wp\/v2\/users\/2"}],"replies":[{"embeddable":true,"href":"https:\/\/www.europesays.com\/sk\/wp-json\/wp\/v2\/comments?post=89197"}],"version-history":[{"count":0,"href":"https:\/\/www.europesays.com\/sk\/wp-json\/wp\/v2\/posts\/89197\/revisions"}],"wp:featuredmedia":[{"embeddable":true,"href":"https:\/\/www.europesays.com\/sk\/wp-json\/wp\/v2\/media\/89198"}],"wp:attachment":[{"href":"https:\/\/www.europesays.com\/sk\/wp-json\/wp\/v2\/media?parent=89197"}],"wp:term":[{"taxonomy":"category","embeddable":true,"href":"https:\/\/www.europesays.com\/sk\/wp-json\/wp\/v2\/categories?post=89197"},{"taxonomy":"post_tag","embeddable":true,"href":"https:\/\/www.europesays.com\/sk\/wp-json\/wp\/v2\/tags?post=89197"}],"curies":[{"name":"wp","href":"https:\/\/api.w.org\/{rel}","templated":true}]}}