{"id":89359,"date":"2026-06-05T07:48:07","date_gmt":"2026-06-05T07:48:07","guid":{"rendered":"https:\/\/www.europesays.com\/sk\/89359\/"},"modified":"2026-06-05T07:48:07","modified_gmt":"2026-06-05T07:48:07","slug":"autobusova-linka-666-konci-az-v-pekle-veriaci-neskryvaju-odpor","status":"publish","type":"post","link":"https:\/\/www.europesays.com\/sk\/89359\/","title":{"rendered":"Autobusov\u00e1 linka 666 kon\u010d\u00ed a\u017e v Pekle, veriaci neskr\u00fdvaj\u00fa odpor"},"content":{"rendered":"<p>Na svere Po\u013eska prem\u00e1va autobusov\u00e1 linka 666, ktor\u00e1 kon\u010d\u00ed v Pekle \t\t\t\t\t\t(Zdroj: X\/NEXTA)\t\t\t\t\t<\/p>\n<p>HEL \u2013 Poliaci sa sna\u017eia pril\u00e1ka\u0165 do svojich pr\u00edmorsk\u00fdch lokal\u00edt na pobre\u017e\u00ed Baltsk\u00e9ho mora st\u00e1le viac turistov. Niekedy sta\u010d\u00ed vzbudi\u0165 z\u00e1ujem aj cez symboliku, ktor\u00e1 navy\u0161e na seba nadv\u00e4zuje. Ve\u010f kto by sa nechcel odviez\u0165 linkou 666 a\u017e do pekla? <\/p>\n<p>Linka 666 skuto\u010dne prem\u00e1va v severnej \u010dasti Po\u013eska. Zriadil ju miestny dopravca FlixBus, ktor\u00fd prinavr\u00e1til do pr\u00edmorsk\u00e9ho letoviska Hel linku 666. Informuje o tom <a href=\"https:\/\/www.bbc.com\/news\/articles\/c1d2ld91635o?at_ptr_name=facebook_page&amp;at_link_id=759B5C80-5D6C-11F1-A094-F2FC8851AC93&amp;at_format=link&amp;at_link_origin=BBC_News&amp;at_campaign=Social_Flow&amp;at_bbc_team=editorial&amp;at_medium=social&amp;at_link_type=web_link&amp;at_campaign_type=owned&amp;fbclid=IwY2xjawSLdXFleHRuA2FlbQIxMABicmlkETFQd0tzeEFESzhuTkVBeVpGc3J0YwZhcHBfaWQQMjIyMDM5MTc4ODIwMDg5MgABHpUhdxGJEwEFlP3C1UqFPCTQ-SOmq2bAT3bpnFIBZ1B9IQPRdDg2ctT6lJnF_aem_-r009092kH0DpzKdCatHZA\" target=\"_blank\" rel=\"nofollow noopener\">BBC.<\/a> \u010c\u00edslo 666 symbolizuje v Biblii Antikrista, resp. nedokonalos\u0165. Hel je prirovnanie k anglick\u00e9mu hell (peklo).\u00a0<\/p>\n<p>Zmenili ho, ale po \u010dase vr\u00e1tili nasp\u00e4\u0165\u00a0<\/p>\n<p>FlixBus tak &#8222;vzkriesil&#8220; linku naz\u00fdvan\u00fa aj &#8222;Dia\u013enica do Pekla&#8220;. N\u00e1bo\u017eensk\u00e9 skupiny ostro kritizovali pou\u017e\u00edvanie \u010d\u00edsla 666, preto\u017ee bola sp\u00e1jan\u00e9 s Kristov\u00fdm Peklom. V roku 2023 ho preto zmenili na linku 669. Od verejnosti pri\u0161iel dokonca list, \u017ee takto sa \u0161\u00edri satanizmus. Po\u013esk\u00fd \u013eud patr\u00ed medzi najviac n\u00e1bo\u017eensky zalo\u017een\u00e9 n\u00e1rodnosti v Eur\u00f3pe.\u00a0<\/p>\n<p>Nov\u00e1 obnoven\u00e1 linka spoj\u00ed Krakov s pr\u00edmorsk\u00fdm Helom, pri\u010dom cesta m\u00e1 trva\u0165 13 hod\u00edn. Prech\u00e1dza aj hlavn\u00fdm mestom Var\u0161ava. &#8222;\u010c\u00edslo 666 bolo vybran\u00e9 z\u00e1merne ako prvok marketingu. Cie\u013eom je zv\u00fd\u0161i\u0165 povedomie o tejto trase naprie\u010d Po\u013eskom a\u017e k moru do Helu,&#8220; informuje hovorca spolo\u010dnosti FlixBus Aleksander Kalenik.\u00a0<\/p>\n<p>Letovisko Hel le\u017e\u00ed na Helskom polostrove, ktor\u00fd vy\u010dnieva pri Gdansku na severe krajiny smerom do mora. Turistov sem l\u00e1kaj\u00fa najm\u00e4 pieso\u010dnat\u00e9 pl\u00e1\u017ee.\u00a0<\/p>\n","protected":false},"excerpt":{"rendered":"Na svere Po\u013eska prem\u00e1va autobusov\u00e1 linka 666, ktor\u00e1 kon\u010d\u00ed v Pekle (Zdroj: X\/NEXTA) HEL \u2013 Poliaci sa sna\u017eia&hellip;\n","protected":false},"author":2,"featured_media":89360,"comment_status":"","ping_status":"","sticky":false,"template":"","format":"standard","meta":{"footnotes":"","_share_on_mastodon":"0"},"categories":[6],"tags":[31966,24212,618,31968,31967,10579,6353,315,43,40,44,39,42,45,41,13675],"class_list":["post-89359","post","type-post","status-publish","format-standard","has-post-thumbnail","category-slovensko","tag-31966","tag-antikrist","tag-autobus","tag-cesta-do-pekla","tag-hel","tag-linka","tag-marketing","tag-polsko","tag-sk","tag-slovak","tag-slovak-republic","tag-slovakia","tag-slovencina","tag-slovenska-republika","tag-slovensko","tag-spojenie"],"share_on_mastodon":{"url":"https:\/\/pubeurope.com\/@sk\/116696403472772420","error":""},"_links":{"self":[{"href":"https:\/\/www.europesays.com\/sk\/wp-json\/wp\/v2\/posts\/89359","targetHints":{"allow":["GET"]}}],"collection":[{"href":"https:\/\/www.europesays.com\/sk\/wp-json\/wp\/v2\/posts"}],"about":[{"href":"https:\/\/www.europesays.com\/sk\/wp-json\/wp\/v2\/types\/post"}],"author":[{"embeddable":true,"href":"https:\/\/www.europesays.com\/sk\/wp-json\/wp\/v2\/users\/2"}],"replies":[{"embeddable":true,"href":"https:\/\/www.europesays.com\/sk\/wp-json\/wp\/v2\/comments?post=89359"}],"version-history":[{"count":0,"href":"https:\/\/www.europesays.com\/sk\/wp-json\/wp\/v2\/posts\/89359\/revisions"}],"wp:featuredmedia":[{"embeddable":true,"href":"https:\/\/www.europesays.com\/sk\/wp-json\/wp\/v2\/media\/89360"}],"wp:attachment":[{"href":"https:\/\/www.europesays.com\/sk\/wp-json\/wp\/v2\/media?parent=89359"}],"wp:term":[{"taxonomy":"category","embeddable":true,"href":"https:\/\/www.europesays.com\/sk\/wp-json\/wp\/v2\/categories?post=89359"},{"taxonomy":"post_tag","embeddable":true,"href":"https:\/\/www.europesays.com\/sk\/wp-json\/wp\/v2\/tags?post=89359"}],"curies":[{"name":"wp","href":"https:\/\/api.w.org\/{rel}","templated":true}]}}