{"id":89505,"date":"2026-06-05T10:39:09","date_gmt":"2026-06-05T10:39:09","guid":{"rendered":"https:\/\/www.europesays.com\/sk\/89505\/"},"modified":"2026-06-05T10:39:09","modified_gmt":"2026-06-05T10:39:09","slug":"cestujete-vlakom-do-viedne-niektore-spoje-nahradia-autobusy","status":"publish","type":"post","link":"https:\/\/www.europesays.com\/sk\/89505\/","title":{"rendered":"Cestujete vlakom do Viedne? Niektor\u00e9 spoje nahradia autobusy"},"content":{"rendered":"<p>            BRATISLAVA\/ VIEDE\u0147  \/<br \/>\n         Cestuj\u00faci smeruj\u00faci z Bratislavy do Viedne by mali v najbli\u017e\u0161\u00edch d\u0148och po\u010d\u00edta\u0165 s komplik\u00e1ciami. Vybran\u00e9 vlaky linky REX medzi Bratislavou-Petr\u017ealkou a Vied\u0148ou toti\u017e v \u010dasti trasy nahrad\u00ed autobusov\u00e1 doprava. D\u00f4vodom s\u00fa obmedzenia na strane rak\u00faskych dopravcov \u00d6BB a Raaberbahn.\n    <\/p>\n<p>Ktor\u00fdch vlakov sa zmena t\u00fdka?<\/p>\n<p>Obmedzenie sa t\u00fdka vybran\u00fdch vlakov linky REX na trase Bratislava-Petr\u017ealka \u2013 Kittsee \u2013 Wien Hauptbahnhof \u2013 Deutschkreutz. Nie v\u0161etky spoje bud\u00fa nahraden\u00e9 autobusmi, preto si cestuj\u00faci musia pred cestou overi\u0165 svoj konkr\u00e9tny spoj.<\/p>\n<p>Ako bude fungova\u0165 n\u00e1hradn\u00e1 doprava?<br \/>\nZo Slovenska do Rak\u00faska<\/p>\n<p>Pri vybran\u00fdch spojoch bude zabezpe\u010den\u00e1 n\u00e1hradn\u00e1 autobusov\u00e1 doprava v \u00faseku:<\/p>\n<p>Bratislava-Petr\u017ealka \u2013 Bruck an der Leitha <br \/>Autobusy bud\u00fa odch\u00e1dza\u0165 zo stanice Bratislava-Petr\u017ealka v rovnakom \u010dase, ako mali p\u00f4vodne odch\u00e1dza\u0165 vlaky. Zastavia aj v n\u00e1cestn\u00fdch staniciach.<\/p>\n<p>    <a href=\"https:\/\/www.noviny.sk\/slovensko\/banska-bystrica\/1217109-vlaky-na-oblubenej-trase-budu-v-nedelu-7-juna-zadarmo\" class=\"img\" rel=\"nofollow noopener\" target=\"_blank\"><br \/>\n        <img decoding=\"async\" class=\"lazyload \" src=\"https:\/\/www.europesays.com\/sk\/wp-content\/uploads\/2026\/06\/7e556beb-b685-442b-9f39-1fe7a00c168f.jpeg\" alt=\"Vlaky na ob\u013e\u00fabenej trase bud\u00fa v nede\u013eu 7. j\u00fana zadarmo\" title=\"Vlaky na ob\u013e\u00fabenej trase bud\u00fa v nede\u013eu 7. j\u00fana zadarmo\"\/><br \/>\n    <\/a><\/p>\n<p>Pre\u010d\u00edtajte si tie\u017e<\/p>\n<p>            <a href=\"https:\/\/www.noviny.sk\/slovensko\/banska-bystrica\/1217109-vlaky-na-oblubenej-trase-budu-v-nedelu-7-juna-zadarmo\" rel=\"nofollow noopener\" target=\"_blank\"><br \/>\n                Vlaky na ob\u013e\u00fabenej trase bud\u00fa v nede\u013eu 7. j\u00fana zadarmo<br \/>\n            <\/a><\/p>\n<p>\u200b<\/p>\n<p>Z Viedne do Bratislavy<\/p>\n<p>V opa\u010dnom smere bude autobusov\u00e1 doprava prem\u00e1va\u0165 v \u00faseku:\u00a0<\/p>\n<p>Kittsee \u2013 Bratislava-Petr\u017ealka<\/p>\n<p>Budem si musie\u0165 kupova\u0165 nov\u00fd l\u00edstok?<\/p>\n<p>Nie. Dobrou spr\u00e1vou je, \u017ee v n\u00e1hradn\u00fdch autobusoch bud\u00fa plati\u0165 be\u017en\u00e9 vlakov\u00e9 cestovn\u00e9 l\u00edstky. Cestuj\u00faci si teda nemusia kupova\u0165 nov\u00fd l\u00edstok ani dopl\u00e1ca\u0165 cestovn\u00e9.<\/p>\n<p>Na \u010do si da\u0165 pozor?<\/p>\n<p>\u017delezni\u010dn\u00e1 spolo\u010dnos\u0165 Slovensko upozor\u0148uje, \u017ee cesta m\u00f4\u017ee trva\u0165 dlh\u0161ie ako zvy\u010dajne. Ak cestujete na letisko Schwechat, na pracovn\u00e9 stretnutie alebo m\u00e1te nadv\u00e4zuj\u00faci spoj, odpor\u00fa\u010da sa vytvori\u0165 si dostato\u010dn\u00fa \u010dasov\u00fa rezervu.<\/p>\n<p>    <a href=\"https:\/\/www.noviny.sk\/slovensko\/bratislava\/1216120-pozreli-sme-sa-na-ceny-jedal-vo-vlakoch-kolko-stoji-obed-wrap-ci-dezert\" class=\"img\" rel=\"nofollow noopener\" target=\"_blank\"><br \/>\n        <img decoding=\"async\" class=\"lazyload \" src=\"https:\/\/www.europesays.com\/sk\/wp-content\/uploads\/2026\/06\/c6141648-8649-47d5-8b3b-d5447218e586.png\" alt=\"Pozreli sme sa na ceny jed\u00e1l vo vlakoch. Ko\u013eko stoj\u00ed obed, wrap \u010di dezert?\" title=\"Pozreli sme sa na ceny jed\u00e1l vo vlakoch. Ko\u013eko stoj\u00ed obed, wrap \u010di dezert?\"\/><br \/>\n    <\/a><\/p>\n<p>Pre\u010d\u00edtajte si tie\u017e<\/p>\n<p>            <a href=\"https:\/\/www.noviny.sk\/slovensko\/bratislava\/1216120-pozreli-sme-sa-na-ceny-jedal-vo-vlakoch-kolko-stoji-obed-wrap-ci-dezert\" rel=\"nofollow noopener\" target=\"_blank\"><br \/>\n                Pozreli sme sa na ceny jed\u00e1l vo vlakoch. Ko\u013eko stoj\u00ed obed, wrap \u010di dezert?<br \/>\n            <\/a><\/p>\n<p>\u200b<\/p>\n<p>Kde si overi\u0165 aktu\u00e1lny stav?<\/p>\n<p>Zoznam vlakov, ktor\u00e9 bud\u00fa nahraden\u00e9 autobusmi, zverej\u0148uje ZSSK v\u017edy de\u0148 vopred vo ve\u010dern\u00fdch hodin\u00e1ch <a href=\"https:\/\/mastodon.social\/@zssk_mimoriadne\" target=\"_blank\" rel=\"nofollow noopener\">prostredn\u00edctvom svojich informa\u010dn\u00fdch kan\u00e1lov<\/a>. Dopravca odpor\u00fa\u010da skontrolova\u0165 si konkr\u00e9tny spoj e\u0161te pred odchodom na stanicu.<\/p>\n<p>Dokedy bud\u00fa plati\u0165 obmedzenia?<\/p>\n<p>N\u00e1hradn\u00e1 autobusov\u00e1 doprava bude na \u010dasti trasy zabezpe\u010den\u00e1 a\u017e do odvolania. ZSSK uviedla, \u017ee situ\u00e1ciu sp\u00f4sobuj\u00fa obmedzenia na rak\u00faskej strane a slovensk\u00fd dopravca ju nem\u00f4\u017ee priamo ovplyvni\u0165. O pr\u00edpadn\u00fdch zmen\u00e1ch bude priebe\u017ene informova\u0165.<\/p>\n","protected":false},"excerpt":{"rendered":"BRATISLAVA\/ VIEDE\u0147 \/ Cestuj\u00faci smeruj\u00faci z Bratislavy do Viedne by mali v najbli\u017e\u0161\u00edch d\u0148och po\u010d\u00edta\u0165 s komplik\u00e1ciami. Vybran\u00e9&hellip;\n","protected":false},"author":2,"featured_media":89506,"comment_status":"","ping_status":"","sticky":false,"template":"","format":"standard","meta":{"footnotes":"","_share_on_mastodon":"0"},"categories":[21],"tags":[136,43,40,39,42,41,914,730],"class_list":["post-89505","post","type-post","status-publish","format-standard","has-post-thumbnail","category-bratislava","tag-bratislava","tag-sk","tag-slovak","tag-slovakia","tag-slovencina","tag-slovensko","tag-vieden","tag-vlak"],"share_on_mastodon":{"url":"https:\/\/pubeurope.com\/@sk\/116697076035208558","error":""},"_links":{"self":[{"href":"https:\/\/www.europesays.com\/sk\/wp-json\/wp\/v2\/posts\/89505","targetHints":{"allow":["GET"]}}],"collection":[{"href":"https:\/\/www.europesays.com\/sk\/wp-json\/wp\/v2\/posts"}],"about":[{"href":"https:\/\/www.europesays.com\/sk\/wp-json\/wp\/v2\/types\/post"}],"author":[{"embeddable":true,"href":"https:\/\/www.europesays.com\/sk\/wp-json\/wp\/v2\/users\/2"}],"replies":[{"embeddable":true,"href":"https:\/\/www.europesays.com\/sk\/wp-json\/wp\/v2\/comments?post=89505"}],"version-history":[{"count":0,"href":"https:\/\/www.europesays.com\/sk\/wp-json\/wp\/v2\/posts\/89505\/revisions"}],"wp:featuredmedia":[{"embeddable":true,"href":"https:\/\/www.europesays.com\/sk\/wp-json\/wp\/v2\/media\/89506"}],"wp:attachment":[{"href":"https:\/\/www.europesays.com\/sk\/wp-json\/wp\/v2\/media?parent=89505"}],"wp:term":[{"taxonomy":"category","embeddable":true,"href":"https:\/\/www.europesays.com\/sk\/wp-json\/wp\/v2\/categories?post=89505"},{"taxonomy":"post_tag","embeddable":true,"href":"https:\/\/www.europesays.com\/sk\/wp-json\/wp\/v2\/tags?post=89505"}],"curies":[{"name":"wp","href":"https:\/\/api.w.org\/{rel}","templated":true}]}}