{"id":89569,"date":"2026-06-05T12:03:12","date_gmt":"2026-06-05T12:03:12","guid":{"rendered":"https:\/\/www.europesays.com\/sk\/89569\/"},"modified":"2026-06-05T12:03:12","modified_gmt":"2026-06-05T12:03:12","slug":"vybrane-vlaky-medzi-petrzalkou-a-viednou-nahradi-v-casti-trasy-autobus-2","status":"publish","type":"post","link":"https:\/\/www.europesays.com\/sk\/89569\/","title":{"rendered":"Vybran\u00e9 vlaky medzi Petr\u017ealkou a Vied\u0148ou nahrad\u00ed v \u010dasti trasy autobus"},"content":{"rendered":"<p>Bratislava 5. j\u00fana (TASR) &#8211; Vybran\u00e9 vlaky linky REX Bratislava-Petr\u017ealka &#8211; Kittsee &#8211; Viede\u0148 &#8211; Deutschkreutz s\u00fa v \u010dasti ich trasy nahraden\u00e9 n\u00e1hradnou autobusovou dopravou (NAD) rak\u00faskeho dopravcu. \u017delezni\u010dn\u00e1 spolo\u010dnos\u0165 Slovensko (ZSSK) o tom v piatok informovala s t\u00fdm, \u017ee d\u00f4vod obmedzen\u00ed je na strane rak\u00faskych dopravcov \u00d6BB a Raaberbahn.<\/p>\n<p>V smere zo Slovenska je pri vybran\u00fdch vlakoch zabezpe\u010den\u00e1 NAD v \u00faseku Bratislava-Petr\u017ealka &#8211; Bruck an der Leitha. \u201eAutobusy odch\u00e1dzaj\u00fa zo stanice Bratislava-Petr\u017ealka v \u010dase pravideln\u00e9ho odchodu dotknut\u00fdch vlakov a obsluhuj\u00fa v\u0161etky n\u00e1cestn\u00e9 stanice a\u017e po stanicu Bruck an der Leitha. V opa\u010dnom smere, teda z Viedne do Bratislavy-Petr\u017ealky, je pri vybran\u00fdch vlakoch zabezpe\u010den\u00e1 n\u00e1hradn\u00e1 autobusov\u00e1 doprava v \u00faseku Kittsee &#8211; Bratislava-Petr\u017ealka,\u201c uviedol hovorca ZSSK J\u00e1n Ba\u010dek. V n\u00e1hradn\u00fdch autobusoch platia l\u00edstky na vlak.<\/p>\n<p>Aktu\u00e1lny zoznam vlakov nahraden\u00fdch autobusovou dopravou je zverej\u0148ovan\u00fd v\u017edy de\u0148 vopred vo ve\u010dern\u00fdch hodin\u00e1ch na profiloch soci\u00e1lnych siet\u00ed ZSSK, ktor\u00e9 informuj\u00fa o aktu\u00e1lnej dopravnej situ\u00e1cii na slovensk\u00fdch tratiach: napr\u00edklad Mastodon. Dopravca cestuj\u00facim odpor\u00fa\u010da, aby si pred cestou skontrolovali, \u010di sa obmedzenie t\u00fdka ich konkr\u00e9tneho vlaku a r\u00e1tali s dlh\u0161\u00edm \u010dasom cestovania.<\/p>\n<p>NAD bude na \u010dasti tejto linky zabezpe\u010dovan\u00e1 do odvolania v r\u00e9\u017eii rak\u00faskej strany. \u201eZSSK nem\u00e1 na vzniknut\u00fa situ\u00e1ciu priamy dosah, je v\u0161ak v kontakte s partnersk\u00fdmi dopravcami a h\u013ead\u00e1 mo\u017enosti, ako minimalizova\u0165 dosahy na cestuj\u00facich,\u201c dodal Ba\u010dek. Spolo\u010dnos\u0165 bude v\u00fdvoj priebe\u017ene sledova\u0165 a o pr\u00edpadn\u00fdch zmen\u00e1ch informova\u0165 prostredn\u00edctvom svojich informa\u010dn\u00fdch kan\u00e1lov.<\/p>\n","protected":false},"excerpt":{"rendered":"Bratislava 5. j\u00fana (TASR) &#8211; Vybran\u00e9 vlaky linky REX Bratislava-Petr\u017ealka &#8211; Kittsee &#8211; Viede\u0148 &#8211; Deutschkreutz s\u00fa v&hellip;\n","protected":false},"author":2,"featured_media":89496,"comment_status":"","ping_status":"","sticky":false,"template":"","format":"standard","meta":{"footnotes":"","_share_on_mastodon":"0"},"categories":[21],"tags":[136,2118,43,40,39,42,41,914,2918,464],"class_list":["post-89569","post","type-post","status-publish","format-standard","has-post-thumbnail","category-bratislava","tag-bratislava","tag-petrzalka","tag-sk","tag-slovak","tag-slovakia","tag-slovencina","tag-slovensko","tag-vieden","tag-vlaky","tag-zssk"],"share_on_mastodon":{"url":"https:\/\/pubeurope.com\/@sk\/116697406197764747","error":""},"_links":{"self":[{"href":"https:\/\/www.europesays.com\/sk\/wp-json\/wp\/v2\/posts\/89569","targetHints":{"allow":["GET"]}}],"collection":[{"href":"https:\/\/www.europesays.com\/sk\/wp-json\/wp\/v2\/posts"}],"about":[{"href":"https:\/\/www.europesays.com\/sk\/wp-json\/wp\/v2\/types\/post"}],"author":[{"embeddable":true,"href":"https:\/\/www.europesays.com\/sk\/wp-json\/wp\/v2\/users\/2"}],"replies":[{"embeddable":true,"href":"https:\/\/www.europesays.com\/sk\/wp-json\/wp\/v2\/comments?post=89569"}],"version-history":[{"count":0,"href":"https:\/\/www.europesays.com\/sk\/wp-json\/wp\/v2\/posts\/89569\/revisions"}],"wp:featuredmedia":[{"embeddable":true,"href":"https:\/\/www.europesays.com\/sk\/wp-json\/wp\/v2\/media\/89496"}],"wp:attachment":[{"href":"https:\/\/www.europesays.com\/sk\/wp-json\/wp\/v2\/media?parent=89569"}],"wp:term":[{"taxonomy":"category","embeddable":true,"href":"https:\/\/www.europesays.com\/sk\/wp-json\/wp\/v2\/categories?post=89569"},{"taxonomy":"post_tag","embeddable":true,"href":"https:\/\/www.europesays.com\/sk\/wp-json\/wp\/v2\/tags?post=89569"}],"curies":[{"name":"wp","href":"https:\/\/api.w.org\/{rel}","templated":true}]}}