{"id":89604,"date":"2026-06-05T12:41:06","date_gmt":"2026-06-05T12:41:06","guid":{"rendered":"https:\/\/www.europesays.com\/sk\/89604\/"},"modified":"2026-06-05T12:41:06","modified_gmt":"2026-06-05T12:41:06","slug":"brusel-v-centre-nepokojov-do-ulic-vybehli-stovky-demonstrantov","status":"publish","type":"post","link":"https:\/\/www.europesays.com\/sk\/89604\/","title":{"rendered":"Brusel v centre nepokojov, do ul\u00edc vybehli stovky demon\u0161trantov"},"content":{"rendered":"<p>Brusel za\u017eil v stredu 3. j\u00fana ve\u013ek\u00e9 nepokoje, Demon\u0161tranti vy\u0161li do ul\u00edc, zakladali po\u017eiare, ni\u010dili zast\u00e1vky a dopravn\u00e9 zna\u010dky. \t\t\t\t\t\t(Zdroj: X\/ Eric M\u00f6ller\/Sagra Davila\/Symphony)\t\t\t\t\t<\/p>\n<p>BRUSEL \u2013 Uprostred tohto t\u00fd\u017ed\u0148a za\u017eilo hlavn\u00e9 mesto Belgicka ve\u013ek\u00e9 nepokoje. Nespokojn\u00ed ob\u010dania vybehli do ul\u00edc, aby vyjadrili svoj nes\u00fahlas s krokmi, o ktor\u00fdch informovala belgick\u00e1 vl\u00e1da. Nepokoje prer\u00e1stli do n\u00e1silnost\u00ed. <\/p>\n<p>V stredu d\u0148a 3. j\u00fana vy\u0161lo do ul\u00edc Bruselu mno\u017estvo nespokojn\u00fdch ob\u010danov. N\u00e1sledn\u00e9 strety s pol\u00edciou prer\u00e1stli do n\u00e1silnost\u00ed. Ako informuje <a href=\"https:\/\/www.dailymail.com\/news\/article-15874725\/Riot-breaks-Brussels-student-protesters-rampage-streets-smash-homes-amid-violent-clashes-police.html\" target=\"_blank\" rel=\"nofollow noopener\">Daily Mail,<\/a> dom\u00e1ce obyvate\u013estvo vyjadrilo nespokojnos\u0165 proti \u0161krtom v \u0161kolstve a \u010fal\u0161\u00edm \u00fasporn\u00fdm opatreniam.\u00a0<\/p>\n<p>Nepokoje vyvolali kroky vl\u00e1dy\u00a0<\/p>\n<p>Demon\u0161tranti so zahalen\u00fdmi tv\u00e1rami h\u00e1dzali v uliciach delobuchy, zakladali po\u017eiare a ni\u010dili cudz\u00ed majetok. Pol\u00edcia musela nasadi\u0165 \u0165a\u017ek\u00fa techniku a rozz\u00faren\u00fd dav sa sna\u017eila rozohna\u0165 vodn\u00fdmi delami. Pod\u013ea aktu\u00e1lnych inform\u00e1ci\u00ed bolo v uliciach mesta do tis\u00edc protestuj\u00facich.\u00a0<\/p>\n<p>\u0160irok\u00e1 verejnos\u0165 je presved\u010den\u00e1, \u017ee ve\u013ek\u00e9 \u0161krty v \u0161kolstve ovplyvnia vzdel\u00e1vanie vo franc\u00fazskom jazyku. Vl\u00e1da pl\u00e1nuje v nasleduj\u00facich rokoch zn\u00ed\u017ei\u0165 v\u00fddavky v tomto sektore o 300 mili\u00f3nov eur.<\/p>\n<p>Kritici navy\u0161e poukazuj\u00fa na to, \u017ee prijatie legislat\u00edvy m\u00e1 prebehn\u00fa\u0165 v zr\u00fdchlenom konan\u00ed, a cel\u00fd proces schv\u00e1lenia navy\u0161e pova\u017euj\u00fa za nedemokratick\u00fd.\u00a0<\/p>\n<p>Po soci\u00e1lnych sie\u0165ach koluje mno\u017estvo z\u00e1berov z ul\u00edc Bruselu. V\u0161ade po\u010du\u0165 krik a miestami sa \u0161\u00edri dym zo zalo\u017een\u00fdch po\u017eiarov. Protestuj\u00faci ni\u010dili autobusov\u00e9 zast\u00e1vky a dopravn\u00e9 zna\u010dky. Davy \u013eud\u00ed sa najprv zhroma\u017edili pri hlavnej stanici a odtia\u013e sa pres\u00favali centrom mesta.\u00a0<\/p>\n<p>&#8222;Demon\u0161tranti zap\u00e1lili stojany na bicykle a \u010fal\u0161ie objekty v uliciach. Potom za\u010dali h\u00e1dza\u0165 delobuchy. Na viacer\u00fdch miestach vypukol po\u017eiar. N\u00e1silie sa stup\u0148ovalo. V spolupr\u00e1ci s hasi\u010dmi sme museli pou\u017ei\u0165 vodn\u00e9 del\u00e1,&#8220; informovala belgick\u00e1 pol\u00edcia.\u00a0<\/p>\n<p>Pre nepokoje musela by\u0165 v oblasti odstaven\u00e1 aj mestsk\u00e1 hromadn\u00e1 doprava. Na stanici metra Park vlaky nezastavovali. Demon\u0161tranti sa dokonca n\u00e1sil\u00edm dostali do budovy parlamentu, kde odp\u00e1lili nieko\u013eko dymovn\u00edc. N\u00e1silie v uliciach bolo preru\u0161en\u00e9 a\u017e neskoro popoludn\u00ed. V niektor\u00fdch \u010dastiach mesta hliadkovali policajn\u00e9 zlo\u017eky do neskor\u00e9ho ve\u010dera.\u00a0<\/p>\n<p>N\u00e1vrh novely z\u00e1kona o \u0161kolstve\u00a0<\/p>\n<p>Pokia\u013e by belgick\u00fd parlament schv\u00e1lil nov\u00fd z\u00e1kona, u\u010ditelia stredn\u00fdch \u0161k\u00f4l po celej krajine by n\u00e1sledne vyu\u010dovali o dve hodiny t\u00fd\u017edenne viac a navy\u0161e bez pr\u00edplatku. V\u00fdrazn\u00fdm sp\u00f4sobom by sa zv\u00fd\u0161ili aj poplatky za prihl\u00e1\u0161ky na vysok\u00e9 \u0161koly a univerzity. Naopak, na rekon\u0161trukciu \u0161t\u00e1tnych \u0161kolsk\u00fdch budov by bolo vynalo\u017een\u00fdch ove\u013ea menej finan\u010dn\u00fdch prostriedkov.\u00a0<\/p>\n","protected":false},"excerpt":{"rendered":"Brusel za\u017eil v stredu 3. j\u00fana ve\u013ek\u00e9 nepokoje, Demon\u0161tranti vy\u0161li do ul\u00edc, zakladali po\u017eiare, ni\u010dili zast\u00e1vky a dopravn\u00e9&hellip;\n","protected":false},"author":2,"featured_media":89605,"comment_status":"","ping_status":"","sticky":false,"template":"","format":"standard","meta":{"footnotes":"","_share_on_mastodon":"0"},"categories":[8],"tags":[4556,1234,32028,557,5785,32030,31081,33,525,9154,43,1501,32029,40,42,36,50,32031,49,48],"class_list":["post-89604","post","type-post","status-publish","format-standard","has-post-thumbnail","category-svet","tag-belgicko","tag-brusel","tag-demonstracie","tag-krimi","tag-nasilie","tag-navrh-novely-zakona","tag-nepokoje","tag-news","tag-policia","tag-protesty","tag-sk","tag-skolstvo","tag-skrty","tag-slovak","tag-slovencina","tag-spravy","tag-svet","tag-vodne-dela","tag-world","tag-world-news"],"share_on_mastodon":{"url":"https:\/\/pubeurope.com\/@sk\/116697555523375187","error":""},"_links":{"self":[{"href":"https:\/\/www.europesays.com\/sk\/wp-json\/wp\/v2\/posts\/89604","targetHints":{"allow":["GET"]}}],"collection":[{"href":"https:\/\/www.europesays.com\/sk\/wp-json\/wp\/v2\/posts"}],"about":[{"href":"https:\/\/www.europesays.com\/sk\/wp-json\/wp\/v2\/types\/post"}],"author":[{"embeddable":true,"href":"https:\/\/www.europesays.com\/sk\/wp-json\/wp\/v2\/users\/2"}],"replies":[{"embeddable":true,"href":"https:\/\/www.europesays.com\/sk\/wp-json\/wp\/v2\/comments?post=89604"}],"version-history":[{"count":0,"href":"https:\/\/www.europesays.com\/sk\/wp-json\/wp\/v2\/posts\/89604\/revisions"}],"wp:featuredmedia":[{"embeddable":true,"href":"https:\/\/www.europesays.com\/sk\/wp-json\/wp\/v2\/media\/89605"}],"wp:attachment":[{"href":"https:\/\/www.europesays.com\/sk\/wp-json\/wp\/v2\/media?parent=89604"}],"wp:term":[{"taxonomy":"category","embeddable":true,"href":"https:\/\/www.europesays.com\/sk\/wp-json\/wp\/v2\/categories?post=89604"},{"taxonomy":"post_tag","embeddable":true,"href":"https:\/\/www.europesays.com\/sk\/wp-json\/wp\/v2\/tags?post=89604"}],"curies":[{"name":"wp","href":"https:\/\/api.w.org\/{rel}","templated":true}]}}