{"id":90394,"date":"2026-06-06T13:42:06","date_gmt":"2026-06-06T13:42:06","guid":{"rendered":"https:\/\/www.europesays.com\/sk\/90394\/"},"modified":"2026-06-06T13:42:06","modified_gmt":"2026-06-06T13:42:06","slug":"videotip-mate-pod-stromami-hole-miesta-tieto-3-napady-ich-premenia-na-ozdobu-zahrady","status":"publish","type":"post","link":"https:\/\/www.europesays.com\/sk\/90394\/","title":{"rendered":"VIDEOTIP M\u00e1te pod stromami hol\u00e9 miesta? Tieto 3 n\u00e1pady ich premenia na ozdobu z\u00e1hrady"},"content":{"rendered":"<p>M\u00e1te pod stromami hol\u00e9 miesta, kde sa tr\u00e1va tr\u00e1pi alebo v\u00f4bec nerastie? Nemus\u00edte sa zmieri\u0165 s pr\u00e1zdnou a menej vzh\u013eadnou plochou. Aj tak\u00fdto priestor sa m\u00f4\u017ee sta\u0165 jedn\u00fdm z jej najkraj\u0161\u00edch miest, hoci v mnoh\u00fdch z\u00e1hrad\u00e1ch \u010dasto patr\u00ed k t\u00fdm najv\u00e4\u010d\u0161\u00edm v\u00fdzvam. Tr\u00e1vnik tu \u010dasto nerastie tak, ako by sme si predstavovali a namiesto upraven\u00e9ho z\u00e1kutia vznikaj\u00fa pr\u00e1zdne alebo zanedban\u00e9 miesta. Ak h\u013ead\u00e1te sp\u00f4sob, ako tieto problematick\u00e9 plochy premeni\u0165 na atrakt\u00edvnu s\u00fa\u010das\u0165 z\u00e1hrady, in\u0161pir\u00e1ciu m\u00f4\u017eete n\u00e1js\u0165 v nasleduj\u00facom videu.<\/p>\n<p>N\u00e1jdete v \u0148om tri n\u00e1pady na atrakt\u00edvnu v\u00fdsadbu okolo stromov, ktor\u00e9 sp\u00e1jaj\u00fa kvitn\u00face rastliny, pr\u00edrodn\u00e9 materi\u00e1ly a elegantn\u00e9 dekorat\u00edvne lemovanie. V\u00fdsledkom s\u00fa \u00fapravy pod stromami, ktor\u00e9 p\u00f4sobia prirodzene, zv\u00fdraz\u0148uj\u00fa kr\u00e1su stromov a z\u00e1rove\u0148 z\u00e1hrade dod\u00e1vaj\u00fa upraven\u00fd vzh\u013ead. Ak pl\u00e1nujete zmenu vo svojej z\u00e1hrade alebo len h\u013ead\u00e1te nov\u00fa in\u0161pir\u00e1ciu, tieto jednoduch\u00e9, no efektn\u00e9 rie\u0161enia sa oplat\u00ed vidie\u0165.<\/p>\n<p><a class=\"fasc-button fasc-size-medium fasc-type-flat ico-fa fasc-ico-before fa-facebook-square\" style=\"background-color: #fdda38; color: #0a0a0a;\" target=\"_blank\" rel=\"noopener nofollow\" href=\"https:\/\/www.facebook.com\/plnielanu\">Sledujte n\u00e1\u0161 Facebook<\/a><\/p>\n","protected":false},"excerpt":{"rendered":"M\u00e1te pod stromami hol\u00e9 miesta, kde sa tr\u00e1va tr\u00e1pi alebo v\u00f4bec nerastie? Nemus\u00edte sa zmieri\u0165 s pr\u00e1zdnou a&hellip;\n","protected":false},"author":2,"featured_media":90395,"comment_status":"","ping_status":"","sticky":false,"template":"","format":"standard","meta":{"footnotes":"","_share_on_mastodon":"0"},"categories":[32],"tags":[34,37,6727,33,25407,43,40,39,42,41,36,38,35,32222,1220,32223],"class_list":["post-90394","post","type-post","status-publish","format-standard","has-post-thumbnail","category-spravy","tag-headlines","tag-hlavne-spravy","tag-kvety-a-rastliny","tag-news","tag-pestovanie","tag-sk","tag-slovak","tag-slovakia","tag-slovencina","tag-slovensko","tag-spravy","tag-titulky","tag-top-stories","tag-videotipy","tag-zahrada","tag-zlepsovaky"],"share_on_mastodon":{"url":"https:\/\/pubeurope.com\/@sk\/116703457650634327","error":""},"_links":{"self":[{"href":"https:\/\/www.europesays.com\/sk\/wp-json\/wp\/v2\/posts\/90394","targetHints":{"allow":["GET"]}}],"collection":[{"href":"https:\/\/www.europesays.com\/sk\/wp-json\/wp\/v2\/posts"}],"about":[{"href":"https:\/\/www.europesays.com\/sk\/wp-json\/wp\/v2\/types\/post"}],"author":[{"embeddable":true,"href":"https:\/\/www.europesays.com\/sk\/wp-json\/wp\/v2\/users\/2"}],"replies":[{"embeddable":true,"href":"https:\/\/www.europesays.com\/sk\/wp-json\/wp\/v2\/comments?post=90394"}],"version-history":[{"count":0,"href":"https:\/\/www.europesays.com\/sk\/wp-json\/wp\/v2\/posts\/90394\/revisions"}],"wp:featuredmedia":[{"embeddable":true,"href":"https:\/\/www.europesays.com\/sk\/wp-json\/wp\/v2\/media\/90395"}],"wp:attachment":[{"href":"https:\/\/www.europesays.com\/sk\/wp-json\/wp\/v2\/media?parent=90394"}],"wp:term":[{"taxonomy":"category","embeddable":true,"href":"https:\/\/www.europesays.com\/sk\/wp-json\/wp\/v2\/categories?post=90394"},{"taxonomy":"post_tag","embeddable":true,"href":"https:\/\/www.europesays.com\/sk\/wp-json\/wp\/v2\/tags?post=90394"}],"curies":[{"name":"wp","href":"https:\/\/api.w.org\/{rel}","templated":true}]}}