{"id":90420,"date":"2026-06-06T14:36:07","date_gmt":"2026-06-06T14:36:07","guid":{"rendered":"https:\/\/www.europesays.com\/sk\/90420\/"},"modified":"2026-06-06T14:36:07","modified_gmt":"2026-06-06T14:36:07","slug":"vodica-po-zrazke-s-audi-vymrstilo-z-vozidla-zachytila-to-kamera","status":"publish","type":"post","link":"https:\/\/www.europesays.com\/sk\/90420\/","title":{"rendered":"Vodi\u010da po zr\u00e1\u017eke s Audi vymr\u0161tilo z vozidla, zachytila to kamera"},"content":{"rendered":"<p>Vodi\u0161 trojkolesov\u00e9ho vozidla sa preletel vzduchom.\t\t\t\t\t\t(Zdroj: X)\t\t\t\t\t<\/p>\n<p>SAN FRANCISCO &#8211; Ru\u0161n\u00e1 kri\u017eovatka v San Franciscu sa stala dejiskom dramatickej nehody, pri ktorej sa elektrick\u00e9 trojkolesov\u00e9 vozidlo zrazilo s osobn\u00fdm autom zna\u010dky Audi. N\u00e1raz bol tak\u00fd siln\u00fd, \u017ee vodi\u010da men\u0161ieho vozidla odhodilo nieko\u013eko metrov cez vozovku.\u00a0<\/p>\n<p>\t\t\t\tChv\u00edle hr\u00f4zy zachytila kamera<\/p>\n<p>Nehoda sa stala v stredu v bl\u00edzkosti \u0161tvrte Panhandle v americkom meste San Francisco.<\/p>\n<p>Videoz\u00e1znam, na ktor\u00fd upozornil denn\u00edk <a href=\"https:\/\/nypost.com\/2026\/06\/04\/us-news\/graphic-footage-shows-driver-flung-from-three-wheeler-after-smashing-into-audi-at-intersection\/\" target=\"_blank\" rel=\"nofollow noopener\">New York Post<\/a>, zachyt\u00e1va okamihy tesne pred kol\u00edziou. Na z\u00e1beroch vidno dvoch chodcov pribli\u017euj\u00facich sa ku kri\u017eovatke, ke\u010f sa do z\u00e1beru dostane \u010dierne Audi.<\/p>\n<p>O nieko\u013eko sek\u00fand nesk\u00f4r do boku vozidla naraz\u00ed elektrick\u00e9 trojkolesov\u00e9 vozidlo Arcimoto FUV, v ktorom sa nach\u00e1dzali dvaja \u013eudia.<\/p>\n<p>Vodi\u010da odhodilo cez ulicu<\/p>\n<p>Sila n\u00e1razu mala dramatick\u00e9 n\u00e1sledky. Vodi\u010d trojkolesov\u00e9ho vozidla vyletel zo sedadla a dopadol na vozovku nieko\u013eko metrov od miesta zr\u00e1\u017eky. Po dopade sa e\u0161te nieko\u013ekokr\u00e1t prekot\u00fa\u013eal, k\u00fdm zostal le\u017ea\u0165 na zemi. Druh\u00fd pasa\u017eier pod\u013ea dostupn\u00fdch z\u00e1berov zostal vo vozidle.<\/p>\n<p>Kol\u00edzia aktivovala aj airbagy v Audi. Auto sa n\u00e1sledne rozto\u010dilo a len tesne minulo chodcov, ktor\u00ed sa v tom \u010dase nach\u00e1dzali v bl\u00edzkosti kri\u017eovatky.<\/p>\n<p>&#13;<\/p>\n<p dir=\"ltr\" lang=\"en\">Motor vehicle accident with 4 people transported to the hospital with minor to moderate injuries at the intersection of Baker\/Hayes St. please avoid the area while SFPD does their investigation. <a href=\"https:\/\/x.com\/hashtag\/SFFD?src=hash&amp;ref_src=twsrc%5Etfw\" rel=\"nofollow\">#SFFD<\/a> <a href=\"https:\/\/t.co\/RABjl7sLv6\" rel=\"nofollow\">pic.twitter.com\/RABjl7sLv6<\/a><\/p>\n<p>&#13;<br \/>\n\u2014 SAN FRANCISCO FIRE DEPARTMENT MEDIA (@SFFDPIO) <a href=\"https:\/\/x.com\/SFFDPIO\/status\/2062260599510429778?ref_src=twsrc%5Etfw\" rel=\"nofollow\">June 3, 2026<\/a><\/p>\n<p>Viacer\u00fdch \u013eud\u00ed previezli do nemocnice<\/p>\n<p>Na miesto okam\u017eite vyrazili z\u00e1chrann\u00e9 zlo\u017eky. \u201eDopravn\u00e1 nehoda si vy\u017eiadala prevoz \u0161tyroch os\u00f4b do nemocnice. Zranenia s\u00fa hodnoten\u00e9 ako \u013eahk\u00e9 a\u017e stredne \u0165a\u017ek\u00e9,\u201c uviedol San Francisco Fire Department na soci\u00e1lnej sieti X.<\/p>\n<p>Z\u00e1chran\u00e1ri z\u00e1rove\u0148 vyzvali verejnos\u0165, aby sa oblasti vyhla, k\u00fdm pol\u00edcia zdokumentuje miesto nehody a vykon\u00e1 potrebn\u00e9 vy\u0161etrovanie.<\/p>\n<p>Obe vozidl\u00e1 skon\u010dili po\u0161koden\u00e9<\/p>\n<p>Audi utrpelo v\u00fdrazn\u00e9 po\u0161kodenie najm\u00e4 v oblasti zadn\u00fdch \u013eav\u00fdch dver\u00ed, kde elektrick\u00e9 vozidlo narazilo.<\/p>\n<p>Aj trojkolesov\u00fd stroj bol po nehode po\u0161koden\u00fd, hoci rozsah \u0161k\u00f4d sa pod\u013ea fotografi\u00ed z miesta zdal by\u0165 men\u0161\u00ed ne\u017e v pr\u00edpade osobn\u00e9ho auta.<\/p>\n<p>Policajti po pr\u00edchode uzavreli okolie p\u00e1skami a za\u010dali vy\u0161etrova\u0165 okolnosti kol\u00edzie. \u00darady zatia\u013e nezverejnili, \u010do presne nehodu sp\u00f4sobilo ani v akom stave sa zranen\u00ed nach\u00e1dzaj\u00fa po prevoze do nemocnice.<\/p>\n<p>Nezvy\u010dajn\u00e9 vozidlo jazd\u00ed po cest\u00e1ch leg\u00e1lne<\/p>\n<p>Arcimoto FUV sa na trhu objavil v roku 2019. V\u00fdrobca Arcimoto ho ozna\u010duje za vozidlo ur\u010den\u00e9 na z\u00e1bavu aj ka\u017edodenn\u00e9 vyu\u017eitie.<\/p>\n<p>V americkej Kalifornii je zaraden\u00e9 do kateg\u00f3rie takzvan\u00fdch autocyklov a m\u00f4\u017ee sa leg\u00e1lne pohybova\u0165 po verejn\u00fdch komunik\u00e1ci\u00e1ch. Vozidlo poh\u00e1\u0148a elektrick\u00fd motor a jeho kon\u0161trukcia kombinuje prvky motocykla a automobilu.<\/p>\n<p>Pod\u013ea denn\u00edka New York Post v\u0161ak najnov\u0161ia nehoda op\u00e4\u0165 otvorila diskusiu o bezpe\u010dnosti podobn\u00fdch vozidiel pri strete s klasick\u00fdmi automobilmi.<\/p>\n<p>\t\t\t<script async src=\"https:\/\/platform.twitter.com\/widgets.js\" charset=\"utf-8\"><\/script><\/p>\n","protected":false},"excerpt":{"rendered":"Vodi\u0161 trojkolesov\u00e9ho vozidla sa preletel vzduchom. (Zdroj: X) SAN FRANCISCO &#8211; Ru\u0161n\u00e1 kri\u017eovatka v San Franciscu sa stala&hellip;\n","protected":false},"author":2,"featured_media":90421,"comment_status":"","ping_status":"","sticky":false,"template":"","format":"standard","meta":{"footnotes":"","_share_on_mastodon":"0"},"categories":[8],"tags":[2357,535,33,29374,43,40,42,36,50,8545,49,48],"class_list":["post-90420","post","type-post","status-publish","format-standard","has-post-thumbnail","category-svet","tag-let","tag-nehoda","tag-news","tag-san-francisco","tag-sk","tag-slovak","tag-slovencina","tag-spravy","tag-svet","tag-vodic","tag-world","tag-world-news"],"share_on_mastodon":{"url":"https:\/\/pubeurope.com\/@sk\/116703670172936867","error":""},"_links":{"self":[{"href":"https:\/\/www.europesays.com\/sk\/wp-json\/wp\/v2\/posts\/90420","targetHints":{"allow":["GET"]}}],"collection":[{"href":"https:\/\/www.europesays.com\/sk\/wp-json\/wp\/v2\/posts"}],"about":[{"href":"https:\/\/www.europesays.com\/sk\/wp-json\/wp\/v2\/types\/post"}],"author":[{"embeddable":true,"href":"https:\/\/www.europesays.com\/sk\/wp-json\/wp\/v2\/users\/2"}],"replies":[{"embeddable":true,"href":"https:\/\/www.europesays.com\/sk\/wp-json\/wp\/v2\/comments?post=90420"}],"version-history":[{"count":0,"href":"https:\/\/www.europesays.com\/sk\/wp-json\/wp\/v2\/posts\/90420\/revisions"}],"wp:featuredmedia":[{"embeddable":true,"href":"https:\/\/www.europesays.com\/sk\/wp-json\/wp\/v2\/media\/90421"}],"wp:attachment":[{"href":"https:\/\/www.europesays.com\/sk\/wp-json\/wp\/v2\/media?parent=90420"}],"wp:term":[{"taxonomy":"category","embeddable":true,"href":"https:\/\/www.europesays.com\/sk\/wp-json\/wp\/v2\/categories?post=90420"},{"taxonomy":"post_tag","embeddable":true,"href":"https:\/\/www.europesays.com\/sk\/wp-json\/wp\/v2\/tags?post=90420"}],"curies":[{"name":"wp","href":"https:\/\/api.w.org\/{rel}","templated":true}]}}