{"id":90541,"date":"2026-06-06T17:34:11","date_gmt":"2026-06-06T17:34:11","guid":{"rendered":"https:\/\/www.europesays.com\/sk\/90541\/"},"modified":"2026-06-06T17:34:11","modified_gmt":"2026-06-06T17:34:11","slug":"foto-z-premiery-spielbergovej-novinky-originalny-outfit-krasna-dcera-bona-z-u2-a-zamilovany-mark-darcy","status":"publish","type":"post","link":"https:\/\/www.europesays.com\/sk\/90541\/","title":{"rendered":"FOTO z premi\u00e9ry Spielbergovej novinky: Origin\u00e1lny outfit, kr\u00e1sna dc\u00e9ra Bona z U2 a zamilovan\u00fd Mark Darcy!"},"content":{"rendered":"<p>Ako to u\u017e b\u00fdva zvykom, na sl\u00e1vnostnej premi\u00e9re filmovej novinky\u00a0De\u0148 odhalenia (Disclosure Day)\u00a0nech\u00fdbali tvorcovia, ani hereck\u00e9 tv\u00e1re. Zna\u010dn\u00fa pozornos\u0165 na seba strhla here\u010dka\u00a0Eve Hewson. 34-ro\u010dn\u00e1 kr\u00e1ska je verejnosti zn\u00e1ma aj ako dc\u00e9ra sl\u00e1vneho spev\u00e1ka Bona Voxa z form\u00e1cie U2 a ur\u010dite n\u00e1m mnoh\u00ed daj\u00fa za pravdu, \u017ee m\u00e1 \u0161armu na rozd\u00e1vanie.\u00a0<\/p>\n<p>\t<a href=\"https:\/\/novinky.zoznam.sk\/gl\/9577413\/6508697\/FOTO-z-premiery-Spielbergovej-novinky--Originalny-outfit--krasna-dcera-Bona-z-U2-a-zamilovany-Mark-Darcy-\" rel=\"nofollow noopener\" target=\"_blank\"><br \/>\n\t\t<img decoding=\"async\" alt=\"Eve Hewson\" aria-describedby=\"img-res-6508697\" class=\"\" id=\"6508697\" loading=\"lazy\" onerror=\"imgArticleLoadErr(this)\" src=\"https:\/\/www.europesays.com\/sk\/wp-content\/uploads\/2026\/06\/premiera-filmu-Den-odhalenia.jpg\" style=\"aspect-ratio:0.667\" title=\"FOTO z premi\u00e9ry Spielbergovej\"\/>\t\t\t<\/p>\n<p>\n\t\t\t\tZobrazi\u0165 gal\u00e9riu (14)\t\t\t<\/p>\n<p>\t<\/a><\/p>\n<p>Eve Hewson\t\u00a0(Zdroj: SITA)<\/p>\n<p>K\u00fdm Eve stavila na jednoduch\u00e9 \u010dierne \u0161aty, jej kolegy\u0148a\u00a0Emily Blunt\u00a0stavila na model, v ktorom vyzerala ako z in\u00e9ho sveta. Mimochodom, kritici dos\u0165 vychva\u013euj\u00fa aj jej hereck\u00fd v\u00fdkon v spom\u00ednanom filme.\u00a0<\/p>\n<p>\t<a href=\"https:\/\/novinky.zoznam.sk\/gl\/9577413\/6508701\/FOTO-z-premiery-Spielbergovej-novinky--Originalny-outfit--krasna-dcera-Bona-z-U2-a-zamilovany-Mark-Darcy-\" rel=\"nofollow noopener\" target=\"_blank\"><br \/>\n\t\t<img decoding=\"async\" alt=\"FOTO z premi\u00e9ry Spielbergovej\" aria-describedby=\"img-res-6508701\" class=\"\" id=\"6508701\" loading=\"lazy\" onerror=\"imgArticleLoadErr(this)\" src=\"https:\/\/www.europesays.com\/sk\/wp-content\/uploads\/2026\/06\/1780767250_748_premiera-filmu-Den-odhalenia.jpg\" style=\"aspect-ratio:1.500\" title=\"FOTO z premi\u00e9ry Spielbergovej\"\/>\t\t\t<\/p>\n<p>\n\t\t\t\tZobrazi\u0165 gal\u00e9riu (14)\t\t\t<\/p>\n<p>\t<\/a><\/p>\n<p>\t\u00a0(Zdroj: SITA)<\/p>\n<p>\t<a href=\"https:\/\/novinky.zoznam.sk\/gl\/9577413\/6508721\/FOTO-z-premiery-Spielbergovej-novinky--Originalny-outfit--krasna-dcera-Bona-z-U2-a-zamilovany-Mark-Darcy-\" rel=\"nofollow noopener\" target=\"_blank\"><br \/>\n\t\t<img decoding=\"async\" alt=\"FOTO z premi\u00e9ry Spielbergovej\" aria-describedby=\"img-res-6508721\" class=\"\" id=\"6508721\" loading=\"lazy\" onerror=\"imgArticleLoadErr(this)\" src=\"https:\/\/www.europesays.com\/sk\/wp-content\/uploads\/2026\/06\/Emily-Blunt.jpg\" style=\"aspect-ratio:0.667\" title=\"FOTO z premi\u00e9ry Spielbergovej\"\/>\t\t\t<\/p>\n<p>\n\t\t\t\tZobrazi\u0165 gal\u00e9riu (14)\t\t\t<\/p>\n<p>\t<\/a><\/p>\n<p>\t\u00a0(Zdroj: SITA)<\/p>\n<p>V Spielbergovej novinke \u00fa\u010dinkuje aj Colin Firth, ktor\u00fd sa presl\u00e1vil ako Mark Darcy v kultovom filme Denn\u00edk Bridget Jonesovej. Herec\u00a0pr\u00edtomn\u00fdm fotografom p\u00f3zoval po boku svojej partnerky menom Eleonor Perboni. Dvojica je spolu od roku 2025 a svoje s\u00fakromie si dos\u0165 str\u00e1\u017eia.\u00a0<\/p>\n<p>\t<a href=\"https:\/\/novinky.zoznam.sk\/gl\/9577413\/6508719\/FOTO-z-premiery-Spielbergovej-novinky--Originalny-outfit--krasna-dcera-Bona-z-U2-a-zamilovany-Mark-Darcy-\" rel=\"nofollow noopener\" target=\"_blank\"><br \/>\n\t\t<img decoding=\"async\" alt=\"FOTO z premi\u00e9ry Spielbergovej\" aria-describedby=\"img-res-6508719\" class=\"\" id=\"6508719\" loading=\"lazy\" onerror=\"imgArticleLoadErr(this)\" src=\"https:\/\/www.europesays.com\/sk\/wp-content\/uploads\/2026\/06\/1780767251_420_premiera-filmu-Den-odhalenia.jpg\" style=\"aspect-ratio:0.667\" title=\"FOTO z premi\u00e9ry Spielbergovej\"\/>\t\t\t<\/p>\n<p>\n\t\t\t\tZobrazi\u0165 gal\u00e9riu (14)\t\t\t<\/p>\n<p>\t<\/a><\/p>\n<p>\t\u00a0(Zdroj: SITA)<\/p>\n<p>Do k\u00edn mieri nov\u00fd Spielbergov film: V thrilleri De\u0148 odhalenia sa re\u017eis\u00e9r vracia k svojej ob\u013e\u00fabenej t\u00e9me<\/p>\n<p>Roky sme tu\u0161ili, \u017ee vo vesm\u00edre nie sme sami. Nikto v\u0161ak doteraz nepriniesol presved\u010div\u00fd d\u00f4kaz. To sa ale zmen\u00ed&#8230; Steven Spielberg, jeden z najsl\u00e1vnej\u0161\u00edch re\u017eis\u00e9rov v\u0161etk\u00fdch \u010dias, sa vo filme De\u0148 odhalenia vracia k svojmu ob\u013e\u00faben\u00e9mu \u017e\u00e1nru, do k\u00edn pr\u00edde u\u017e 11. j\u00fana.<\/p>\n<p>De\u0148 odhalenia m\u00e1 by\u0165 d\u0148om, ke\u010f sa \u013eudstvo kone\u010dne dozvie pravdu. O \u010dom? To zatia\u013e tu\u0161\u00ed len h\u0155stka vyvolen\u00fdch vr\u00e1tane d\u00e1tov\u00e9ho analytika Daniela (Josh O\u2019Connor), ktor\u00fd dr\u017e\u00ed v ruk\u00e1ch k\u013e\u00fa\u010d k jej zverejnen\u00ed. Do cesty sa mu v\u0161ak stavia elitn\u00fd t\u00edm s jasn\u00fdm cie\u013eom: zabr\u00e1ni\u0165 \u00faniku inform\u00e1ci\u00ed za ka\u017ed\u00fa cenu. Ich mot\u00edvy s\u00fa r\u00f4zne, no ten najz\u00e1sadnej\u0161\u00ed je mraziv\u00fd \u2013 pravda by mohla definit\u00edvne rozvr\u00e1ti\u0165 svetov\u00fd poriadok.<\/p>\n<p>Okrem Daniela sa do h\u013ead\u00e1\u010dika prenasledovate\u013eov pod veden\u00edm Noaha Scanlona (Colin Firth) dostane aj Margaret (Emily Blunt), moder\u00e1torka po\u010dasia z malej lok\u00e1lnej telev\u00edzie. To, \u010do div\u00e1ci p\u00f4vodne pova\u017eovali za nervov\u00e9 zr\u00fatenie v priamom prenose, je v\u0161ak v skuto\u010dnosti&#8230; Nie, viac prezradi\u0165 nem\u00f4\u017eeme. De\u0148 odhalenia e\u0161te nenastal.<\/p>\n<p>Ot\u00e1zka, \u010di sme vo vesm\u00edre sami, patr\u00ed k t\u00fdm, ktor\u00e9 kari\u00e9ru re\u017eis\u00e9ra Stevena Spielberga z\u00e1sadne formovali. Tvorca filmov ako E. T. \u2013 Mimozem\u0161\u0165an, Vojna svetov \u010di Bl\u00edzke stretnutia tretieho druhu sa preto k tejto t\u00e9me vracia aj v sn\u00edmke De\u0148 odhalenia.<\/p>\n<p style=\"text-align:center\">VIDEO: Trailer k filmu De\u0148 odhalenia.\u00a0<\/p>\n<p>V roku 1977 Steven Spielberg uchv\u00e1til verejnos\u0165 filmom Bl\u00edzke stretnutia tretieho druhu, ktor\u00fd v \u013eu\u010foch vzbudil pocit \u00fa\u017easu, obdivu a n\u00e1deje v to, \u010do by mohlo prinies\u0165 stretnutie s mimozemsk\u00fdm \u017eivotom. Teraz prich\u00e1dza s thrillerom, ktor\u00fd tematicky nadv\u00e4zuje na jeho prelomov\u00e9 sci-fi majstrovsk\u00e9 dielo. \u201ePo\u010das nakr\u00facania filmu Bl\u00edzke stretnutia tretieho druhu som si hovoril: Nebolo by \u00fa\u017easn\u00e9, keby sa to v\u0161etko uk\u00e1zalo ako pravda?\u201c hovor\u00ed Spielberg. \u201eTakmer o 50 rokov nesk\u00f4r si teraz mysl\u00edm: Nebolo by \u00fa\u017easn\u00e9, keby sme skuto\u010dne vedeli, \u017ee je to v\u0161etko pravda?\u201c<\/p>\n<p>S pr\u00edbehom od samotn\u00e9ho Spielberga a scen\u00e1rom, ktor\u00fd nap\u00edsal s Davidom Koeppom, film De\u0148 odhalenia kladie provokat\u00edvne ot\u00e1zky o tajomstv\u00e1ch \u013eudskej existencie \u2013 a o cene, ktor\u00fa plat\u00ed \u013eudstvo za to, ke\u010f sa odpovede na tieto tajomstv\u00e1 dr\u017eia v tajnosti \u2013 vo forme r\u00fdchleho, n\u00e1padito koncipovan\u00e9ho ak\u010dn\u00e9ho filmu. Film predstavuje najnov\u0161\u00ed prejav Spielbergovho zaujatia t\u00fdm, \u010do naz\u00fdva \u201eve\u013ek\u00fdmi nezn\u00e1mymi vesm\u00edru\u201c, ktor\u00e9 siaha a\u017e do detstva a k otcovi, ktor\u00fd ho zozn\u00e1mil s vedeckou fantastikou aj s exaktnou vedou astron\u00f3mie. \u201eSpom\u00ednam si na jedno leto, ke\u010f ma otec vzal von pozrie\u0165 sa na ka\u017edoro\u010dn\u00fd meteorick\u00fd roj Perzeidy, ke\u010f sme b\u00fdvali v New Jersey,\u201c hovor\u00ed Spielberg. \u201eZo d\u0148a na de\u0148 vo mne vzplanula zvedavos\u0165, \u010do sa vlastne deje tam hore medzi hviezdami, na nejakej plan\u00e9te obiehaj\u00facej v niektorej z nespo\u010detn\u00fdch slne\u010dn\u00fdch s\u00fastav, a \u010di by na niektorej z nich mohla existova\u0165 civiliz\u00e1cia, ktor\u00e1 by bola dostato\u010dne vyspel\u00e1 na to, aby cestovala vesm\u00edrom.\u201c<\/p>\n<p>T\u00e1to zvedavos\u0165 vo\u010di nadpozemsk\u00fdm mo\u017enostiam bola hnacou silou na za\u010diatku Spielbergovej film\u00e1rskej kari\u00e9ry a vedie ho v podstate dodnes, a\u017e k aktu\u00e1lnemu filmu De\u0148 odhalenia. Ten za\u010dal p\u00edsa\u0165 &#8211; podobne ako film Bl\u00edzke stretnutia &#8211; odzadu, teda od poslednej filmovej sc\u00e9ny: \u201eZa\u010dal som poslednou sc\u00e9nou, a potom som sa vr\u00e1til sp\u00e4\u0165 a prem\u00fd\u0161\u013eal, ako k tomuto z\u00e1veru dospie\u0165.\u201f<\/p>\n<p>Ke\u010f Spielberg dokon\u010dil hrub\u00fd n\u00e1\u010drt, predstavil pr\u00edbeh Koeppovi. \u201ePova\u017eoval som to za mimoriadne,\u201c hovor\u00ed Koepp, ktor\u00fd sa v tom \u010dase intenz\u00edvne venoval p\u00edsaniu scen\u00e1ra k filmu Jursk\u00fd svet: Znovuzrodenie pre Spielbergovu spolo\u010dnos\u0165 Amblin Entertainment. \u201eSteven presne vedel, \u010do chce poveda\u0165. Mal ve\u013ea konkr\u00e9tnych detailov a mno\u017estvo ve\u013ekolep\u00fdch n\u00e1padov. V\u00e4\u010d\u0161ina post\u00e1v a dejov\u00e1 l\u00ednia u\u017e boli hotov\u00e9 a z\u00e1vere\u010dn\u00e1 \u010das\u0165 bola jednoducho perfektn\u00e1. Podelil som sa s n\u00edm o svoje postrehy a nab\u00e1dal som ho, aby to nap\u00edsal s\u00e1m, ale on c\u00edtil, \u017ee potrebuje spolupracovn\u00edka. A preto\u017ee som na to proste nemohol presta\u0165 myslie\u0165, ke\u010f sa ma sp\u00fdtal, \u010di by som do toho nezasiahol a nenap\u00edsal scen\u00e1r, s\u00fahlasil som, \u017ee sa toho ujmem.\u201c<\/p>\n<p>Od realiz\u00e1cie to u\u017e nebolo \u010faleko. Hoci sa film odohr\u00e1va v Missouri, Marylande a Z\u00e1padnej Virginii, nakr\u00facalo sa v New Yorku, v New Jersey a v Brooklyne.<\/p>\n<p>Piko\u0161kou je, \u017ee tento film je v porad\u00ed 21. spolupr\u00e1cou medzi Stevenom Spielbergom a po\u013esk\u00fdm kameramanom Januszom Kaminskim, ktor\u00fd bol 7-kr\u00e1t nominovan\u00fd na Oscara a dvakr\u00e1t ho z\u00edskal. Na hudbe spolupracoval John Williams, ktor\u00fd bol na ceny Akad\u00e9mie nominovan\u00fd neuverite\u013en\u00fdch 54-kr\u00e1t a vz\u00e1cnu so\u0161ku z\u00edskal 5-kr\u00e1t. S n\u00edm Spielberg spolupracoval na u\u017e 30 filmoch, pri\u010dom autor hudby ned\u00e1vno osl\u00e1vil svojich 94 rokov. Aj tieto vz\u00e1cne dlhotrvaj\u00face spolupr\u00e1ce s\u00fa z\u00e1rukou toho, \u017ee De\u0148 odhalenia bude komplexn\u00fdm dielom zohrat\u00e9ho t\u00edmu, ktor\u00fd presne vie, \u010do m\u00e1 robi\u0165 a ako to m\u00e1 robi\u0165. Nenechajte si ujs\u0165 tento vysoko profesion\u00e1lny a kvalitn\u00fd filmov\u00fd z\u00e1\u017eitok aj v na\u0161ich kin\u00e1ch, a to bu\u010f v p\u00f4vodnom znen\u00ed, alebo so slovensk\u00fdm dabingom, o ktor\u00fd sa postarali T\u00e1\u0148a Pauhofov\u00e1, Tom\u00e1\u0161 Hallon, Peter Skl\u00e1r, Martin M\u0148ahon\u010d\u00e1k, Romana Hudec Orlick\u00e1, Pavol Plev\u010d\u00edk, Patrik Vysko\u010dil, J\u00e1n Tr\u00e9ger, J\u00e1n Gallovi\u010d a \u010fal\u0161\u00ed.<\/p>\n<p>Sci fi thriller De\u0148 odhalenia prinesie do na\u0161ich k\u00edn distribu\u010dn\u00e1 spolo\u010dnos\u0165 CinemArt SK 11. j\u00fana.<\/p>\n","protected":false},"excerpt":{"rendered":"Ako to u\u017e b\u00fdva zvykom, na sl\u00e1vnostnej premi\u00e9re filmovej novinky\u00a0De\u0148 odhalenia (Disclosure Day)\u00a0nech\u00fdbali tvorcovia, ani hereck\u00e9 tv\u00e1re. Zna\u010dn\u00fa&hellip;\n","protected":false},"author":2,"featured_media":90542,"comment_status":"","ping_status":"","sticky":false,"template":"","format":"standard","meta":{"footnotes":"","_share_on_mastodon":"0"},"categories":[15],"tags":[20276,32247,32128,23362,70,32246,43,40,39,42,41,30868,71],"class_list":["post-90541","post","type-post","status-publish","format-standard","has-post-thumbnail","category-zabava","tag-colin-firth","tag-den-odhalenia","tag-disclosure-day","tag-emily-blunt","tag-entertainment","tag-eve-hewson","tag-sk","tag-slovak","tag-slovakia","tag-slovencina","tag-slovensko","tag-steven-spielberg","tag-zabava"],"share_on_mastodon":{"url":"https:\/\/pubeurope.com\/@sk\/116704370258219949","error":""},"_links":{"self":[{"href":"https:\/\/www.europesays.com\/sk\/wp-json\/wp\/v2\/posts\/90541","targetHints":{"allow":["GET"]}}],"collection":[{"href":"https:\/\/www.europesays.com\/sk\/wp-json\/wp\/v2\/posts"}],"about":[{"href":"https:\/\/www.europesays.com\/sk\/wp-json\/wp\/v2\/types\/post"}],"author":[{"embeddable":true,"href":"https:\/\/www.europesays.com\/sk\/wp-json\/wp\/v2\/users\/2"}],"replies":[{"embeddable":true,"href":"https:\/\/www.europesays.com\/sk\/wp-json\/wp\/v2\/comments?post=90541"}],"version-history":[{"count":0,"href":"https:\/\/www.europesays.com\/sk\/wp-json\/wp\/v2\/posts\/90541\/revisions"}],"wp:featuredmedia":[{"embeddable":true,"href":"https:\/\/www.europesays.com\/sk\/wp-json\/wp\/v2\/media\/90542"}],"wp:attachment":[{"href":"https:\/\/www.europesays.com\/sk\/wp-json\/wp\/v2\/media?parent=90541"}],"wp:term":[{"taxonomy":"category","embeddable":true,"href":"https:\/\/www.europesays.com\/sk\/wp-json\/wp\/v2\/categories?post=90541"},{"taxonomy":"post_tag","embeddable":true,"href":"https:\/\/www.europesays.com\/sk\/wp-json\/wp\/v2\/tags?post=90541"}],"curies":[{"name":"wp","href":"https:\/\/api.w.org\/{rel}","templated":true}]}}