{"id":90662,"date":"2026-06-06T21:15:12","date_gmt":"2026-06-06T21:15:12","guid":{"rendered":"https:\/\/www.europesays.com\/sk\/90662\/"},"modified":"2026-06-06T21:15:12","modified_gmt":"2026-06-06T21:15:12","slug":"divaci-plakali-markiza-oslavovala-slub-lamal-rekordy","status":"publish","type":"post","link":"https:\/\/www.europesays.com\/sk\/90662\/","title":{"rendered":"Div\u00e1ci plakali, Mark\u00edza oslavovala. S\u013eub l\u00e1mal rekordy"},"content":{"rendered":"<p>Telev\u00edzia Mark\u00edza m\u00e1 za sebou mimoriadne \u00faspe\u0161n\u00fd utorok. K\u00fdm dobov\u00fd hit S\u013eub dosiahol svoje najlep\u0161ie v\u00fdsledky v tomto roku, ve\u010dern\u00fd seri\u00e1l Dunaj, k va\u0161im slu\u017eb\u00e1m sa stal najsledovanej\u0161\u00edm programom d\u0148a na celom trhu. V\u00fdnimo\u010dne siln\u00fd v\u00fdkon seri\u00e1lov sa z\u00e1rove\u0148 premietol aj do rekordn\u00fdch celodenn\u00fdch v\u00fdsledkov telev\u00edzie aj celej skupiny Mark\u00edza.<\/p>\n<p>Najv\u00e4\u010d\u0161iu pozornos\u0165 div\u00e1kov p\u00fatala emot\u00edvna epiz\u00f3da seri\u00e1lu S\u013eub, v ktorej sa fan\u00fa\u0161ikovia rozl\u00fa\u010dili s jednou z najob\u013e\u00fabenej\u0161\u00edch post\u00e1v. Smr\u0165 Zlatice G\u00e1likovej <a rel=\"noopener nofollow\" href=\"https:\/\/medialne.trend.sk\/televizia\/tolko-slz-slube-este-neronilo-zlatka-galikova-zomrela-co-bude-nasledovat\" target=\"_blank\">vyvolala siln\u00e9 reakcie<\/a> a priniesla seri\u00e1lu rekord sez\u00f3ny.<\/p>\n<p>    <a href=\"https:\/\/medialne.trend.sk\/televizia\/markiza-prekope-program-koniec-slubu-navrat-dvoch-serialovych-hitov\" class=\"article-related\" aria-label=\"Mark\u00edza prekope program: Koniec S\u013eubu, n\u00e1vrat dvoch seri\u00e1lov\u00fdch hitov\" rel=\"nofollow noopener\" target=\"_blank\"><br \/>\n        <img loading=\"lazy\" decoding=\"async\" class=\"lazyload\" width=\"960\" height=\"540\" src=\"https:\/\/www.europesays.com\/sk\/wp-content\/uploads\/2026\/06\/1780780509_536_540.jpeg\"  data-  alt=\"Telev\u00edzia Mark\u00edza po\u010das leta tradi\u010dne prekope svoj program.\"\/><\/p>\n<p>                Neprehliadnite<\/p>\n<p>                Mark\u00edza prekope program: Koniec S\u013eubu, n\u00e1vrat dvoch seri\u00e1lov\u00fdch hitov<\/p>\n<p>    <\/a><br \/>\nS\u013eub dosiahol rekord<\/p>\n<p>Podve\u010dern\u00fd seri\u00e1l S\u013eub odvysielal v utorok 87. epiz\u00f3du tretej s\u00e9rie, ktor\u00e1 patrila k najemot\u00edvnej\u0161\u00edm momentom v jeho doteraj\u0161ej hist\u00f3rii. Dej priniesol rozl\u00fa\u010dku s postavou Zlatice G\u00e1likovej, ktor\u00fa stv\u00e1rnila here\u010dka Dagmar Sanitrov\u00e1.<\/p>\n<p>            <a class=\"image\" href=\"https:\/\/medialne.trend.sk\/gal\/televizia\/divaci-plakali-markiza-oslavovala-slub-smrti-oblubenej-zlatice-lamal-rekordy\/12\" rel=\"nofollow noopener\" target=\"_blank\"><br \/>\n                <img loading=\"lazy\" decoding=\"async\" class=\"lazyload\" width=\"1024\" height=\"0\" src=\"https:\/\/www.europesays.com\/sk\/wp-content\/uploads\/2026\/06\/1780780510_926_0.jpeg\"  data-  alt=\"Zlatica (Dagmar Sanitrov\u00e1) aj Viktor G\u00e1likovci (Michal \u010euri\u0161). Spolu s nimi Martinka (Paula Lopatovsk\u00e1).\"\/><\/p>\n<p>\n                Zdroj: TV Mark\u00edza\n            <\/p>\n<p>        <\/a><\/p>\n<p>            Zlatica (Dagmar Sanitrov\u00e1) aj Viktor G\u00e1likovci (Michal \u010euri\u0161). Spolu s nimi Martinka (Paula Lopatovsk\u00e1).<\/p>\n<p>Pr\u00e1ve tento siln\u00fd pr\u00edbehov\u00fd zvrat sa podp\u00edsal pod mimoriadny div\u00e1cky z\u00e1ujem. V komer\u010dnej cie\u013eovej skupine 15 a\u017e 57 rokov dosiahol S\u013eub rating 7 percent a rekordn\u00fd trhov\u00fd podiel 42,4 percenta. Ide nielen o najlep\u0161\u00ed v\u00fdsledok seri\u00e1lu v tomto roku, ale aj o \u0161tvrt\u00fd najvy\u0161\u0161\u00ed podiel na trhu v celej jeho hist\u00f3rii.<\/p>\n<p>Aspo\u0148 \u010das\u0165 seri\u00e1lu si po\u010das vysielania zaplo a\u017e 540-tis\u00edc div\u00e1kov a celkovo ho sledovalo 470-tis\u00edc div\u00e1kov star\u0161\u00edch ako 12 rokov.<\/p>\n<p>    <a href=\"https:\/\/medialne.trend.sk\/televizia\/slovensku-prichadza-rad-cesko-moderatori-prisli-vysielania-ciernom-hre-je-strajk\" class=\"article-related\" aria-label=\"Po Slovensku prich\u00e1dza na rad \u010cesko. Moder\u00e1tori pri\u0161li do vysielania v \u010diernom, v hre je \u0161trajk\" rel=\"nofollow noopener\" target=\"_blank\"><br \/>\n        <img loading=\"lazy\" decoding=\"async\" class=\"lazyload\" width=\"960\" height=\"540\" src=\"https:\/\/www.europesays.com\/sk\/wp-content\/uploads\/2026\/06\/1780780510_648_540.jpeg\"  data-  alt=\"Stovky zamestnancov \u010ceskej telev\u00edzie (\u010cT) pri\u0161li 3. j\u00fana 2026 v \u010diernom oble\u010den\u00ed pred hlavn\u00fa budovu na Kav\u010d\u00edch hor\u00e1ch vyjadri\u0165 protest proti zmen\u00e1m vo financovan\u00ed verejnopr\u00e1vnych m\u00e9di\u00ed, ktor\u00e9 chce presadi\u0165 vl\u00e1dna koal\u00edcia.\"\/><\/p>\n<p>                Neprehliadnite<\/p>\n<p>                Po Slovensku prich\u00e1dza na rad \u010cesko. Moder\u00e1tori pri\u0161li do vysielania v \u010diernom, v hre je \u0161trajk<\/p>\n<p>    <\/a><br \/>\nDunaj op\u00e4\u0165 jednotkou<\/p>\n<p>Ve\u010dern\u00fd seri\u00e1l Dunaj, k va\u0161im slu\u017eb\u00e1m bol op\u00e4\u0165 jasn\u00fdm v\u00ed\u0165azom utorkov\u00e9ho vysielania. P\u00e4tn\u00e1sta premi\u00e9rov\u00e1 epiz\u00f3da 14. s\u00e9rie sa stala najsledovanej\u0161\u00edm programom d\u0148a na celom trhu v oboch hlavn\u00fdch cie\u013eov\u00fdch skupin\u00e1ch. Div\u00e1ci \u010dakali na rozuzlenie sc\u00e9ny, ke\u010f pes Heidi nacistu Fischera <a rel=\"noopener nofollow\" href=\"https:\/\/medialne.trend.sk\/televizia\/dunaj-caka-pomsta-fischer-prisiel-svoju-bestiu-herec-odkryl-tajomstvo-sceny-kocikom\" target=\"_blank\">sko\u010dil priamo do ko\u010d\u00edka<\/a> k mal\u00e9mu Richardovi Klausovi.<\/p>\n<p>Rodinn\u00e1 s\u00e1ga dosiahla v cie\u013eovej skupine 15-57 rating 7,3 percenta a podiel na trhu 29,4 percenta, \u010do predstavuje \u0161tvrt\u00fd najlep\u0161\u00ed v\u00fdsledok seri\u00e1lu v tomto roku. Konkuren\u010dn\u00e9 Inkognito na TV JOJ zaznamenalo viac ne\u017e dvojn\u00e1sobne ni\u017e\u0161\u00ed podiel 12,8 percenta. Krimin\u00e1lny seri\u00e1l Astrid a\u00a0Rapha\u00eblle si na verejnopr\u00e1vnej Jednotke zvolilo e\u0161te ni\u017e\u0161\u00edch 6,9 percenta zo v\u0161etk\u00fdch\u00a0div\u00e1kov pri obrazovk\u00e1ch.<\/p>\n<p>            <a class=\"image\" href=\"https:\/\/medialne.trend.sk\/gal\/televizia\/divaci-plakali-markiza-oslavovala-slub-smrti-oblubenej-zlatice-lamal-rekordy\/13\" rel=\"nofollow noopener\" target=\"_blank\"><br \/>\n                <img loading=\"lazy\" decoding=\"async\" class=\"lazyload\" width=\"1024\" height=\"0\" src=\"https:\/\/www.europesays.com\/sk\/wp-content\/uploads\/2026\/06\/1780780511_791_0.png\"  data-  alt=\"Dunaj, k va\u0161im slu\u017eb\u00e1m:  Marcel Ochr\u00e1nek.\"\/><\/p>\n<p>\n                Zdroj: TV Mark\u00edza\n            <\/p>\n<p>        <\/a><\/p>\n<p>            Dunaj, k va\u0161im slu\u017eb\u00e1m:  Marcel Ochr\u00e1nek.<\/p>\n<p>Pr\u00edbehy z turbulentn\u00e9ho obdobia vojnov\u00fdch rokov si v \u010dase vysielania zaplo a\u017e 557-tis\u00edc div\u00e1kov. Celkov\u00e1 sledovanos\u0165 dosiahla 472-tis\u00edc div\u00e1kov, \u010do je tret\u00ed najlep\u0161\u00ed v\u00fdsledok seri\u00e1lu v aktu\u00e1lnej jarnej sez\u00f3ne.<\/p>\n<p>Kedy \u010dak\u00e1 Dunaj a S\u013eub fin\u00e1le pred letnou prest\u00e1vkou, sa dozviete <a rel=\"noopener nofollow\" href=\"https:\/\/medialne.trend.sk\/televizia\/markiza-prekope-program-koniec-slubu-navrat-dvoch-serialovych-hitov\" target=\"_blank\">v tomto \u010dl\u00e1nku<\/a>:<\/p>\n<p>    <a href=\"https:\/\/medialne.trend.sk\/televizia\/jojka-vytiahne-tromf-leto-novy-serial-mitasom-nakrucala-priamo-exotickom-tunisku\" class=\"article-related\" aria-label=\"JOJka vytiahne tromf na leto. Nov\u00fd seri\u00e1l s Mita\u0161om nakr\u00facala priamo v exotickom Tunisku\" rel=\"nofollow noopener\" target=\"_blank\"><br \/>\n        <img loading=\"lazy\" decoding=\"async\" class=\"lazyload\" width=\"960\" height=\"540\" src=\"https:\/\/www.europesays.com\/sk\/wp-content\/uploads\/2026\/06\/1780780511_661_540.jpeg\"  data-  alt=\"Nat\u00e1lia Germani a Mari\u00e1n Mita\u0161 v seri\u00e1li V\u00f4\u0148a mora.\"\/><\/p>\n<p>                Neprehliadnite<\/p>\n<p>                JOJka vytiahne tromf na leto. Nov\u00fd seri\u00e1l s Mita\u0161om nakr\u00facala priamo v exotickom Tunisku<\/p>\n<p>    <\/a><br \/>\nMark\u00edza prep\u00edsala tohtoro\u010dn\u00e9 maxim\u00e1<\/p>\n<p>\u00daspech oboch seri\u00e1lov\u00fdch hitov podporilo aj siln\u00e9 spravodajstvo. Medzi najsledovanej\u0161\u00edmi programami d\u0148a sa umiestnili rel\u00e1cie Po\u010dasie a Telev\u00edzne noviny, ktor\u00e9 pomohli telev\u00edzii upevni\u0165 dominantn\u00e9 postavenie na trhu.<\/p>\n<p>D\u00f4vod na spokojnos\u0165 mala aj telev\u00edzia Doma. <a rel=\"noopener nofollow\" href=\"https:\/\/medialne.trend.sk\/televizia\/doma-startuje-turecky-fenomen-ktory-poblaznil-svet-prinasa-intrigy-istanbulskej-smotanky\" target=\"_blank\">Tureck\u00fd seri\u00e1l Zak\u00e1zan\u00e9 ovocie<\/a> pokra\u010duje v rast\u00facej popularite a v utorok dosiahol svoje doteraj\u0161ie ratingov\u00e9 aj podielov\u00e9 rekordy. Zauj\u00edmavos\u0165ou je, \u017ee seri\u00e1l dok\u00e1zal v sledovanosti prekona\u0165 aj hlavn\u00fa spravodajsk\u00fa rel\u00e1ciu verejnopr\u00e1vnej telev\u00edzie Spr\u00e1vy STVR.<\/p>\n<p>    <a href=\"https:\/\/medialne.trend.sk\/kino\/fanusikovia-dominika-dana-budu-nadseni-bestia-dostane-filmovu-podobu-mastalirom\" class=\"article-related\" aria-label=\"Fan\u00fa\u0161ikovia Dominika D\u00e1na bud\u00fa nad\u0161en\u00ed. Be\u0161tia dostane filmov\u00fa podobu s Ma\u0161tal\u00edrom\" rel=\"nofollow noopener\" target=\"_blank\"><br \/>\n        <img loading=\"lazy\" decoding=\"async\" class=\"lazyload\" width=\"960\" height=\"540\" src=\"https:\/\/www.europesays.com\/sk\/wp-content\/uploads\/2026\/06\/1780780512_212_540.jpeg\"  data-  alt=\"Tom\u00e1\u0161 Ma\u0161tal\u00edr.\"\/><\/p>\n<p>                Neprehliadnite<\/p>\n<p>                Fan\u00fa\u0161ikovia Dominika D\u00e1na bud\u00fa nad\u0161en\u00ed. Be\u0161tia dostane filmov\u00fa podobu s Ma\u0161tal\u00edrom<\/p>\n<p>    <\/a><\/p>\n<p>V\u00fdsledkom bol rekordn\u00fd de\u0148 pre cel\u00fa skupinu. TV Mark\u00edza aj skupina Mark\u00edza dosiahli svoje najvy\u0161\u0161ie celodenn\u00e9 podiely na trhu v tomto roku.<\/p>\n<p>\u201eSkupina Mark\u00edza celodenne dosiahla excelentn\u00fd podiel na trhu 43,1 percenta, \u010do predstavuje jej najlep\u0161\u00ed v\u00fdsledok od za\u010diatku roka 2026, a v hlavnom vysielacom \u010dase 19:00-23:00 hod. si prip\u00edsala taktie\u017e dominantn\u00fd share 39,8 percenta. Rekordn\u00fd utorok zaznamenala aj samotn\u00e1 TV Mark\u00edza, ktor\u00e1 dosiahla najvy\u0161\u0161\u00ed celodenn\u00fd podiel na trhu v tomto roku na \u00farovni 27,4 percenta, pri\u010dom v prime-time ovl\u00e1dla trh s podielom 24,7 percenta,\u201c uviedol PR mana\u017e\u00e9r Luk\u00e1\u0161 Ko\u010di\u0161ek.<\/p>\n<p>\u201eMimoriadne siln\u00e9 v\u00fdkony seri\u00e1lov\u00fdch hitov Dunaj, k va\u0161im slu\u017eb\u00e1m a S\u013eub, podporen\u00e9 stabilne v\u00fdborn\u00fdmi v\u00fdsledkami spravodajstva a ostatn\u00fdch stan\u00edc skupiny, tak priniesli Mark\u00edze naj\u00faspe\u0161nej\u0161\u00ed de\u0148 roka 2026,\u201c doplnil Ko\u010di\u0161ek.<\/p>\n<p>                            Vysvetlivky k sledovanosti a cie\u013eov\u00fdm skupin\u00e1m<\/p>\n<p>Cie\u013eov\u00e9 skupiny: Obchodn\u00e1 cie\u013eov\u00e1 skupina 15-57 zah\u0155\u0148a div\u00e1kov vo veku od 15 do 57 rokov, univerz\u00e1lna cie\u013eov\u00e1 skupina 12+ obsahuje \u0161ir\u0161ie publikum div\u00e1kov star\u0161\u00edch ako 12 rokov.<br \/>\nSledovanos\u0165 (Rating %) ud\u00e1va podiel po\u010dtu div\u00e1kov z danej cie\u013eovej skupiny, ktor\u00ed v konkr\u00e9tnom \u010dase sledovali dan\u00fa rel\u00e1ciu alebo stanicu.<br \/>\nTrhov\u00fd podiel (Share %) ud\u00e1va podiel po\u010dtu div\u00e1kov sleduj\u00facich konkr\u00e9tnu stanicu z celkov\u00e9ho po\u010dtu div\u00e1kov z danej cie\u013eovej skupiny, ktor\u00ed pozeraj\u00fa telev\u00edziu na v\u0161etk\u00fdch staniciach v danom \u010dase.<br \/>\nZ\u00e1sah, dosah (Reach 000) ud\u00e1va po\u010det div\u00e1kov cie\u013eovej skupiny, ktor\u00ed sledovali dan\u00fa rel\u00e1ciu alebo stanicu minim\u00e1lne 3 min\u00faty bez preru\u0161enia.<\/p>\n<p>Zdroj d\u00e1t: PMT\/FIFTY5BLUE<\/p>\n","protected":false},"excerpt":{"rendered":"Telev\u00edzia Mark\u00edza m\u00e1 za sebou mimoriadne \u00faspe\u0161n\u00fd utorok. K\u00fdm dobov\u00fd hit S\u013eub dosiahol svoje najlep\u0161ie v\u00fdsledky v tomto&hellip;\n","protected":false},"author":2,"featured_media":90663,"comment_status":"","ping_status":"","sticky":false,"template":"","format":"standard","meta":{"footnotes":"","_share_on_mastodon":"0"},"categories":[18],"tags":[7710,6658,492,70,889,13626,32295,43,40,39,42,41,251,8771,97,3263,71,32294,32296],"class_list":["post-90662","post","type-post","status-publish","format-standard","has-post-thumbnail","category-tv","tag-dagmar-sanitrova","tag-doma","tag-dunaj","tag-entertainment","tag-jednotka","tag-k-vasim-sluzbam","tag-lukas-kocisek","tag-sk","tag-slovak","tag-slovakia","tag-slovencina","tag-slovensko","tag-slub","tag-televizia-markiza","tag-tv","tag-tv-joj","tag-zabava","tag-zakazane-ovocie","tag-zlatica-galikova"],"share_on_mastodon":{"url":"https:\/\/pubeurope.com\/@sk\/116705239023526751","error":""},"_links":{"self":[{"href":"https:\/\/www.europesays.com\/sk\/wp-json\/wp\/v2\/posts\/90662","targetHints":{"allow":["GET"]}}],"collection":[{"href":"https:\/\/www.europesays.com\/sk\/wp-json\/wp\/v2\/posts"}],"about":[{"href":"https:\/\/www.europesays.com\/sk\/wp-json\/wp\/v2\/types\/post"}],"author":[{"embeddable":true,"href":"https:\/\/www.europesays.com\/sk\/wp-json\/wp\/v2\/users\/2"}],"replies":[{"embeddable":true,"href":"https:\/\/www.europesays.com\/sk\/wp-json\/wp\/v2\/comments?post=90662"}],"version-history":[{"count":0,"href":"https:\/\/www.europesays.com\/sk\/wp-json\/wp\/v2\/posts\/90662\/revisions"}],"wp:featuredmedia":[{"embeddable":true,"href":"https:\/\/www.europesays.com\/sk\/wp-json\/wp\/v2\/media\/90663"}],"wp:attachment":[{"href":"https:\/\/www.europesays.com\/sk\/wp-json\/wp\/v2\/media?parent=90662"}],"wp:term":[{"taxonomy":"category","embeddable":true,"href":"https:\/\/www.europesays.com\/sk\/wp-json\/wp\/v2\/categories?post=90662"},{"taxonomy":"post_tag","embeddable":true,"href":"https:\/\/www.europesays.com\/sk\/wp-json\/wp\/v2\/tags?post=90662"}],"curies":[{"name":"wp","href":"https:\/\/api.w.org\/{rel}","templated":true}]}}