{"id":90716,"date":"2026-06-07T00:40:09","date_gmt":"2026-06-07T00:40:09","guid":{"rendered":"https:\/\/www.europesays.com\/sk\/90716\/"},"modified":"2026-06-07T00:40:09","modified_gmt":"2026-06-07T00:40:09","slug":"fico-v-dunkerque-nebudeme-prekryvat-historicku-pravdu","status":"publish","type":"post","link":"https:\/\/www.europesays.com\/sk\/90716\/","title":{"rendered":"Fico v Dunkerque, nebudeme prekr\u00fdva\u0165 historick\u00fa pravdu"},"content":{"rendered":"<p>Predseda vl\u00e1dy SR Robert Fico (na sn\u00edmke) si spolo\u010dne so starostom franc\u00fazskeho mesta Dunkerque Patriceom Vergrietem uctil pamiatku pr\u00edslu\u0161n\u00edkov \u010deskoslovensk\u00fdch a spojeneck\u00fdch jednotiek, ktor\u00e9 tam po\u010das druhej svetovej vojny p\u00f4sobili.\t\t\t\t\t\t(Zdroj: TASR\/\u00darad vl\u00e1dy)\t\t\t\t\t<\/p>\n<p>DUNKERQUE &#8211; Predseda vl\u00e1dy SR Robert Fico si spolo\u010dne so starostom franc\u00fazskeho mesta Dunkerque Patriceom Vergrietom uctil pamiatku pr\u00edslu\u0161n\u00edkov \u010deskoslovensk\u00fdch a spojeneck\u00fdch jednotiek, ktor\u00ed tam po\u010das druhej svetovej vojny p\u00f4sobili. Urobili tak pri pr\u00edle\u017eitosti 82. v\u00fdro\u010dia vylodenia spojencov v Normandii. Informuje o tom \u00darad vl\u00e1dy SR.<\/p>\n<p>\u201eV m\u00e1ji, ke\u010f si pripom\u00edname koniec druhej svetovej vojny a v\u00ed\u0165azstvo nad fa\u0161izmom, je potrebn\u00e9 prejavova\u0165 \u00factu a re\u0161pekt ka\u017ed\u00e9mu, kto prispel k tomu, \u017ee sa druh\u00e1 svetov\u00e1 vojna skon\u010dila a \u017ee nemeck\u00fd fa\u0161izmus bol porazen\u00fd,\u201c povedal premi\u00e9r.<\/p>\n<p>Fico skon\u0161tatoval, \u017ee v SR re\u0161pektujeme a s \u00factou prij\u00edmame historick\u00fd fakt, \u017ee Slovensko bolo osloboden\u00e9 predov\u0161etk\u00fdm vojakmi \u010cervenej arm\u00e1dy a rumunskej arm\u00e1dy. \u201eBoli to desa\u0165tis\u00edce vojakov, ktor\u00ed zahynuli pri oslobodzovan\u00ed na\u0161ich ded\u00edn a miest,\u201c uviedol s t\u00fdm, \u017ee vojna bola aj na in\u00fdch miestach sveta.<\/p>\n<p>Otvorenie druh\u00e9ho frontu<\/p>\n<p>Predseda vl\u00e1dy dodal, \u017ee nem\u00f4\u017eeme zab\u00fada\u0165 ani na pr\u00edspevok ku koncu vojny, ktor\u00fd malo otvorenie druh\u00e9ho frontu v roku 1944. \u201eTento rok som sa rozhodol pr\u00eds\u0165 do Dunkerque, do Franc\u00fazska. Preto\u017ee toto miesto bolo zn\u00e1me nielen na za\u010diatku druhej svetovej vojny, ke\u010f do\u0161lo k obrovskej vojenskej oper\u00e1cii, k odsunu takmer 400.000 anglick\u00fdch, kanadsk\u00fdch a franc\u00fazskych vojakov z Dunkerque do Brit\u00e1nie, ale presl\u00e1vili sa tu \u010deskoslovensk\u00ed vojaci na konci druhej svetovej vojny od okt\u00f3bra 1944 a\u017e do m\u00e1ja 1945,\u201c zd\u00f4raznil Fico.<\/p>\n<p>Spolo\u010dne s prim\u00e1torom Vergrietom Fico vzdal \u00factu \u010deskoslovenskej obrnenej brig\u00e1de, ktor\u00e1 v Dunkerque po\u010das vojny p\u00f4sobila a ktorej \u00falohou bolo blokova\u0165 obsaden\u00fa nemeck\u00fa jednotku, \u010do sa dialo od okt\u00f3bra 1944 a\u017e do 9. m\u00e1ja 1945, ke\u010f sa Nemci vzdali. Premi\u00e9r sa prim\u00e1torovi z\u00e1rove\u0148 po\u010fakoval za dlhodob\u00fa starostlivos\u0165 o pamiatku na \u010deskoslovensk\u00fdch vojakov.<\/p>\n<p>\u201eV tejto oper\u00e1cii padlo 167 \u010deskoslovensk\u00fdch vojakov. Poci\u0165ujem potrebu vzda\u0165 \u00factu aj t\u00fdmto vojakom, ktor\u00ed pomohli k skon\u010deniu vojny. Takto budeme pokra\u010dova\u0165 aj na bud\u00faci rok. Nebudeme prekr\u00fdva\u0165 historick\u00fa pravdu a ver\u00edm, \u017ee toto je najlep\u0161\u00ed sp\u00f4sob, ako slovenskej verejnosti pripom\u00edna\u0165 hr\u00f4zy druhej svetovej vojny a pr\u00edspevok Slov\u00e1kov ku koncu tohto stra\u0161n\u00e9ho utrpenia,\u201c povedal na z\u00e1ver Fico.<\/p>\n","protected":false},"excerpt":{"rendered":"Predseda vl\u00e1dy SR Robert Fico (na sn\u00edmke) si spolo\u010dne so starostom franc\u00fazskeho mesta Dunkerque Patriceom Vergrietem uctil pamiatku&hellip;\n","protected":false},"author":2,"featured_media":90717,"comment_status":"","ping_status":"","sticky":false,"template":"","format":"standard","meta":{"footnotes":"","_share_on_mastodon":"0"},"categories":[6],"tags":[32311,4926,32310,1614,43,40,44,39,42,45,41,32309,1181],"class_list":["post-90716","post","type-post","status-publish","format-standard","has-post-thumbnail","category-slovensko","tag-dunkerque","tag-historia","tag-normandia","tag-robert-fico","tag-sk","tag-slovak","tag-slovak-republic","tag-slovakia","tag-slovencina","tag-slovenska-republika","tag-slovensko","tag-vylodenie","tag-vyrocie"],"share_on_mastodon":{"url":"https:\/\/pubeurope.com\/@sk\/116706044986821523","error":""},"_links":{"self":[{"href":"https:\/\/www.europesays.com\/sk\/wp-json\/wp\/v2\/posts\/90716","targetHints":{"allow":["GET"]}}],"collection":[{"href":"https:\/\/www.europesays.com\/sk\/wp-json\/wp\/v2\/posts"}],"about":[{"href":"https:\/\/www.europesays.com\/sk\/wp-json\/wp\/v2\/types\/post"}],"author":[{"embeddable":true,"href":"https:\/\/www.europesays.com\/sk\/wp-json\/wp\/v2\/users\/2"}],"replies":[{"embeddable":true,"href":"https:\/\/www.europesays.com\/sk\/wp-json\/wp\/v2\/comments?post=90716"}],"version-history":[{"count":0,"href":"https:\/\/www.europesays.com\/sk\/wp-json\/wp\/v2\/posts\/90716\/revisions"}],"wp:featuredmedia":[{"embeddable":true,"href":"https:\/\/www.europesays.com\/sk\/wp-json\/wp\/v2\/media\/90717"}],"wp:attachment":[{"href":"https:\/\/www.europesays.com\/sk\/wp-json\/wp\/v2\/media?parent=90716"}],"wp:term":[{"taxonomy":"category","embeddable":true,"href":"https:\/\/www.europesays.com\/sk\/wp-json\/wp\/v2\/categories?post=90716"},{"taxonomy":"post_tag","embeddable":true,"href":"https:\/\/www.europesays.com\/sk\/wp-json\/wp\/v2\/tags?post=90716"}],"curies":[{"name":"wp","href":"https:\/\/api.w.org\/{rel}","templated":true}]}}