{"id":92175,"date":"2026-06-08T20:07:18","date_gmt":"2026-06-08T20:07:18","guid":{"rendered":"https:\/\/www.europesays.com\/sk\/92175\/"},"modified":"2026-06-08T20:07:18","modified_gmt":"2026-06-08T20:07:18","slug":"bratislavska-zs-na-bieloruskej-ulici-dostane-cestny-nazov-17-novembra-pripomenie-hodnoty-slobody-a-demokracie","status":"publish","type":"post","link":"https:\/\/www.europesays.com\/sk\/92175\/","title":{"rendered":"Bratislavsk\u00e1 Z\u0160 na Bieloruskej ulici dostane \u010destn\u00fd n\u00e1zov 17. novembra \u2013 pripomenie hodnoty slobody a demokracie"},"content":{"rendered":"<p>\t\t\t\t\t\t\t<img decoding=\"async\" src=\"https:\/\/www.europesays.com\/sk\/wp-content\/uploads\/2026\/06\/ilustracne-foto-zdroj-getty-images.jpg\" alt=\"Ilustra\u010dn\u00e9 foto. Zdroj Getty Images\" style=\"aspect-ratio: 1.33;object-fit: cover; display:inline; width: 100%;\" fetchpriority=\"high\"\/><\/p>\n<p>\t\t\t\t\tIlustra\u010dn\u00e9 foto. Zdroj Getty Images<\/p>\n<p>\t\t<img decoding=\"async\" src=\"https:\/\/www.europesays.com\/sk\/wp-content\/uploads\/2026\/06\/1780949238_955_author-default.jpg\" aria-label=\"Autor\"\/><\/p>\n<p>Z\u00e1kladn\u00e1 \u0161kola (Z\u0160) na Bieloruskej ulici v bratislavsk\u00fdch Podunajsk\u00fdch Biskupiciach bude nies\u0165 \u010destn\u00fd n\u00e1zov Z\u00e1kladn\u00e1 \u0161kola 17. novembra. Vedeniu \u0161koly a mestskej \u010dasti sa podarilo po dlh\u0161om procese, po\u010das ktor\u00e9ho bolo potrebn\u00e9 \u201eprekona\u0165\u201c aj zamietav\u00e9 stanovisko Region\u00e1lneho \u00faradu \u0161kolskej spr\u00e1vy v Bratislave, \u00faspe\u0161ne zav\u0155\u0161i\u0165 t\u00fato snahu. TASR o tom informoval J\u00e1n Bor\u010din z miestneho \u00faradu. N\u00e1vrh na \u010destn\u00fd n\u00e1zov schv\u00e1lilo miestne zastupite\u013estvo e\u0161te vlani v septembri.<\/p>\n<p>\u201eV \u010dase, ke\u010f sa demokracia v mnoh\u00fdch oblastiach verejn\u00e9ho \u017eivota postupne vytr\u00e1ca alebo sa relativizuje jej v\u00fdznam, my jej odkaz vedome zv\u00fdraz\u0148ujeme. K\u00fdm sa sloboda a demokracia vytr\u00e1caj\u00fa z kalend\u00e1rov, my ich d\u00e1vame na piedest\u00e1l a pripom\u00edname ich v\u00fdznam s\u00fa\u010dasnej aj bud\u00facim gener\u00e1ci\u00e1m,\u201c skon\u0161tatoval starosta Podunajsk\u00fdch Biskup\u00edc Roman Lamo\u0161.<\/p>\n<p>Rozhodnutie nadv\u00e4zuje na iniciat\u00edvu samospr\u00e1vy a vedenia \u0161koly z roku 2025, kedy si \u0161kola pripom\u00ednala 50. v\u00fdro\u010die svojho zalo\u017eenia. Nov\u00fd \u010destn\u00fd n\u00e1zov odkazuje na jednu z najv\u00fdznamnej\u0161\u00edch udalost\u00ed modern\u00fdch slovensk\u00fdch dej\u00edn a z\u00e1rove\u0148 na hodnoty slobody, demokracie, ob\u010dianskej zodpovednosti a humanizmu. Schv\u00e1lenie n\u00e1zvu tak vn\u00edma mestsk\u00e1 \u010das\u0165 nielen ako symbolick\u00e9 gesto, ale aj ako jasn\u00e9 vyjadrenie podpory hodnot\u00e1m, na ktor\u00fdch stoj\u00ed demokratick\u00e1 spolo\u010dnos\u0165.<\/p>\n<p>Miestny \u00farad z\u00e1rove\u0148 zd\u00f4raznil aj v\u00fdznam n\u00e1zvu pre vzdel\u00e1vac\u00ed proces a budovanie demokratick\u00fdch hodn\u00f4t u det\u00ed. Pripomenul, \u017ee \u0161kola nie je len miestom odovzd\u00e1vania vedomost\u00ed, ale aj priestorom, kde sa deti u\u010dia rozli\u0161ova\u0165 medzi slobodou a neslobodou, medzi zodpovednos\u0165ou a \u013eahostajnos\u0165ou. \u010cestn\u00fd n\u00e1zov Z\u00e1kladn\u00e1 \u0161kola 17. novembra tak m\u00e1 by\u0165 aj ka\u017edodennou pripomienkou toho, \u017ee demokracia nie je samozrejmos\u0165, ale hodnota, ktor\u00fa je potrebn\u00e9 chr\u00e1ni\u0165 a rozv\u00edja\u0165.<\/p>\n<p>Mohlo by v\u00e1s zauj\u00edma\u0165:<\/p>\n<p>Reklama<\/p>\n<p> div {<br \/>\ntext-align: left;<br \/>\nfont-size: 12px;<br \/>\ncolor: #6f6f6f;<br \/>\n}<\/p>\n<p>#onnetwork-banner > div:first-child {<br \/>\ntext-align: left;<br \/>\nfont-weight: 700;<br \/>\npadding-bottom: 5px;<br \/>\nfont-size: 14px;<br \/>\ncolor: #000000;<br \/>\n}<\/p>\n<p>]]><\/p>\n<p>Riadite\u013e \u0161koly Ivan Pavlov z\u00e1rove\u0148 podotkol, \u017ee odkaz 17. novembra, ktor\u00fd je s\u00fa\u010dasne aj Medzin\u00e1rodn\u00fdm d\u0148om \u0161tudentstva, je dlhodobo s\u00fa\u010das\u0165ou identity \u0161koly. \u201eHodnoty Novembra 1989 s\u00fa prirodzenou s\u00fa\u010das\u0165ou n\u00e1\u0161ho \u0161kolsk\u00e9ho vzdel\u00e1vacieho programu i ka\u017edodenn\u00e9ho \u017eivota \u0161koly. Nov\u00fd n\u00e1zov nevn\u00edmame len ako form\u00e1lnu zmenu, ale ako vyjadrenie toho, k \u010domu sa hl\u00e1sime. Chceme, aby na\u0161i \u017eiaci poznali historick\u00e9 s\u00favislosti, rozumeli v\u00fdznamu slobody a demokracie a boli pripraven\u00ed nies\u0165 tieto hodnoty \u010falej,\u201c poznamenal Pavlov.<\/p>\n<p class=\"tags\">Viac o t\u00e9me: <a href=\"https:\/\/regiony.zoznam.sk\/tag\/bratislava\/\" rel=\"nofollow noopener\" target=\"_blank\">Bratislava<\/a>, <a href=\"https:\/\/regiony.zoznam.sk\/tag\/demokracia\/\" rel=\"nofollow noopener\" target=\"_blank\">demokracia<\/a>, <a href=\"https:\/\/regiony.zoznam.sk\/tag\/hodnoty\/\" rel=\"nofollow noopener\" target=\"_blank\">hodnoty<\/a>, <a href=\"https:\/\/regiony.zoznam.sk\/tag\/novinky\/\" rel=\"nofollow noopener\" target=\"_blank\">novinky<\/a>, <a href=\"https:\/\/regiony.zoznam.sk\/tag\/podunajske-biskupice\/\" rel=\"nofollow noopener\" target=\"_blank\">Podunajsk\u00e9 Biskupice<\/a>, <a href=\"https:\/\/regiony.zoznam.sk\/tag\/skolstvo\/\" rel=\"nofollow noopener\" target=\"_blank\">\u0161kolstvo<\/a>, <a href=\"https:\/\/regiony.zoznam.sk\/tag\/sloboda\/\" rel=\"nofollow noopener\" target=\"_blank\">sloboda<\/a>, <a href=\"https:\/\/regiony.zoznam.sk\/tag\/vzdelavanie\/\" rel=\"nofollow noopener\" target=\"_blank\">vzdel\u00e1vanie<\/a><\/p>\n<p>\t\tKoment\u00e1re k \u010dl\u00e1nku<\/p>\n<p>Moment\u00e1lne nie je pridan\u00fd \u017eiadny koment\u00e1r<\/p>\n","protected":false},"excerpt":{"rendered":"Ilustra\u010dn\u00e9 foto. Zdroj Getty Images Z\u00e1kladn\u00e1 \u0161kola (Z\u0160) na Bieloruskej ulici v bratislavsk\u00fdch Podunajsk\u00fdch Biskupiciach bude nies\u0165 \u010destn\u00fd&hellip;\n","protected":false},"author":2,"featured_media":92176,"comment_status":"","ping_status":"","sticky":false,"template":"","format":"standard","meta":{"footnotes":"","_share_on_mastodon":"0"},"categories":[21],"tags":[136,20612,6199,96,5073,43,1501,6262,40,39,42,41,569],"class_list":["post-92175","post","type-post","status-publish","format-standard","has-post-thumbnail","category-bratislava","tag-bratislava","tag-demokracia","tag-hodnoty","tag-novinky","tag-podunajske-biskupice","tag-sk","tag-skolstvo","tag-sloboda","tag-slovak","tag-slovakia","tag-slovencina","tag-slovensko","tag-vzdelavanie"],"share_on_mastodon":{"url":"https:\/\/pubeurope.com\/@sk\/116716296327129803","error":""},"_links":{"self":[{"href":"https:\/\/www.europesays.com\/sk\/wp-json\/wp\/v2\/posts\/92175","targetHints":{"allow":["GET"]}}],"collection":[{"href":"https:\/\/www.europesays.com\/sk\/wp-json\/wp\/v2\/posts"}],"about":[{"href":"https:\/\/www.europesays.com\/sk\/wp-json\/wp\/v2\/types\/post"}],"author":[{"embeddable":true,"href":"https:\/\/www.europesays.com\/sk\/wp-json\/wp\/v2\/users\/2"}],"replies":[{"embeddable":true,"href":"https:\/\/www.europesays.com\/sk\/wp-json\/wp\/v2\/comments?post=92175"}],"version-history":[{"count":0,"href":"https:\/\/www.europesays.com\/sk\/wp-json\/wp\/v2\/posts\/92175\/revisions"}],"wp:featuredmedia":[{"embeddable":true,"href":"https:\/\/www.europesays.com\/sk\/wp-json\/wp\/v2\/media\/92176"}],"wp:attachment":[{"href":"https:\/\/www.europesays.com\/sk\/wp-json\/wp\/v2\/media?parent=92175"}],"wp:term":[{"taxonomy":"category","embeddable":true,"href":"https:\/\/www.europesays.com\/sk\/wp-json\/wp\/v2\/categories?post=92175"},{"taxonomy":"post_tag","embeddable":true,"href":"https:\/\/www.europesays.com\/sk\/wp-json\/wp\/v2\/tags?post=92175"}],"curies":[{"name":"wp","href":"https:\/\/api.w.org\/{rel}","templated":true}]}}