{"id":92825,"date":"2026-06-09T15:01:09","date_gmt":"2026-06-09T15:01:09","guid":{"rendered":"https:\/\/www.europesays.com\/sk\/92825\/"},"modified":"2026-06-09T15:01:09","modified_gmt":"2026-06-09T15:01:09","slug":"poslanci-nebudu-odvolavat-tibora-gaspara-odmietli-program-schodze","status":"publish","type":"post","link":"https:\/\/www.europesays.com\/sk\/92825\/","title":{"rendered":"Poslanci nebud\u00fa odvol\u00e1va\u0165 Tibora Ga\u0161para, odmietli program sch\u00f4dze"},"content":{"rendered":"<p>BRATISLAVA &#8211; Poslanci N\u00e1rodnej rady (NR) SR v utorok popoludn\u00ed neza\u010dali rokova\u0165 na mimoriadnej sch\u00f4dzi k odvol\u00e1vaniu podpredsedu NR SR Tibora Ga\u0161para (Smer-SD) z funkcie. Poslanci toti\u017e odmietli program sch\u00f4dze, predseda NR SR Richard Ra\u0161i (Hlas-SD) preto sch\u00f4dzu ukon\u010dil. N\u00e1vrh na odvolanie Ga\u0161para podali poslankyne z opozi\u010dn\u00e9ho Progres\u00edvneho Slovenska (PS). D\u00f4vody s\u00favisia s pr\u00edpadom O\u010distec, v ktorom figuruje Ga\u0161par ako ob\u017ealovan\u00fd.<\/p>\n<p>Poslankyne vidia v doteraj\u0161om verejnom vystupovan\u00ed a politick\u00fdch aktivit\u00e1ch Ga\u0161para vo funkcii podpredsedu parlamentu snahu \u201evyu\u017e\u00edva\u0165 p\u00f4sobenie v NR SR na presadzovanie krokov, ktor\u00e9 m\u00f4\u017eu ma\u0165 priamy alebo nepriamy s\u00favis s jeho vlastnou trestnou vecou alebo s trestn\u00fdmi konaniami veden\u00fdmi vo\u010di osob\u00e1m z jeho bl\u00edzkeho prostredia\u201c. To pod\u013ea nich vyvol\u00e1va opr\u00e1vnen\u00e9 pochybnosti o tom, \u010di v\u00fdkon funkcie podpredsedu parlamentu nie je zneu\u017e\u00edvan\u00fd na presadzovanie osobn\u00fdch z\u00e1ujmov.<\/p>\n<p style=\"text-align:center\">arch\u00edvne video\t<\/p>\n<p>Tibor Ga\u0161par zd\u00f4raznil, \u017ee v pr\u00edpade O\u010distec konali zaujat\u00ed vy\u0161etrovatelia aj prokur\u00e1tori\t\t(Zdroj: TASR\/J\u00e1n Kro\u0161l\u00e1k)\t<\/p>\n<\/p>\n<p>\u201eJe nevyhnutn\u00e9 zabezpe\u010di\u0165, aby predstavitelia N\u00e1rodnej rady SR vykon\u00e1vali svoje funkcie sp\u00f4sobom, ktor\u00fd nevyvol\u00e1va pochybnosti o ich integrite a re\u0161pekte k princ\u00edpom pr\u00e1vneho \u0161t\u00e1tu,\u201c zd\u00f4raznili poslankyne PS v od\u00f4vodnen\u00ed svojho n\u00e1vrhu. Pokus o svoje odvol\u00e1vanie vn\u00edma Ga\u0161par ako snahou o prekrytie kauzy matky l\u00eddra opozi\u010dn\u00e9ho PS Michala \u0160ime\u010dku. Minul\u00fd t\u00fd\u017ede\u0148 tie\u017e hovoril o opozi\u010dnej i medi\u00e1lnej hyst\u00e9rii vo\u010di jeho osobe. Hlavn\u00e9 pojedn\u00e1vanie v kauze O\u010distec od\u0161tartovalo v pondelok (8. 6.). Kauza sa t\u00fdka podozren\u00ed z \u00fadajn\u00e9ho vytvorenia a fungovania zlo\u010dineckej skupiny v r\u00e1mci najvy\u0161\u0161\u00edch zlo\u017eiek pol\u00edcie a bezpe\u010dnostn\u00fdch org\u00e1nov v obdob\u00ed rokov 2012 a\u017e 2018.<\/p>\n","protected":false},"excerpt":{"rendered":"BRATISLAVA &#8211; Poslanci N\u00e1rodnej rady (NR) SR v utorok popoludn\u00ed neza\u010dali rokova\u0165 na mimoriadnej sch\u00f4dzi k odvol\u00e1vaniu podpredsedu&hellip;\n","protected":false},"author":2,"featured_media":92826,"comment_status":"","ping_status":"","sticky":false,"template":"","format":"standard","meta":{"footnotes":"","_share_on_mastodon":"0"},"categories":[6],"tags":[10684,9963,10022,43,40,44,39,42,45,41,1345],"class_list":["post-92825","post","type-post","status-publish","format-standard","has-post-thumbnail","category-slovensko","tag-nrsr","tag-odvolavanie","tag-schodza","tag-sk","tag-slovak","tag-slovak-republic","tag-slovakia","tag-slovencina","tag-slovenska-republika","tag-slovensko","tag-tibor-gaspar"],"share_on_mastodon":{"url":"https:\/\/pubeurope.com\/@sk\/116720755537619738","error":""},"_links":{"self":[{"href":"https:\/\/www.europesays.com\/sk\/wp-json\/wp\/v2\/posts\/92825","targetHints":{"allow":["GET"]}}],"collection":[{"href":"https:\/\/www.europesays.com\/sk\/wp-json\/wp\/v2\/posts"}],"about":[{"href":"https:\/\/www.europesays.com\/sk\/wp-json\/wp\/v2\/types\/post"}],"author":[{"embeddable":true,"href":"https:\/\/www.europesays.com\/sk\/wp-json\/wp\/v2\/users\/2"}],"replies":[{"embeddable":true,"href":"https:\/\/www.europesays.com\/sk\/wp-json\/wp\/v2\/comments?post=92825"}],"version-history":[{"count":0,"href":"https:\/\/www.europesays.com\/sk\/wp-json\/wp\/v2\/posts\/92825\/revisions"}],"wp:featuredmedia":[{"embeddable":true,"href":"https:\/\/www.europesays.com\/sk\/wp-json\/wp\/v2\/media\/92826"}],"wp:attachment":[{"href":"https:\/\/www.europesays.com\/sk\/wp-json\/wp\/v2\/media?parent=92825"}],"wp:term":[{"taxonomy":"category","embeddable":true,"href":"https:\/\/www.europesays.com\/sk\/wp-json\/wp\/v2\/categories?post=92825"},{"taxonomy":"post_tag","embeddable":true,"href":"https:\/\/www.europesays.com\/sk\/wp-json\/wp\/v2\/tags?post=92825"}],"curies":[{"name":"wp","href":"https:\/\/api.w.org\/{rel}","templated":true}]}}