{"id":94462,"date":"2026-06-11T09:37:11","date_gmt":"2026-06-11T09:37:11","guid":{"rendered":"https:\/\/www.europesays.com\/sk\/94462\/"},"modified":"2026-06-11T09:37:11","modified_gmt":"2026-06-11T09:37:11","slug":"schindlerova-a-jesenska-zmenili-povolanie-od-takychto-krasnych-kurierok-by-chcel-balik-kazdy","status":"publish","type":"post","link":"https:\/\/www.europesays.com\/sk\/94462\/","title":{"rendered":"Schindlerov\u00e1 a Jesensk\u00e1 zmenili povolanie: Od tak\u00fdchto kr\u00e1snych kuri\u00e9rok by chcel bal\u00edk ka\u017ed\u00fd!"},"content":{"rendered":"<p>BRATISLAVA &#8211; Desiatky zn\u00e1mych osobnost\u00ed vymenili na jeden de\u0148 svoje profesie za \u00falohu kuri\u00e9rov a vyrazili do ul\u00edc Bratislavy na bicykloch. <\/p>\n<p>V stredu predpoludn\u00edm sa bratislavsk\u00e1 Mileti\u010dka op\u00e4\u0165 stala \u0161tartovac\u00edm bodom v\u00fdnimo\u010dn\u00e9ho dobro\u010dinn\u00e9ho projektu Misia \u2013 aby bol svet lep\u0161\u00ed. Tradi\u010dn\u00e1 charitat\u00edvna akcia ka\u017edoro\u010dne sp\u00e1ja zn\u00e1me osobnosti, dobrovo\u013en\u00edkov a \u013eud\u00ed s ve\u013ek\u00fdm srdcom s jedin\u00fdm cie\u013eom \u2013 pom\u00f4c\u0165 de\u0165om, ktor\u00e9 to najviac potrebuj\u00fa.<\/p>\n<p>Misia pre deti\t\t(Zdroj: Tom\u00e1\u0161 Hamb\u00e1lek)\t<\/p>\n<p>\nPo\u010das jedin\u00e9ho d\u0148a vyr\u00e1\u017eaj\u00fa do ul\u00edc desiatky zn\u00e1mych tv\u00e1r\u00ed na bicykloch v \u00falohe kuri\u00e9rov. Ich \u00falohou je doru\u010di\u0165 umeleck\u00e9 certifik\u00e1ty priamo do dom\u00e1cnost\u00ed, kancel\u00e1ri\u00ed, kaviarn\u00ed \u010di dieln\u00ed. V\u00fd\u0165a\u017eok z predaja certifik\u00e1tov n\u00e1sledne putuje na n\u00e1kup zdravotn\u00fdch pom\u00f4cok pre deti so zdravotn\u00fdm znev\u00fdhodnen\u00edm. Aj tento rok si cyklistick\u00e9 prilby nasadili viacer\u00e9 zn\u00e1me osobnosti. Na bicykle pre dobr\u00fa vec vysadli napr\u00edklad Nikita Slov\u00e1k, Karin Haydu, Sa\u0161a Gachulincov\u00e1, Milena Minichov\u00e1, \u0160tefan Martinovi\u010d, Lucia \u0160ipo\u0161ov\u00e1, Mari\u00e1n Mita\u0161 \u010di Richard Vrablec.<\/p>\n<p>\t<a href=\"https:\/\/www.topky.sk\/gl\/9578703\/6512831\/Schindlerova-a-Jesenska-zmenili-povolanie--Od-takychto-krasnych-kurierok-by-chcel-balik-kazdy-\" rel=\"nofollow noopener\" target=\"_blank\"><br \/>\n\t\t<img decoding=\"async\" alt=\"Na Misiu sa aj tento rok podujalo mnoho zn\u00e1mych osobnost\u00ed\" aria-describedby=\"img-res-6512831\" class=\"\" id=\"6512831\" loading=\"lazy\" onerror=\"imgArticleLoadErr(this)\" src=\"https:\/\/www.europesays.com\/sk\/wp-content\/uploads\/2026\/06\/Misia-pre-deti-Misia---Aby-bol-svet-lepsi.jpg\" style=\"aspect-ratio:1.500\" title=\"Na Misiu sa aj\"\/>\t\t\t<\/p>\n<p>\n\t\t\t\tZobrazi\u0165 gal\u00e9riu (45)\t\t\t<\/p>\n<p>\t<\/a><\/p>\n<p>Na Misiu sa aj tento rok podujalo mnoho zn\u00e1mych osobnost\u00ed\t\u00a0(Zdroj: Vlado Anjel)<\/p>\n<p>Pr\u00e1ve ten sa po n\u00e1ro\u010dnom dni prihovoril svojim fan\u00fa\u0161ikom na soci\u00e1lnej sieti: \u201eHotovo. Bodka. V\u0161etk\u00fdm, ktor\u00ed ste na m\u0148a tr\u00fabili a skr\u00ed\u017eil som v\u00e1m po\u010das m\u00f4jho osemhodinov\u00e9ho jazdenia cestu, prep\u00e1\u010dte. By\u0165 kuri\u00e9rom nie je sranda. Obdivujem v\u00e1s. MISIA \u2013 Aby bol svet lep\u0161\u00ed, \u010fakujem, \u017ee som mohol by\u0165 s\u00fa\u010das\u0165ou. Kr\u00e1sny projekt,\u201c nap\u00edsal po absolvovan\u00ed svojej kuri\u00e9rskej slu\u017eby. Medzi dobrovo\u013en\u00fdmi kuri\u00e9rmi nech\u00fdbali ani spev\u00e1\u010dka Martina Schindlerov\u00e1 \u010di moder\u00e1torka Katar\u00edna Jesensk\u00e1. Od tak\u00fdchto kr\u00e1snych kuri\u00e9rok by chcel dozaista bal\u00edk ka\u017ed\u00fd, aj v be\u017en\u00fd de\u0148!<\/p>\n<p>\t<a href=\"https:\/\/www.topky.sk\/gl\/9578703\/6512791\/Schindlerova-a-Jesenska-zmenili-povolanie--Od-takychto-krasnych-kurierok-by-chcel-balik-kazdy-\" rel=\"nofollow noopener\" target=\"_blank\"><br \/>\n\t\t<img decoding=\"async\" alt=\"Na Misiu sa aj tento rok podujalo mnoho zn\u00e1mych osobnost\u00ed\" aria-describedby=\"img-res-6512791\" class=\"\" id=\"6512791\" loading=\"lazy\" onerror=\"imgArticleLoadErr(this)\" src=\"https:\/\/www.europesays.com\/sk\/wp-content\/uploads\/2026\/06\/1781170628_401_Misia-pre-deti-Misia---Aby-bol-svet-lepsi.jpg\" style=\"aspect-ratio:1.501\" title=\"Na Misiu sa aj\"\/>\t\t\t<\/p>\n<p>\n\t\t\t\tZobrazi\u0165 gal\u00e9riu (45)\t\t\t<\/p>\n<p>\t<\/a><\/p>\n<p>Na Misiu sa aj tento rok podujalo mnoho zn\u00e1mych osobnost\u00ed\t\u00a0(Zdroj: Vlado Anjel)<\/p>\n<p>\t<a href=\"https:\/\/www.topky.sk\/gl\/9578703\/6512851\/Schindlerova-a-Jesenska-zmenili-povolanie--Od-takychto-krasnych-kurierok-by-chcel-balik-kazdy-\" rel=\"nofollow noopener\" target=\"_blank\"><br \/>\n\t\t<img decoding=\"async\" alt=\"Na Misiu sa aj tento rok podujalo mnoho zn\u00e1mych osobnost\u00ed\" aria-describedby=\"img-res-6512851\" class=\"\" id=\"6512851\" loading=\"lazy\" onerror=\"imgArticleLoadErr(this)\" src=\"https:\/\/www.europesays.com\/sk\/wp-content\/uploads\/2026\/06\/1781170628_755_Misia-pre-deti-Misia---Aby-bol-svet-lepsi.jpg\" style=\"aspect-ratio:1.500\" title=\"Na Misiu sa aj\"\/>\t\t\t<\/p>\n<p>\n\t\t\t\tZobrazi\u0165 gal\u00e9riu (45)\t\t\t<\/p>\n<p>\t<\/a><\/p>\n<p>Na Misiu sa aj tento rok podujalo mnoho zn\u00e1mych osobnost\u00ed\t\u00a0(Zdroj: Vlado Anjel)<\/p>\n<p>\t\tHlasovanie ukon\u010den\u00e9<\/p>\n<p>\t\t\t\t{{ poll.title }}<\/p>\n<p>\t\t\t\t\t<img :alt=\"pollImageDescription()\" :src=\"https:\/\/www.topky.sk\/cl\/100313\/9418409\/poll.img_url\" class=\"box-quiz-new-image-questionnaire\"\/><\/p>\n<p>{{ poll.image_description }} (Zdroj: {{ poll.image_resource }})<\/p>\n<p>\t\t\t\t\t\t\t\t\t\t\t<img :alt=\"questionImageDescription(question)\" :src=\"https:\/\/www.topky.sk\/cl\/100313\/9418409\/question.img_url\" class=\"box-quiz-new-image-top\"\/><\/p>\n<p>Zdroj: {{ question.image_resource }}<\/p>\n<p>\n\t\t\t\t\t\t\t\t\t\t\t{{ question.text }}\n\t\t\t\t\t\t\t\t\t\t<\/p>\n<p>{{ question.text }}<\/p>\n<p>\t\t\t\t\t\t\t\t\t\t\t\t\t\t<img :alt=\"questionImageDescription(question)\" :src=\"https:\/\/www.topky.sk\/cl\/100313\/9418409\/question.img_url\" class=\"box-quiz-new-image-top\"\/><\/p>\n<p>Zdroj: {{ question.image_resource }}<\/p>\n<p>{{ poll.title }}<\/p>\n<p>{{ question.text }}<\/p>\n<p>\t\t\t\t\t\t\t\t\t\t\t\t\t\t<img :alt=\"questionImageDescription(question)\" :src=\"https:\/\/www.topky.sk\/cl\/100313\/9418409\/question.img_url\" class=\"box-quiz-new-image-top\"\/><\/p>\n<p>Zdroj: {{ question.image_resource }}<\/p>\n<p>{{ poll.rating_worst}}<\/p>\n<p>{{ poll.rating_best}}<\/p>\n<p>{{ poll.rating_best}}<\/p>\n<p>{{ poll.rating_worst}}<\/p>\n<p>\t\t\t\t\t\t\t\t\t\t\t\t\t{{ answer.text }}<\/p>\n<p>\t\t\t\t\t\t\t\t\t\t\t\t\t{{ answer.text }}<\/p>\n<p>\t\t\t\t\t{{ poll.title }}<\/p>\n<p v-if=\"poll.contact_form\">{{ poll.thanks }}<\/p>\n<p>{{ question.text }}<\/p>\n<p>\t\t\t\t\t\t\t\t\t<img :alt=\"questionImageDescription(question)\" :src=\"https:\/\/www.topky.sk\/cl\/100313\/9418409\/question.img_url\" class=\"box-quiz-new-image-top\"\/><\/p>\n<p>Zdroj: {{ question.image_resource }}<\/p>\n<p>Priemern\u00e9 hodnotenie: {{ question.rating }}<\/p>\n<p> Va\u0161e hodnotenie: {{ question.user_rating }}<\/p>\n<p>{{ question.text }}<\/p>\n<p>\t\t\t\t\t\t\t\t\t<img :alt=\"questionImageDescription(question)\" :src=\"https:\/\/www.topky.sk\/cl\/100313\/9418409\/question.img_url\" class=\"box-quiz-new-image-top\"\/><\/p>\n<p>Zdroj: {{ question.image_resource }}<\/p>\n<p>{{ poll.rating_worst}}<\/p>\n<p>{{ poll.rating_best}}<\/p>\n<p>{{ poll.rating_best}}<\/p>\n<p>{{ poll.rating_worst}}<\/p>\n<p>Priemern\u00e9 hodnotenie: {{ question.rating }}<\/p>\n<p> Va\u0161e hodnotenie: {{ question.user_rating }}<\/p>\n<p>Hlasovalo: {{questions[0].votes}}<\/p>\n<p>\t\t\t\t\t\t{{ poll.title }}<\/p>\n<p>\t\t\t\t\t\t\t<img :alt=\"pollImageDescription()\" :src=\"https:\/\/www.topky.sk\/cl\/100313\/9418409\/poll.img_url\" class=\"box-quiz-new-image-questionnaire\"\/><\/p>\n<p>{{ poll.image_description }} (Zdroj: {{ poll.image_resource }})<\/p>\n<p>{{ qIndex+1 }}\/{{ questions.length }}<\/p>\n<p>\t\t\t\t\t\t\t\t\t<img :alt=\"questionImageDescription(question)\" :src=\"https:\/\/www.topky.sk\/cl\/100313\/9418409\/question.img_url\" class=\"box-quiz-new-image-top\"\/><br \/>\n\t\t\t\t\t\t\t\t\t<a class=\"box-quiz-new-magnifier\" href=\"#\" title=\"Zv\u00e4\u010d\u0161i\u0165 obr\u00e1zok\">\u00a0<\/a><\/p>\n<p>Zdroj: {{ question.image_resource }}<\/p>\n<p>{{ question.text }}<\/p>\n<p>M\u00f4\u017eete ozna\u010di\u0165 viacero odpoved\u00ed.<\/p>\n<p class=\"profile-name\">{{ profiles[profileEvalueated.index].name }}<\/p>\n<p v-if=\"poll.show_profiles_percentage\">Zhoda: {{ profileEvalueated.weightPercentage }}%<\/p>\n<p>\t\t\t\t\t\t\t\t\t<img :alt=\"profiles[profileEvalueated.index].image_description\" :src=\"https:\/\/www.topky.sk\/cl\/100313\/9418409\/profiles[profileEvalueated.index].img_url\" class=\"box-quiz-new-image-questionnaire\"\/><\/p>\n<p>{{ profiles[profileEvalueated.index].image_description }} (Zdroj: {{ profiles[profileEvalueated.index].image_resource }})<\/p>\n<p><\/p>\n<p>\t\t\t\t\t\t\t\u00d7<br \/>\n\t\t\t\t\t\t\t<img :alt=\"imageModal.imgDescription\" :src=\"https:\/\/www.topky.sk\/cl\/100313\/9418409\/imageModal.imgUrl\" :style=\"isEmbed ? computeModalImageStyle() : ''\"\/><\/p>\n","protected":false},"excerpt":{"rendered":"BRATISLAVA &#8211; Desiatky zn\u00e1mych osobnost\u00ed vymenili na jeden de\u0148 svoje profesie za \u00falohu kuri\u00e9rov a vyrazili do ul\u00edc&hellip;\n","protected":false},"author":2,"featured_media":94463,"comment_status":"","ping_status":"","sticky":false,"template":"","format":"standard","meta":{"footnotes":"","_share_on_mastodon":"0"},"categories":[6],"tags":[33216,33215,43,40,44,39,42,45,41],"class_list":["post-94462","post","type-post","status-publish","format-standard","has-post-thumbnail","category-slovensko","tag-misia-aby-bol-svet-lepsi","tag-misia-pre-deti","tag-sk","tag-slovak","tag-slovak-republic","tag-slovakia","tag-slovencina","tag-slovenska-republika","tag-slovensko"],"share_on_mastodon":{"url":"https:\/\/pubeurope.com\/@sk\/116730806129888532","error":""},"_links":{"self":[{"href":"https:\/\/www.europesays.com\/sk\/wp-json\/wp\/v2\/posts\/94462","targetHints":{"allow":["GET"]}}],"collection":[{"href":"https:\/\/www.europesays.com\/sk\/wp-json\/wp\/v2\/posts"}],"about":[{"href":"https:\/\/www.europesays.com\/sk\/wp-json\/wp\/v2\/types\/post"}],"author":[{"embeddable":true,"href":"https:\/\/www.europesays.com\/sk\/wp-json\/wp\/v2\/users\/2"}],"replies":[{"embeddable":true,"href":"https:\/\/www.europesays.com\/sk\/wp-json\/wp\/v2\/comments?post=94462"}],"version-history":[{"count":0,"href":"https:\/\/www.europesays.com\/sk\/wp-json\/wp\/v2\/posts\/94462\/revisions"}],"wp:featuredmedia":[{"embeddable":true,"href":"https:\/\/www.europesays.com\/sk\/wp-json\/wp\/v2\/media\/94463"}],"wp:attachment":[{"href":"https:\/\/www.europesays.com\/sk\/wp-json\/wp\/v2\/media?parent=94462"}],"wp:term":[{"taxonomy":"category","embeddable":true,"href":"https:\/\/www.europesays.com\/sk\/wp-json\/wp\/v2\/categories?post=94462"},{"taxonomy":"post_tag","embeddable":true,"href":"https:\/\/www.europesays.com\/sk\/wp-json\/wp\/v2\/tags?post=94462"}],"curies":[{"name":"wp","href":"https:\/\/api.w.org\/{rel}","templated":true}]}}