{"id":95203,"date":"2026-06-12T06:54:07","date_gmt":"2026-06-12T06:54:07","guid":{"rendered":"https:\/\/www.europesays.com\/sk\/95203\/"},"modified":"2026-06-12T06:54:07","modified_gmt":"2026-06-12T06:54:07","slug":"taliansky-rocker-zucchero-prichadza-do-bratislavy","status":"publish","type":"post","link":"https:\/\/www.europesays.com\/sk\/95203\/","title":{"rendered":"Taliansky rocker Zucchero prich\u00e1dza do Bratislavy"},"content":{"rendered":"<p>Bratislava 12. j\u00fana (TASR) &#8211; Taliansky rock bude znie\u0165 v piatok ve\u010der v bratislavskej Tipos ar\u00e9ne. Na turn\u00e9 Zucchero World Tour 2026 tu odohr\u00e1 koncert st\u00e1le popul\u00e1rny rocker Adelmo Fornaciari, svetovo zn\u00e1my pod menom Zucchero.<\/p>\n<p>Fan\u00fa\u0161ikovia si e\u0161te \u017eivo pam\u00e4taj\u00fa jeho koncert 28. j\u00fala 2024 na Bratislavskom hrade. Tento sedemdesiatro\u010dn\u00fd rocker je autorom tak\u00fdch hitov, ako Senza una donna, Baila Morena, Diamante, Wonderful World \u010di Everytime You Go Away. Teraz k n\u00e1m prich\u00e1dza predstavi\u0165 svoj najnov\u0161\u00ed album Discover II, ktor\u00fd vydal v novembri 2024. Pon\u00faka na \u0148om svoje ob\u013e\u00faben\u00e9 piesne z talianskeho, ale aj medzin\u00e1rodn\u00e9ho reperto\u00e1ru vo svojom nezamenite\u013enom \u0161t\u00fdle. <\/p>\n<p>Adelmo Fornaciari, naroden\u00fd 25. septembra 1955 v Roncocesi, dostal prez\u00fdvku Zucchero od u\u010dite\u013ea u\u017e na z\u00e1kladnej \u0161kole. V\u00e4\u010d\u0161inu svojho detstva pre\u017eil v pr\u00edmorskom meste\u010dku Forte dei Marmi. Tam spieval v zbore a hral na organe v miestnom kostole. Mal 12 rokov, ke\u010f v\u010faka afroamerick\u00e9mu priate\u013eovi objavil americk\u00fa soulov\u00fa a bluesov\u00fa hudbu. Jeho hudobn\u00e1 kari\u00e9ra sa za\u010dala v roku 1970. Po\u010diato\u010dn\u00fd \u00faspech zaznamenal so skupinou Taxi, s ktorou v roku 1981 vyhral hudobn\u00fd festival Castrocaro. Prv\u00fd album Un po&#8216; di Zucchero vydal v roku 1983. Dnes m\u00e1 na svojom konte 15 \u0161t\u00fadiov\u00fdch albumov. <\/p>\n<p>Bratislava Zucchera dobre pozn\u00e1, koncertoval tu 7. m\u00e1ja 2008 a 20. j\u00fana 2013. V r\u00e1mci World Tour 2024 Overdose D&#8217;Amore sa tret\u00edkr\u00e1t predstavil 28. j\u00fala 2024 na Bratislavskom hrade.<\/p>\n","protected":false},"excerpt":{"rendered":"Bratislava 12. j\u00fana (TASR) &#8211; Taliansky rock bude znie\u0165 v piatok ve\u010der v bratislavskej Tipos ar\u00e9ne. Na turn\u00e9&hellip;\n","protected":false},"author":2,"featured_media":95204,"comment_status":"","ping_status":"","sticky":false,"template":"","format":"standard","meta":{"footnotes":"","_share_on_mastodon":"0"},"categories":[21],"tags":[136,88,893,43,40,39,42,41,33442],"class_list":["post-95203","post","type-post","status-publish","format-standard","has-post-thumbnail","category-bratislava","tag-bratislava","tag-hudba","tag-koncert","tag-sk","tag-slovak","tag-slovakia","tag-slovencina","tag-slovensko","tag-zucchero"],"share_on_mastodon":{"url":"https:\/\/pubeurope.com\/@sk\/116735827481641472","error":""},"_links":{"self":[{"href":"https:\/\/www.europesays.com\/sk\/wp-json\/wp\/v2\/posts\/95203","targetHints":{"allow":["GET"]}}],"collection":[{"href":"https:\/\/www.europesays.com\/sk\/wp-json\/wp\/v2\/posts"}],"about":[{"href":"https:\/\/www.europesays.com\/sk\/wp-json\/wp\/v2\/types\/post"}],"author":[{"embeddable":true,"href":"https:\/\/www.europesays.com\/sk\/wp-json\/wp\/v2\/users\/2"}],"replies":[{"embeddable":true,"href":"https:\/\/www.europesays.com\/sk\/wp-json\/wp\/v2\/comments?post=95203"}],"version-history":[{"count":0,"href":"https:\/\/www.europesays.com\/sk\/wp-json\/wp\/v2\/posts\/95203\/revisions"}],"wp:featuredmedia":[{"embeddable":true,"href":"https:\/\/www.europesays.com\/sk\/wp-json\/wp\/v2\/media\/95204"}],"wp:attachment":[{"href":"https:\/\/www.europesays.com\/sk\/wp-json\/wp\/v2\/media?parent=95203"}],"wp:term":[{"taxonomy":"category","embeddable":true,"href":"https:\/\/www.europesays.com\/sk\/wp-json\/wp\/v2\/categories?post=95203"},{"taxonomy":"post_tag","embeddable":true,"href":"https:\/\/www.europesays.com\/sk\/wp-json\/wp\/v2\/tags?post=95203"}],"curies":[{"name":"wp","href":"https:\/\/api.w.org\/{rel}","templated":true}]}}