{"id":95329,"date":"2026-06-12T09:33:09","date_gmt":"2026-06-12T09:33:09","guid":{"rendered":"https:\/\/www.europesays.com\/sk\/95329\/"},"modified":"2026-06-12T09:33:09","modified_gmt":"2026-06-12T09:33:09","slug":"futbalova-horucka-zasiahne-aj-milujem-slovensko-skrtel-kucka-a-durica-sa-postavia-proti-znamym-modelkam-televizia","status":"publish","type":"post","link":"https:\/\/www.europesays.com\/sk\/95329\/","title":{"rendered":"Futbalov\u00e1 hor\u00fa\u010dka zasiahne aj Milujem Slovensko. \u0160krtel, Kucka a \u010eurica sa postavia proti zn\u00e1mym modelk\u00e1m &#8211; Telev\u00edzia"},"content":{"rendered":"<p itemprop=\"description\">Futbalov\u00e1 atmosf\u00e9ra sa z tr\u00e1vnikov presunie aj do z\u00e1bavnej \u0161ou Milujem Slovensko. V \u0161peci\u00e1lnej epiz\u00f3de sa v jednom t\u00edme predstavia Martin \u0160krtel, Juraj Kucka a J\u00e1n \u010eurica, proti ktor\u00fdm nast\u00fapia zn\u00e1me modelky Denisa Mendrejov\u00e1, Lenka Pol\u00e1\u010dkov\u00e1 a So\u0148a Skoncov\u00e1.<\/p>\n<p>Majstrovstv\u00e1 sveta vo futbale 2026\u00a0u\u017e naplno od\u0161tartovali a futbalov\u00e1 atmosf\u00e9ra sa pren\u00e1\u0161a aj mimo \u0161tadi\u00f3nov.<\/p>\n<p>K\u00fdm \u0161portov\u00ed fan\u00fa\u0161ikovia sleduj\u00fa z\u00e1pasy najlep\u0161\u00edch reprezent\u00e1ci\u00ed sveta na obrazovk\u00e1ch TV JOJ a JOJ \u0160port, ob\u013e\u00faben\u00e1 <a target=\"_blank\" href=\"https:\/\/www.mediaklik.sk\/hashtag\/milujem-slovensko\/\" rel=\"nofollow noopener\">\u0161ou Milujem Slovensko<\/a> prinesie vlastn\u00fd s\u00faboj, v\u00a0ktorom nep\u00f4jde o\u00a0g\u00f3ly, ale o\u00a0vedomosti, pohotovos\u0165, humor a t\u00edmov\u00e9ho\u00a0ducha.<\/p>\n<p>\t<a class=\"promo-clanok\" href=\"https:\/\/www.mediaklik.sk\/televizia\/clanok\/815887-shakira-otvaraci-ceremonial-ms-2026-kritika\/\" rel=\"nofollow noopener\" target=\"_blank\"> \t\t\t\t\t<img decoding=\"async\" src=\"https:\/\/www.europesays.com\/sk\/wp-content\/uploads\/2026\/06\/mexico-south-africa-wcup-soccer-stvorec.jpg\" class=\"promo-clanok-image\" alt=\"Mexico South Africa WCup Soccer\"\/> \t\t\t \t\t\t\t \t\t\t\t\t\t\t\t\t\t\t\u010c\u00edtajte viac \t\t\t\t\t\t\t\t\t \t\t\t\t \t\t\t\t\tShakira mala by\u0165 hviezdou ve\u010dera, no fan\u00fa\u0161ikovia zostali maxim\u00e1lne sklaman\u00ed. Otv\u00e1rac\u00ed ceremoni\u00e1l MS schytal tvrd\u00fa kritiku \t\t\t\t \t\t\t \t\t\t<\/a><\/p>\n<p>Piatkov\u00fd ve\u010der na JOJke sa toti\u017e ponesie v\u00a0znamen\u00ed futbalu. V\u00a0\u0161peci\u00e1lnej epiz\u00f3de sa proti sebe postavia dve v\u00fdrazn\u00e9 zostavy, ktor\u00e9 s\u013eubuj\u00fa poriadnu d\u00e1vku z\u00e1bavy aj priate\u013esk\u00e9ho podpichovania.<\/p>\n<p>Kapit\u00e1nmi t\u00edmov bud\u00fa tradi\u010dne Adela Vinczeov\u00e1 a Matej \u201eSajfa\u201c Cifra, cel\u00e9 dianie bude ma\u0165 pod kontrolou moder\u00e1tor Martin Nikod\u00fdm.<\/p>\n<p>Adela tentoraz povedie t\u00edm, v\u00a0ktorom sa stretn\u00fa tri zn\u00e1me men\u00e1 slovensk\u00e9ho futbalu. Do s\u00fa\u0165a\u017en\u00fdch kresiel \u201ezasadn\u00fa\u201c Martin \u0160krtel, Juraj Kucka a J\u00e1n \u010eurica.<\/p>\n<p>B\u00fdval\u00ed reprezentanti, ktor\u00ed po\u010das kari\u00e9ry nastupovali na ve\u013ek\u00fdch eur\u00f3pskych \u0161tadi\u00f3noch a \u010delili svetov\u00fdm futbalov\u00fdm hviezdam, si tentoraz vysk\u00fa\u0161aj\u00fa \u00faplne in\u00fa discipl\u00ednu. Namiesto s\u00fabojov na tr\u00e1vniku ich \u010dakaj\u00fa ot\u00e1zky o\u00a0Slovensku, ne\u010dakan\u00e9 \u00falohy a v\u00fdzvy, pri ktor\u00fdch bude rozhodova\u0165 nielen znalos\u0165, ale aj pohotovos\u0165 a zmysel pre\u00a0humor.<\/p>\n<p>Proti futbalovej zostave sa postav\u00ed t\u00edm Mateja \u201eSajfu\u201c Cifru, ktor\u00fd bude ma\u0165 na svojej strane zn\u00e1me tv\u00e1re zo sveta modelingu a m\u00e9di\u00ed. S\u00fa\u0165a\u017ei\u0165 bud\u00fa Denisa Mendrejov\u00e1, Lenka Pol\u00e1\u010dkov\u00e1 a So\u0148a Skoncov\u00e1, ktor\u00fa div\u00e1ci poznaj\u00fa aj ako moder\u00e1torku jojk\u00e1rskej rel\u00e1cie TOPSTAR.<\/p>\n<p>Pr\u00e1ve kontrast medzi futbalov\u00fdmi legendami a zn\u00e1mymi modelkami m\u00e1 by\u0165 jedn\u00fdm z\u00a0hlavn\u00fdch zdrojov z\u00e1bavy. Div\u00e1ci sa m\u00f4\u017eu te\u0161i\u0165 na ne\u010dakan\u00e9 odpovede, uvo\u013enen\u00fa atmosf\u00e9ru, s\u00fa\u0165a\u017en\u00e9 nap\u00e4tie aj momenty, v\u00a0ktor\u00fdch sa uk\u00e1\u017ee, \u017ee aj \u0161portovci zvyknut\u00ed na tlak ve\u013ek\u00fdch z\u00e1pasov m\u00f4\u017eu pri ot\u00e1zkach o\u00a0Slovensku poriadne zav\u00e1ha\u0165.<\/p>\n<p>Epiz\u00f3da tak prinesie netradi\u010dn\u00fd \u201ez\u00e1pas\u201c, ak\u00fd sa po\u010das futbalov\u00e9ho \u0161ampion\u00e1tu len tak nevid\u00ed. Nebude sa hra\u0165 na tr\u00e1vniku, nerozhodn\u00fa g\u00f3ly ani fauly, ale dobr\u00e1 n\u00e1lada, vedomosti a schopnos\u0165 zabavi\u0165 publikum.<\/p>\n<p>Milujem Slovensko vysiela TV JOJ v\u00a0piatok o\u00a020:40.<\/p>\n","protected":false},"excerpt":{"rendered":"Futbalov\u00e1 atmosf\u00e9ra sa z tr\u00e1vnikov presunie aj do z\u00e1bavnej \u0161ou Milujem Slovensko. V \u0161peci\u00e1lnej epiz\u00f3de sa v jednom&hellip;\n","protected":false},"author":2,"featured_media":95330,"comment_status":"","ping_status":"","sticky":false,"template":"","format":"standard","meta":{"footnotes":"","_share_on_mastodon":"0"},"categories":[18],"tags":[872,70,491,8665,3264,43,40,39,42,41,13560,97,3263,71],"class_list":["post-95329","post","type-post","status-publish","format-standard","has-post-thumbnail","category-tv","tag-adela-vinczeova","tag-entertainment","tag-futbal","tag-matej-sajfa-cifra","tag-milujem-slovensko","tag-sk","tag-slovak","tag-slovakia","tag-slovencina","tag-slovensko","tag-sou-milujem-slovensko","tag-tv","tag-tv-joj","tag-zabava"],"share_on_mastodon":{"url":"https:\/\/pubeurope.com\/@sk\/116736452496852443","error":""},"_links":{"self":[{"href":"https:\/\/www.europesays.com\/sk\/wp-json\/wp\/v2\/posts\/95329","targetHints":{"allow":["GET"]}}],"collection":[{"href":"https:\/\/www.europesays.com\/sk\/wp-json\/wp\/v2\/posts"}],"about":[{"href":"https:\/\/www.europesays.com\/sk\/wp-json\/wp\/v2\/types\/post"}],"author":[{"embeddable":true,"href":"https:\/\/www.europesays.com\/sk\/wp-json\/wp\/v2\/users\/2"}],"replies":[{"embeddable":true,"href":"https:\/\/www.europesays.com\/sk\/wp-json\/wp\/v2\/comments?post=95329"}],"version-history":[{"count":0,"href":"https:\/\/www.europesays.com\/sk\/wp-json\/wp\/v2\/posts\/95329\/revisions"}],"wp:featuredmedia":[{"embeddable":true,"href":"https:\/\/www.europesays.com\/sk\/wp-json\/wp\/v2\/media\/95330"}],"wp:attachment":[{"href":"https:\/\/www.europesays.com\/sk\/wp-json\/wp\/v2\/media?parent=95329"}],"wp:term":[{"taxonomy":"category","embeddable":true,"href":"https:\/\/www.europesays.com\/sk\/wp-json\/wp\/v2\/categories?post=95329"},{"taxonomy":"post_tag","embeddable":true,"href":"https:\/\/www.europesays.com\/sk\/wp-json\/wp\/v2\/tags?post=95329"}],"curies":[{"name":"wp","href":"https:\/\/api.w.org\/{rel}","templated":true}]}}