{"id":95596,"date":"2026-06-12T14:46:09","date_gmt":"2026-06-12T14:46:09","guid":{"rendered":"https:\/\/www.europesays.com\/sk\/95596\/"},"modified":"2026-06-12T14:46:09","modified_gmt":"2026-06-12T14:46:09","slug":"nikdy-by-ste-necakali-co-robi-kucka-doma-toto-vas-sokuje-viac-nez-jeho-navrat-na-ihrisko","status":"publish","type":"post","link":"https:\/\/www.europesays.com\/sk\/95596\/","title":{"rendered":"Nikdy by ste ne\u010dakali, \u010do rob\u00ed Kucka doma: Toto v\u00e1s \u0161okuje viac ne\u017e jeho n\u00e1vrat na ihrisko"},"content":{"rendered":"<p>BRATISLAVA &#8211; Futbalista Juraj Kucka (39) sa po n\u00e1ro\u010dnej oper\u00e1cii a mesiacoch s barlami v ruk\u00e1ch op\u00e4\u0165 vracia do \u017eivota. Futbalov\u00e1 legenda v\u0161ak najnov\u0161ie \u0161okovala nie\u010d\u00edm \u00faplne in\u00fdm! Odhalil toti\u017e, \u017ee po rokoch driny na tr\u00e1vniku m\u00e1 schopnosti, ktor\u00e9 by u neho tipoval len m\u00e1lokto&#8230; <\/p>\n<p>Juraj Kucka\u00a0pred pol rokom podst\u00fapil z\u00e1krok, ktor\u00fd ho na dlh\u00fd \u010das vyradil z hry. B\u00fdval\u00fd slovensk\u00fd futbalov\u00fd reprezentant v\u0161ak nestr\u00e1ca optimizmus, hoci prizn\u00e1va, \u017ee do ide\u00e1lu m\u00e1 e\u0161te \u010faleko. \u201eE\u0161te to nie je v poriadku, ale mysl\u00edm si, \u017ee to je na dobrej ceste. Za\u010dal som tr\u00e9nova\u0165 pomali\u010dky, idem krok po kroku a nepredbieham ni\u010d,\u201c prezradil pre Topky.sk. Oper\u00e1cia so sebou priniesla drastick\u00e9 zmeny, na ktor\u00e9 nebol zvyknut\u00fd. \u201eMusel som prisp\u00f4sobi\u0165 tr\u00e9ning zdravotn\u00e9mu stavu. Zo za\u010diatku to boli barle, nemohol som toho ve\u013ea robi\u0165. T\u00fdch zmien bolo ve\u013emi ve\u013ea,\u201c hovor\u00ed o tvrdej realite Kucka.<\/p>\n<p>Pr\u00e1ve zranenie mu paradoxne doprialo \u010das, ktor\u00fd predt\u00fdm kv\u00f4li futbalov\u00fdm povinnostiam nemal. Viac sa tak m\u00f4\u017ee venova\u0165 rodine a de\u0165om &#8211; m\u00e1\u00a0dve dc\u00e9ry (14 a 7) a dvoch synov, z ktor\u00fdch mlad\u0161\u00ed m\u00e1 len p\u00e4\u0165 mesiacov.\u00a0Jeho be\u017en\u00fd de\u0148 teda za\u010d\u00edna sk\u00f4r, ne\u017e by mnoh\u00ed \u010dakali. \u201eTen najmlad\u0161\u00ed je rann\u00e9 vt\u00e1\u010da ako ja, tak\u017ee niekedy fungujeme u\u017e\u00a0o pol piatej a ideme a\u017e do ve\u010dera. O deti je najv\u00e4\u010d\u0161ia staros\u0165, fungujeme len pre nich,\u201c prizn\u00e1va Kucka, ktor\u00fd je st\u00e1le \u0161portovcom du\u0161ou i telom a jeho jedinou v\u00e1\u0161\u0148ou nie je len futbal. \u201eSom otvoren\u00fd hoci\u010do vysk\u00fa\u0161a\u0165, ke\u010f m\u00e1m s k\u00fdm alebo je super partia&#8230; m\u00f4\u017ee to by\u0165 hoci\u010do.\u201c Juraj v\u0161ak v s\u00fakrom\u00ed prekvapuje zru\u010dnos\u0165ou, ktor\u00fa by ste u chlapa z tr\u00e1vnika mo\u017eno ne\u010dakali. Nielen\u017ee sa o deti pr\u00edkladne star\u00e1, ale ob\u010das si bez probl\u00e9mov oble\u010die aj z\u00e1steru a navar\u00ed. A keby len to&#8230;<\/p>\n<p>\u010cas si na\u0161iel aj na \u00fa\u010das\u0165 v rel\u00e1cii Milujem Slovensko, a to po boku svojich futbalov\u00fdch s\u00faputn\u00edkov. \u010clenmi t\u00edmov boli aj Martin \u0160krtel a J\u00e1n \u010eurica. Ako s\u00fa na tom s vedomos\u0165ami o na\u0161ej krajine, sa dozviete v rel\u00e1cii Milujem Slovensko, sledujte v piatok o 20.40 na JOJ-ke.<\/p>\n<p>Nikdy by ste ne\u010dakali, \u010do rob\u00ed Kucka doma: Toto v\u00e1s \u0161okuje viac ne\u017e jeho n\u00e1vrat na ihrisko\t\t(Zdroj: Narcis Lipt\u00e1kov\u00e1\/Tom\u00e1\u0161 Hamb\u00e1lek)\t<\/p>\n<p>\t\tHlasovanie ukon\u010den\u00e9<\/p>\n<p>\t\t\t\t{{ poll.title }}<\/p>\n<p>\t\t\t\t\t<img :alt=\"pollImageDescription()\" :src=\"https:\/\/www.topky.sk\/cl\/100313\/9329129\/poll.img_url\" class=\"box-quiz-new-image-questionnaire\"\/><\/p>\n<p>{{ poll.image_description }} (Zdroj: {{ poll.image_resource }})<\/p>\n<p>\t\t\t\t\t\t\t\t\t\t\t<img :alt=\"questionImageDescription(question)\" :src=\"https:\/\/www.topky.sk\/cl\/100313\/9329129\/question.img_url\" class=\"box-quiz-new-image-top\"\/><\/p>\n<p>Zdroj: {{ question.image_resource }}<\/p>\n<p>\n\t\t\t\t\t\t\t\t\t\t\t{{ question.text }}\n\t\t\t\t\t\t\t\t\t\t<\/p>\n<p>{{ question.text }}<\/p>\n<p>\t\t\t\t\t\t\t\t\t\t\t\t\t\t<img :alt=\"questionImageDescription(question)\" :src=\"https:\/\/www.topky.sk\/cl\/100313\/9329129\/question.img_url\" class=\"box-quiz-new-image-top\"\/><\/p>\n<p>Zdroj: {{ question.image_resource }}<\/p>\n<p>{{ poll.title }}<\/p>\n<p>{{ question.text }}<\/p>\n<p>\t\t\t\t\t\t\t\t\t\t\t\t\t\t<img :alt=\"questionImageDescription(question)\" :src=\"https:\/\/www.topky.sk\/cl\/100313\/9329129\/question.img_url\" class=\"box-quiz-new-image-top\"\/><\/p>\n<p>Zdroj: {{ question.image_resource }}<\/p>\n<p>{{ poll.rating_worst}}<\/p>\n<p>{{ poll.rating_best}}<\/p>\n<p>{{ poll.rating_best}}<\/p>\n<p>{{ poll.rating_worst}}<\/p>\n<p>\t\t\t\t\t\t\t\t\t\t\t\t\t{{ answer.text }}<\/p>\n<p>\t\t\t\t\t\t\t\t\t\t\t\t\t{{ answer.text }}<\/p>\n<p>\t\t\t\t\t{{ poll.title }}<\/p>\n<p v-if=\"poll.contact_form\">{{ poll.thanks }}<\/p>\n<p>{{ question.text }}<\/p>\n<p>\t\t\t\t\t\t\t\t\t<img :alt=\"questionImageDescription(question)\" :src=\"https:\/\/www.topky.sk\/cl\/100313\/9329129\/question.img_url\" class=\"box-quiz-new-image-top\"\/><\/p>\n<p>Zdroj: {{ question.image_resource }}<\/p>\n<p>Priemern\u00e9 hodnotenie: {{ question.rating }}<\/p>\n<p> Va\u0161e hodnotenie: {{ question.user_rating }}<\/p>\n<p>{{ question.text }}<\/p>\n<p>\t\t\t\t\t\t\t\t\t<img :alt=\"questionImageDescription(question)\" :src=\"https:\/\/www.topky.sk\/cl\/100313\/9329129\/question.img_url\" class=\"box-quiz-new-image-top\"\/><\/p>\n<p>Zdroj: {{ question.image_resource }}<\/p>\n<p>{{ poll.rating_worst}}<\/p>\n<p>{{ poll.rating_best}}<\/p>\n<p>{{ poll.rating_best}}<\/p>\n<p>{{ poll.rating_worst}}<\/p>\n<p>Priemern\u00e9 hodnotenie: {{ question.rating }}<\/p>\n<p> Va\u0161e hodnotenie: {{ question.user_rating }}<\/p>\n<p>Hlasovalo: {{questions[0].votes}}<\/p>\n<p>\t\t\t\t\t\t{{ poll.title }}<\/p>\n<p>\t\t\t\t\t\t\t<img :alt=\"pollImageDescription()\" :src=\"https:\/\/www.topky.sk\/cl\/100313\/9329129\/poll.img_url\" class=\"box-quiz-new-image-questionnaire\"\/><\/p>\n<p>{{ poll.image_description }} (Zdroj: {{ poll.image_resource }})<\/p>\n<p>{{ qIndex+1 }}\/{{ questions.length }}<\/p>\n<p>\t\t\t\t\t\t\t\t\t<img :alt=\"questionImageDescription(question)\" :src=\"https:\/\/www.topky.sk\/cl\/100313\/9329129\/question.img_url\" class=\"box-quiz-new-image-top\"\/><br \/>\n\t\t\t\t\t\t\t\t\t<a class=\"box-quiz-new-magnifier\" href=\"#\" title=\"Zv\u00e4\u010d\u0161i\u0165 obr\u00e1zok\">\u00a0<\/a><\/p>\n<p>Zdroj: {{ question.image_resource }}<\/p>\n<p>{{ question.text }}<\/p>\n<p>M\u00f4\u017eete ozna\u010di\u0165 viacero odpoved\u00ed.<\/p>\n<p class=\"profile-name\">{{ profiles[profileEvalueated.index].name }}<\/p>\n<p v-if=\"poll.show_profiles_percentage\">Zhoda: {{ profileEvalueated.weightPercentage }}%<\/p>\n<p>\t\t\t\t\t\t\t\t\t<img :alt=\"profiles[profileEvalueated.index].image_description\" :src=\"https:\/\/www.topky.sk\/cl\/100313\/9329129\/profiles[profileEvalueated.index].img_url\" class=\"box-quiz-new-image-questionnaire\"\/><\/p>\n<p>{{ profiles[profileEvalueated.index].image_description }} (Zdroj: {{ profiles[profileEvalueated.index].image_resource }})<\/p>\n<p><\/p>\n<p>\t\t\t\t\t\t\t\u00d7<br \/>\n\t\t\t\t\t\t\t<img :alt=\"imageModal.imgDescription\" :src=\"https:\/\/www.topky.sk\/cl\/100313\/9329129\/imageModal.imgUrl\" :style=\"isEmbed ? computeModalImageStyle() : ''\"\/><\/p>\n","protected":false},"excerpt":{"rendered":"BRATISLAVA &#8211; Futbalista Juraj Kucka (39) sa po n\u00e1ro\u010dnej oper\u00e1cii a mesiacoch s barlami v ruk\u00e1ch op\u00e4\u0165 vracia&hellip;\n","protected":false},"author":2,"featured_media":95597,"comment_status":"","ping_status":"","sticky":false,"template":"","format":"standard","meta":{"footnotes":"","_share_on_mastodon":"0"},"categories":[13],"tags":[24626,3264,43,40,39,42,41,69,68,3263],"class_list":["post-95596","post","type-post","status-publish","format-standard","has-post-thumbnail","category-sport","tag-juraj-kucka","tag-milujem-slovensko","tag-sk","tag-slovak","tag-slovakia","tag-slovencina","tag-slovensko","tag-sport","tag-sports","tag-tv-joj"],"share_on_mastodon":{"url":"https:\/\/pubeurope.com\/@sk\/116737683162327384","error":""},"_links":{"self":[{"href":"https:\/\/www.europesays.com\/sk\/wp-json\/wp\/v2\/posts\/95596","targetHints":{"allow":["GET"]}}],"collection":[{"href":"https:\/\/www.europesays.com\/sk\/wp-json\/wp\/v2\/posts"}],"about":[{"href":"https:\/\/www.europesays.com\/sk\/wp-json\/wp\/v2\/types\/post"}],"author":[{"embeddable":true,"href":"https:\/\/www.europesays.com\/sk\/wp-json\/wp\/v2\/users\/2"}],"replies":[{"embeddable":true,"href":"https:\/\/www.europesays.com\/sk\/wp-json\/wp\/v2\/comments?post=95596"}],"version-history":[{"count":0,"href":"https:\/\/www.europesays.com\/sk\/wp-json\/wp\/v2\/posts\/95596\/revisions"}],"wp:featuredmedia":[{"embeddable":true,"href":"https:\/\/www.europesays.com\/sk\/wp-json\/wp\/v2\/media\/95597"}],"wp:attachment":[{"href":"https:\/\/www.europesays.com\/sk\/wp-json\/wp\/v2\/media?parent=95596"}],"wp:term":[{"taxonomy":"category","embeddable":true,"href":"https:\/\/www.europesays.com\/sk\/wp-json\/wp\/v2\/categories?post=95596"},{"taxonomy":"post_tag","embeddable":true,"href":"https:\/\/www.europesays.com\/sk\/wp-json\/wp\/v2\/tags?post=95596"}],"curies":[{"name":"wp","href":"https:\/\/api.w.org\/{rel}","templated":true}]}}