{"id":95728,"date":"2026-06-12T17:06:04","date_gmt":"2026-06-12T17:06:04","guid":{"rendered":"https:\/\/www.europesays.com\/sk\/95728\/"},"modified":"2026-06-12T17:06:04","modified_gmt":"2026-06-12T17:06:04","slug":"odide-martin-skrtel-zo-slovenska-zahadne-slova-a-pretrvavajuce-trapenie-lepsie-to-uz-nebude","status":"publish","type":"post","link":"https:\/\/www.europesays.com\/sk\/95728\/","title":{"rendered":"Od\u00edde Martin \u0160krtel zo Slovenska? Z\u00e1hadn\u00e9 slov\u00e1 a pretrv\u00e1vaj\u00face tr\u00e1penie: Lep\u0161ie to u\u017e nebude"},"content":{"rendered":"<p>BRATISLAVA &#8211; B\u00fdval\u00fd futbalov\u00fd reprezentant Martin \u0160krtel (41) sa po n\u00e1vrate z cudziny udom\u00e1cnil na Slovensku, no \u010di to bude jeho fin\u00e1lna zast\u00e1vka, je ot\u00e1zne. Futbalov\u00e1 legenda nevyl\u00fa\u010dila, \u017ee op\u00e4\u0165 zbal\u00ed kufre, no to nie je v\u0161etko! <\/p>\n<p>B\u00fdval\u00fd kapit\u00e1n na\u0161ej reprezent\u00e1cie Martin \u0160krtel bol s\u00fa\u010das\u0165ou ob\u013e\u00fabenej \u0161ou Milujem Slovensko, kde si spolo\u010dne s \u010fal\u0161\u00edmi zn\u00e1mymi tv\u00e1rami preveril svoje znalosti o rodnej krajine. Hoci na telev\u00edznych obrazovk\u00e1ch bojoval o body pre svoj t\u00edm, v s\u00fakrom\u00ed priznal, \u017ee vedomosti nie s\u00fa v tejto s\u00fa\u0165a\u017ei v\u017edy to najd\u00f4le\u017eitej\u0161ie. \u201eJe to z\u00e1bavn\u00e1 rel\u00e1cia, niekedy t\u00fdch \u013eud\u00ed mo\u017eno pobav\u00ed viac t\u00e1 nevedomos\u0165 ako vedomos\u0165,\u201c zhodnotil s \u00fasmevom pre Topky.sk.<\/p>\n<p>Hoci sa po dlh\u00fdch rokoch str\u00e1ven\u00fdch v \u0161pi\u010dkov\u00fdch svetov\u00fdch kluboch vr\u00e1til domov, pri ot\u00e1zke o definit\u00edvnom zotrvan\u00ed na Slovensku zost\u00e1va opatrn\u00fd. \u201eKe\u010f\u017ee som bol preva\u017en\u00fa v\u00e4\u010d\u0161inu svojho \u017eivota mimo Slovenska, tak som o tom neuva\u017eoval, ale nikdy nehovor nikdy. Moment\u00e1lne sme tu, ale \u010do bude v bud\u00facnosti&#8230; Uvid\u00edme,\u201c prezradil \u0160krtel, ktor\u00fd moment\u00e1lne \u017eije v Tren\u010d\u00edne, no jeho srdce bije pre rodn\u00e9 R\u00e1zto\u010dno.<\/p>\n<p>Martin v\u0161ak rozhodne nepatr\u00ed k \u013eu\u010fom, ktor\u00ed by zaspali na vavr\u00ednoch. Aj po odchode z ve\u013ek\u00e9ho futbalu si neust\u00e1le vyty\u010duje nov\u00e9 m\u00e9ty. \u201eSt\u00e1le sa sna\u017e\u00edm pos\u00fava\u0165, \u010di u\u017e v osobnom alebo profesnom \u017eivote, tie ciele a t\u00fa\u017eby si nastavujem pod\u013ea toho,\u201c vysvet\u013euje \u0160krtel.<\/p>\n<p>Hoci by si fan\u00fa\u0161ikovia priali vidie\u0165 legend\u00e1rnu &#8222;tridsa\u0165sedmi\u010dku&#8220; op\u00e4\u0165 v akcii, realita je tvrd\u0161ia. Napriek tomu, \u017ee profesion\u00e1lnu kari\u00e9ru u\u017e uzavrel, \u0161portu sa \u00faplne nevzdal, no jeho telo mu vystavilo nekompromisn\u00fa stopku. \u201eR\u00e1d by som vybehol na tr\u00e1vnik, ale zdravotn\u00fd stav mi to a\u017e tak neumo\u017e\u0148uje a tak isto \u010dasovo to nest\u00edham tak, ako by som chcel. Ale raz za \u010das to neu\u0161kod\u00ed,\u201c kon\u0161tatuje \u00faprimne. Vo svojich slov\u00e1ch v\u0161ak pokra\u010doval \u010falej a to, \u010do o svojich limitoch prezradil, v\u00e1s skuto\u010dne prekvap\u00ed! A o prekvapenia nebude n\u00fadza ani v \u0161ou Milujem Slovensko. Never\u00edte? Tak sledujte v piatok o 20.40 na JOJ-ke.<\/p>\n<p>Od\u00edde Martin \u0160krtel zo Slovenska? Z\u00e1hadn\u00e9 slov\u00e1 a pretrv\u00e1vaj\u00face tr\u00e1penie: Lep\u0161ie to u\u017e nebude\t\t(Zdroj: Narcis Lipt\u00e1kov\u00e1\/Tom\u00e1\u0161 Hamb\u00e1lek)\t<\/p>\n","protected":false},"excerpt":{"rendered":"BRATISLAVA &#8211; B\u00fdval\u00fd futbalov\u00fd reprezentant Martin \u0160krtel (41) sa po n\u00e1vrate z cudziny udom\u00e1cnil na Slovensku, no \u010di&hellip;\n","protected":false},"author":2,"featured_media":95729,"comment_status":"","ping_status":"","sticky":false,"template":"","format":"standard","meta":{"footnotes":"","_share_on_mastodon":"0"},"categories":[13],"tags":[3023,3264,43,40,39,42,41,69,68,3263],"class_list":["post-95728","post","type-post","status-publish","format-standard","has-post-thumbnail","category-sport","tag-martin-skrtel","tag-milujem-slovensko","tag-sk","tag-slovak","tag-slovakia","tag-slovencina","tag-slovensko","tag-sport","tag-sports","tag-tv-joj"],"share_on_mastodon":{"url":"https:\/\/pubeurope.com\/@sk\/116738233610207287","error":""},"_links":{"self":[{"href":"https:\/\/www.europesays.com\/sk\/wp-json\/wp\/v2\/posts\/95728","targetHints":{"allow":["GET"]}}],"collection":[{"href":"https:\/\/www.europesays.com\/sk\/wp-json\/wp\/v2\/posts"}],"about":[{"href":"https:\/\/www.europesays.com\/sk\/wp-json\/wp\/v2\/types\/post"}],"author":[{"embeddable":true,"href":"https:\/\/www.europesays.com\/sk\/wp-json\/wp\/v2\/users\/2"}],"replies":[{"embeddable":true,"href":"https:\/\/www.europesays.com\/sk\/wp-json\/wp\/v2\/comments?post=95728"}],"version-history":[{"count":0,"href":"https:\/\/www.europesays.com\/sk\/wp-json\/wp\/v2\/posts\/95728\/revisions"}],"wp:featuredmedia":[{"embeddable":true,"href":"https:\/\/www.europesays.com\/sk\/wp-json\/wp\/v2\/media\/95729"}],"wp:attachment":[{"href":"https:\/\/www.europesays.com\/sk\/wp-json\/wp\/v2\/media?parent=95728"}],"wp:term":[{"taxonomy":"category","embeddable":true,"href":"https:\/\/www.europesays.com\/sk\/wp-json\/wp\/v2\/categories?post=95728"},{"taxonomy":"post_tag","embeddable":true,"href":"https:\/\/www.europesays.com\/sk\/wp-json\/wp\/v2\/tags?post=95728"}],"curies":[{"name":"wp","href":"https:\/\/api.w.org\/{rel}","templated":true}]}}