{"id":96094,"date":"2026-06-13T05:41:10","date_gmt":"2026-06-13T05:41:10","guid":{"rendered":"https:\/\/www.europesays.com\/sk\/96094\/"},"modified":"2026-06-13T05:41:10","modified_gmt":"2026-06-13T05:41:10","slug":"hlboko-veriaci-katolik-s-pevnymi-zasadami-ktory-vzdoroval-komunistom-josef-kemr-bol-hercom-mnohych-tvari-no-udajne-cely-zivot-tajil-nemanzelskeho-syna-zaujimavosti-koktail","status":"publish","type":"post","link":"https:\/\/www.europesays.com\/sk\/96094\/","title":{"rendered":"Hlboko veriaci katol\u00edk s pevn\u00fdmi z\u00e1sadami, ktor\u00fd vzdoroval komunistom. Josef Kemr bol hercom mnoh\u00fdch tv\u00e1r\u00ed, no \u00fadajne cel\u00fd \u017eivot tajil neman\u017eelsk\u00e9ho syna &#8211; Zauj\u00edmavosti &#8211; Koktail"},"content":{"rendered":"<p itemprop=\"description\">Hoci mal k umeniu bl\u00edzko u\u017e od detstva, jeho otec si neprial, aby bol profesion\u00e1lnym hercom. Bud\u00faca hviezda \u010desk\u00e9ho filmu si v\u0161ak napokon i\u0161la za svoj\u00edm snom. Kemr sa stal jedn\u00fdm z najv\u00fdraznej\u0161\u00edch hercov svojej gener\u00e1cie.<\/p>\n<p>\t\t\t\t<img decoding=\"async\" class=\"article-detail-image\" src=\"https:\/\/www.europesays.com\/sk\/wp-content\/uploads\/2026\/06\/legendarny-cesky-herec-josef-kemr-nestandard1.jpg\" alt=\"Legend\u00e1rny \u010desk\u00fd herec Josef Kemr\"\/><br \/>\n\t\t\t\t\t\t\t\t\tFoto: Dorian Hanu\u0161 \/ Pr\u00e1vo \/ Profimedia<\/p>\n<p>                        Legend\u00e1rny \u010desk\u00fd herec Josef Kemr.<\/p>\n<p>Pre div\u00e1kov bol stelesnen\u00edm m\u00fadreho a razantn\u00e9ho \u010dloveka z\u00a0\u013eudu, no v\u00a0s\u00fakrom\u00ed i\u0161lo o\u00a0hlboko veriaceho samot\u00e1ra, ask\u00e9ta a mu\u017ea pevn\u00fdch z\u00e1sad. Za jeho pokornou tv\u00e1rou sa v\u0161ak skr\u00fdval siln\u00fd charakter, ktor\u00fd sa neb\u00e1l vzoprie\u0165 komunistickej moci. Mal tie\u017e vraj jedno pr\u00edsne str\u00e1\u017een\u00e9 rodinn\u00e9 tajomstvo.<\/p>\n<p>Narodil sa 20.\u00a0j\u00fana 1922\u00a0v\u00a0Prahe do rodiny obuvn\u00edka a k\u00fdm sa naplno za\u010dal venova\u0165 herectvu, pracoval ako predava\u010d, \u010da\u0161n\u00edk, premieta\u010d \u010di elektromont\u00e9r. V\u00a0roku 1942\u00a0vy\u0161tudoval obchodn\u00fa akad\u00e9miu na \u017di\u017ekove. Ako herec za\u010d\u00ednal najsk\u00f4r s\u00a0filmom (men\u0161ie \u00falohy preva\u017ene v\u00a0kom\u00e9di\u00e1ch), nesk\u00f4r sk\u00fasil \u0161\u0165astie aj v\u00a0divadle, kde sa napokon uchytil.<\/p>\n<p>\t\t<a href=\"https:\/\/koktail.pravda.sk\/fotogaleria\/88899-herec-josef-kemr\/#1\" rel=\"nofollow noopener\" target=\"_blank\"><img decoding=\"async\" class=\"lazy\" alt=\"Josef Kemr na arch\u00edvnej sn\u00edmke.\" src=\"https:\/\/www.europesays.com\/sk\/wp-content\/uploads\/2026\/06\/josef-kemr-na-archivnej-snimke-strednaW.jpg\"\/><\/a><\/p>\n<p>\t\t<a href=\"https:\/\/koktail.pravda.sk\/fotogaleria\/88899-herec-josef-kemr\/#2\" rel=\"nofollow noopener\" target=\"_blank\"><img decoding=\"async\" class=\"lazy\" alt=\"Nezabudnute\u013en\u00fd \u010desk\u00fd herec Josef Kemr.\" src=\"https:\/\/www.europesays.com\/sk\/wp-content\/uploads\/2026\/06\/nezabudnutelny-cesky-herec-josef-kemr-malaW.jpg\"\/><\/a><\/p>\n<p>Od divok\u00e9ho Kozl\u00edka po nesmrte\u013en\u00e9ho deda Kom\u00e1rka<\/p>\n<p>Kemrovo herectvo sa nedalo za\u0161katu\u013ekova\u0165. Mal jedine\u010dn\u00fa farbu hlasu, v\u00fdrazn\u00e9 o\u010di a jemn\u00e9 \u010drty tv\u00e1re, v\u010faka ktor\u00fdm dok\u00e1zal vyjadri\u0165 tragikom\u00e9diu be\u017en\u00e9ho d\u0148a, ale aj hlbok\u00fa antick\u00fa trag\u00e9diu.<\/p>\n<p>Do dej\u00edn kinematografie sa nezmazate\u013ene zap\u00edsal ako drsn\u00fd l\u00fape\u017en\u00edk Kozl\u00edk v\u00a0historickom epose Franti\u0161ka Vl\u00e1\u010dila Marketa Lazarov\u00e1 (1967). Pr\u00e1ve v\u010faka tejto \u00falohe uk\u00e1zal svoj obrovsk\u00fd a ne\u010dakan\u00fd dramatick\u00fd rozsah.<\/p>\n<p>Div\u00e1ci ho v\u0161ak vr\u00facne milovali najm\u00e4 v\u00a0komedi\u00e1lnych rol\u00e1ch. Legend\u00e1rnym sa stal jeho svojr\u00e1zny dedo Kom\u00e1rek vo filme Ji\u0159\u00edho Menzela Na samot\u011b u\u00a0lesa (1976). Asi ka\u017ed\u00fd si spomenie na jeho hl\u00e1\u0161ku: \u201eCh\u010dije a ch\u010dije\u201c, ktorou komentoval dlhotrvaj\u00faci\u00a0d\u00e1\u017e\u010f.<\/p>\n<p>Bol aj popleten\u00fd Plha v\u00a0kom\u00e9dii Mare\u010dku, podejte mi pero! (1976), \u010di alchymista v\u00a0historickej veselohre C\u00edsa\u0159\u016fv peka\u0159\u00a0\u2013 Peka\u0159\u016fv c\u00edsa\u0159 (1951). Telev\u00edznu nesmrte\u013enos\u0165 mu priniesla postava Bohou\u0161a C\u00edsa\u0159a v\u00a0kultovom seri\u00e1li Chalup\u00e1\u0159i (1975).<\/p>\n<p>\t\t\t \t\t\t\t\t\t\t\t<img decoding=\"async\" class=\"lazy article-detail-image\" alt=\"Josef Kemr v divadle.\" src=\"https:\/\/www.europesays.com\/sk\/wp-content\/uploads\/2026\/06\/josef-kemr-v-divadle-nestandard1.jpg\"\/> \t\t\t\t\t\t\t\t\t\t\t \t\t\t\t\t\t\tFoto: Old\u0159ich Pernica \/ Pr\u00e1vo \/ Profimedia \t\t\t\t\t\t\t\t<\/p>\n<p>\t\t\t\t \t\t\t\t\tJosef Kemr v divadle \t\t\t\t \t\t\t\t\t\t\t\t\tJosef Kemr v divadle. \t\t\t\t\t\t<\/p>\n<p>Po smrti man\u017eelky na\u0161iel pokoj pri v\u00fdrazne mlad\u0161ej kolegyni<\/p>\n<p>Josef Kemr bol zn\u00e1my svojou vernos\u0165ou, skromnos\u0165ou a l\u00e1skou k\u00a0star\u00e9mu Trabantu, na ktorom jazdil a s\u00e1m si ho opravoval. V\u00a0osobn\u00fdch vz\u0165ahoch h\u013eadal najm\u00e4 intelektu\u00e1lne a \u013eudsk\u00e9 porozumenie. V\u00a0roku 1947\u00a0sa o\u017eenil s\u00a0here\u010dkou a re\u017eis\u00e9rkou Evou Foustkovou, ktor\u00e1 bola od neho o\u00a0jeden\u00e1s\u0165 rokov star\u0161ia.<\/p>\n<p>Napriek vekov\u00e9mu rozdielu pre\u017eili harmonick\u00e9 man\u017eelstvo postaven\u00e9 na hlbokej \u00facte, hoci zostalo bezdetn\u00e9. Eva zomrela v\u00a0roku 1977.\u00a0Po jej odchode na\u0161iel s\u00facit u\u00a0kolegyni z\u00a0N\u00e1rodn\u00e9ho divadla, Marike Skopalovej, ktor\u00e1 bola od neho, naopak, o\u00a0osemn\u00e1s\u0165 rokov mlad\u0161ia. Bola jeho spriaznenou du\u0161ou. Marika st\u00e1la po jeho boku a\u017e do jeho smrti v\u00a0roku\u00a01995.<\/p>\n<p>Pre Skopalov\u00fa sa vraj Kemr tie\u017e na sklonku \u017eivota poh\u00e1dal s\u00a0dobr\u00fdm kamar\u00e1tom Rudolfom Hru\u0161\u00ednsk\u00fdm. Ten toti\u017e pod\u013ea viacer\u00fdch zdrojov raz pot\u013eapkal po zadku Kemrovu priate\u013eku. Kemr za to u\u0161tedril Hru\u0161\u00ednsk\u00e9mu facku a prestal s\u00a0n\u00edm \u010falej komunikova\u0165. Aj napriek tomu, \u017ee \u0161lo o\u00a0nevinn\u00fd \u017eart a Hru\u0161\u00ednsk\u00fd sa \u00fadajne za nepr\u00edjemn\u00fd incident kamar\u00e1tovi ospravedlnil.<\/p>\n<p>\t\t\t \t\t\t\t\t\t\t\t<img decoding=\"async\" class=\"lazy article-detail-image\" alt=\"Josef Kemr, Vlastimil Brodsk\u00fd a Rudolf Hru\u0161\u00ednsk\u00fd.\" src=\"https:\/\/www.europesays.com\/sk\/wp-content\/uploads\/2026\/06\/josef-kemr-vlastimil-brodsky-a-rudolf-hrusinsky-nestandard1.jpg\"\/> \t\t\t\t\t\t\t\t\t\t\t \t\t\t\t\t\t\tFoto: \u010cTK \/ Hump\u00e1lov\u00e1 Zuzana \t\t\t\t\t\t\t\t<\/p>\n<p>\t\t\t\t \t\t\t\t\tJosef Kemr, Vlastimil Brodsk\u00fd a Rudolf Hru\u0161\u00ednsk\u00fd \t\t\t\t \t\t\t\t\t\t\t\t\tJosef Kemr, Vlastimil Brodsk\u00fd a Rudolf Hru\u0161\u00ednsk\u00fd. \t\t\t\t\t\t<\/p>\n<p>List, ktor\u00fd \u0161okoval komunistov<\/p>\n<p>Kemrova hlbok\u00e1 katol\u00edcka viera formovala ka\u017ed\u00fd jeho krok. Odmietal hra\u0165 v\u00a0dielach s\u00a0politickou propagandou, kv\u00f4li \u010domu ho neust\u00e1le sledovala \u0160t\u00e1tna bezpe\u010dnos\u0165 (\u0160tB). Svojho presved\u010denia sa v\u0161ak nevzdal a neboj\u00e1cne \u0161iel vlastnou cestou.<\/p>\n<p>Ke\u010f mu re\u017eim chcel udeli\u0165 titul Zasl\u00fa\u017eil\u00fd umelec, Kemr nap\u00edsal \u00fastredn\u00e9mu v\u00fdboru list s\u00a0odv\u00e1\u017enymi slovami, ktor\u00e9 nesk\u00f4r vo\u0161li do dej\u00edn: \u201eNah\u00fd som pri\u0161iel na svet, nah\u00fd chcem z\u00a0tohto sveta aj od\u00eds\u0165. Nezvykol som si na byzantsk\u00e9 sp\u00f4soby, aby som ruku, ktor\u00e1 bije, e\u0161te pobozkal a po\u010fakoval.\u201c Titul ok\u00e1zalo odmietol a rad\u0161ej zadarmo pom\u00e1hal re\u0161taurova\u0165 dedinsk\u00e9 kostoly a kaplnky.<\/p>\n<p>Af\u00e9ra a utajovan\u00fd syn?<\/p>\n<p>Hoci bol Josef Kemr vn\u00edman\u00fd ako mor\u00e1lny vzor s\u00a0\u010dist\u00fdm \u0161t\u00edtom, po jeho smrti vy\u0161la najavo ne\u010dakan\u00e1 inform\u00e1cia, ktor\u00e1 naru\u0161ila m\u00fdtus o\u00a0jeho bezdetnom \u017eivote.<\/p>\n<p>Po\u010das man\u017eelstva s\u00a0Evou Foustkovou mal vraj toti\u017e v\u00a0roku 1955\u00a0tajn\u00fa af\u00e9ru s\u00a0mladou divadelnou asistentkou a amat\u00e9rskou here\u010dkou Jarmilou \u0160nyrovou. Z\u00a0tohto v\u00e1\u0161niv\u00e9ho rom\u00e1niku sa zrejme narodil neman\u017eelsk\u00fd syn Vladim\u00edr.<\/p>\n<p>Kemr sa v\u0161ak k\u00a0synovi nikdy verejne nepriznal, pod\u013ea v\u0161etk\u00e9ho preto, aby ochr\u00e1nil svoje man\u017eelstvo pred \u0161kand\u00e1lom. Vladim\u00edr nesk\u00f4r prezradil, \u017ee mu pravdu o\u00a0otcovi povedala matka na smrte\u013enej posteli. \u010casom sa na sl\u00e1vneho herca za\u010dal skuto\u010dne ve\u013emi podoba\u0165.<\/p>\n<p>\u010cl\u00e1nok vznikol spracovan\u00edm materi\u00e1lov z\u00a0port\u00e1lov iDNES.cz, Blesk.cz, Super.cz, Extra.cz, Medium.seznam.cz, Ahaonline.cz, \u010cSFD a Wikipedia<\/p>\n","protected":false},"excerpt":{"rendered":"Hoci mal k umeniu bl\u00edzko u\u017e od detstva, jeho otec si neprial, aby bol profesion\u00e1lnym hercom. Bud\u00faca hviezda&hellip;\n","protected":false},"author":2,"featured_media":96095,"comment_status":"","ping_status":"","sticky":false,"template":"","format":"standard","meta":{"footnotes":"","_share_on_mastodon":"0"},"categories":[15],"tags":[19831,894,70,76,73,848,33627,27056,43,40,39,42,41,6709,107,71],"class_list":["post-96094","post","type-post","status-publish","format-standard","has-post-thumbnail","category-zabava","tag-cesky-herec","tag-divadlo","tag-entertainment","tag-film","tag-filmy","tag-herec","tag-josef-kemr","tag-profil-legendy","tag-sk","tag-slovak","tag-slovakia","tag-slovencina","tag-slovensko","tag-syn","tag-televizia","tag-zabava"],"share_on_mastodon":{"url":"https:\/\/pubeurope.com\/@sk\/116741202723921340","error":""},"_links":{"self":[{"href":"https:\/\/www.europesays.com\/sk\/wp-json\/wp\/v2\/posts\/96094","targetHints":{"allow":["GET"]}}],"collection":[{"href":"https:\/\/www.europesays.com\/sk\/wp-json\/wp\/v2\/posts"}],"about":[{"href":"https:\/\/www.europesays.com\/sk\/wp-json\/wp\/v2\/types\/post"}],"author":[{"embeddable":true,"href":"https:\/\/www.europesays.com\/sk\/wp-json\/wp\/v2\/users\/2"}],"replies":[{"embeddable":true,"href":"https:\/\/www.europesays.com\/sk\/wp-json\/wp\/v2\/comments?post=96094"}],"version-history":[{"count":0,"href":"https:\/\/www.europesays.com\/sk\/wp-json\/wp\/v2\/posts\/96094\/revisions"}],"wp:featuredmedia":[{"embeddable":true,"href":"https:\/\/www.europesays.com\/sk\/wp-json\/wp\/v2\/media\/96095"}],"wp:attachment":[{"href":"https:\/\/www.europesays.com\/sk\/wp-json\/wp\/v2\/media?parent=96094"}],"wp:term":[{"taxonomy":"category","embeddable":true,"href":"https:\/\/www.europesays.com\/sk\/wp-json\/wp\/v2\/categories?post=96094"},{"taxonomy":"post_tag","embeddable":true,"href":"https:\/\/www.europesays.com\/sk\/wp-json\/wp\/v2\/tags?post=96094"}],"curies":[{"name":"wp","href":"https:\/\/api.w.org\/{rel}","templated":true}]}}