{"id":96460,"date":"2026-06-13T14:28:09","date_gmt":"2026-06-13T14:28:09","guid":{"rendered":"https:\/\/www.europesays.com\/sk\/96460\/"},"modified":"2026-06-13T14:28:09","modified_gmt":"2026-06-13T14:28:09","slug":"novym-trenerom-slovana-bratislava-sa-stal-yaya-toure","status":"publish","type":"post","link":"https:\/\/www.europesays.com\/sk\/96460\/","title":{"rendered":"Nov\u00fdm tr\u00e9nerom Slovana Bratislava sa stal Yaya Toure"},"content":{"rendered":"<p>Bratislava 13. j\u00fana (TASR) &#8211; Nov\u00fdm tr\u00e9nerom futbalistov Slovana Bratislava sa stal Yaya Toure. Vedenie slovensk\u00e9ho majstra o tom informovalo na svojom webe s t\u00fdm, \u017ee sa so 43-ro\u010dn\u00fdm b\u00fdval\u00fdm \u00faspe\u0161n\u00fdm futbalistom dohodlo na trojro\u010dnom kontrakte.<\/p>\n<p>Rod\u00e1k z Pobre\u017eia Slonoviny patril medzi hlavn\u00fdch adeptov na uvo\u013enen\u00fd post po Vladim\u00edrovi Weissovi st., doteraj\u0161\u00ed kou\u010d \u201ebelas\u00fdch\u201c po sez\u00f3ne prevzal n\u00e1rodn\u00fd t\u00edm Slovenska. Gener\u00e1lny riadite\u013e Slovana Ivan Kmotr\u00edk ml. pred dvoma t\u00fd\u017ed\u0148ami prezradil, \u017ee okrem Toureho rokoval Slovan aj s Igorom Bi\u0161\u010danom, Sergejom Rebrovom, Valerienom Ismaelom a z\u00e1ujem mal aj o slu\u017eby Robbieho Keaneho.<\/p>\n<p>Pre b\u00fdval\u00e9ho stredopoliara Manchestru City a FC Barcelona p\u00f4jde o prv\u00e9 anga\u017em\u00e1 na poz\u00edcii hlavn\u00e9ho kou\u010da A-mu\u017estva. Tr\u00e9nersk\u00e9 sk\u00fasenosti zbieral preva\u017ene v \u00falohe asistenta, p\u00f4sobil v Olimpiku Doneck, Achmate Groznyj, Standarde Liege a naposledy pri reprezent\u00e1cii Saudskej Ar\u00e1bie po boku Roberta Manciniho. Ako hr\u00e1\u010d z\u00edskal s Barcelonou triumf v Lige majstrov a s Manchestrom City vybojoval tri tituly v Premier League. \u201eV prvom rade som ve\u013emi r\u00e1d, \u017ee Yaya Tour\u00e9 je na\u0161\u00edm nov\u00fdm hlavn\u00fdm tr\u00e9nerom. Te\u0161\u00edm sa, \u017ee sme sa s n\u00edm dohodli na trojro\u010dnej zmluve a spolo\u010dne za\u010dneme u\u017e od pondelka budova\u0165 nov\u00fa \u00e9ru Slovana Bratislava. Samozrejme, po cel\u00fd \u010das som si uvedomoval, \u017ee nebude jednoduch\u00e9 nahradi\u0165 tr\u00e9nera Weissa. Od za\u010diatku som mal jasn\u00fa my\u0161lienku a v\u00edziu, ak\u00fdm smerom by sa mal Slovan \u010falej ubera\u0165. Moj\u00edm cie\u013eom bolo prinies\u0165 \u010dloveka a osobnos\u0165, ktor\u00e1 za\u017eila ten najv\u00e4\u010d\u0161\u00ed svetov\u00fd futbal. A z\u00e1rove\u0148 m\u00e1 obrovsk\u00fa motiv\u00e1ciu prerazi\u0165 aj ako tr\u00e9ner. S Yayom Tour\u00e9m som absolvoval viacer\u00e9 osobn\u00e9 stretnutia. V\u0161etko sa v\u0161ak za\u010dalo prv\u00fdm video-rozhovorom, kde na m\u0148a urobil \u00fa\u017easn\u00fd dojem. U\u017e prv\u00fd dojem bol nato\u013eko siln\u00fd, \u017ee pre \u010fal\u0161\u00edch kandid\u00e1tov bolo ve\u013emi n\u00e1ro\u010dn\u00e9, aby ho prekonali. Hne\u010f som z neho c\u00edtil, \u017ee sme naladen\u00ed na rovnakej vlne a zdie\u013eame podobn\u00e9 nastavenie o tom, ako by\u0165 \u00faspe\u0161n\u00ed. Z Yayu ide ve\u013ek\u00e1 t\u00fa\u017eba a motiv\u00e1cia uspie\u0165 ako tr\u00e9ner so Slovanom Bratislava. M\u00e1me spolo\u010dn\u00e9 vysok\u00e9 ciele, sme obaja mlad\u00ed, ambici\u00f3zni, a urob\u00edme maximum, aby sme ako klub boli \u00faspe\u0161n\u00ed. Ver\u00edm, \u017ee sa n\u00e1m podarilo vysklada\u0165 dobr\u00fd realiza\u010dn\u00fd t\u00edm, \u017ee budeme ma\u0165 siln\u00e9 mu\u017estvo a spolo\u010dne sa u\u017e od pondelka pust\u00edme do roboty na novej \u00e9re klubu. S\u00fa pred nami nov\u00e9 v\u00fdzvy, na ktor\u00e9 sa spolo\u010dne s Yayom Tour\u00e9m ako na\u0161\u00edm hlavn\u00fdm tr\u00e9nerom ve\u013emi te\u0161\u00edm,\u201c povedal Ivan Kmotr\u00edk ml., gener\u00e1lny riadite\u013e klubu.<\/p>\n<p>Toureho teraz \u010dak\u00e1 ostr\u00fd \u0161tart, Slovan sa u\u017e 17. j\u00fana dozvie na \u017erebe v Nyone s\u00fapera do 2. predkola Ligy majstrov. Medzi jeho mo\u017en\u00fdch s\u00faperov patria Aarhus GF (D\u00e1nsko), FC Thun (\u0160vaj\u010diarsko), Mj\u00e4llby AIF (\u0160v\u00e9dsko), V\u00edkingur Reykjav\u00edk (Island), FC Kairat (Kazachstan), Universitatea Craiova (Rumunsko), Riga FC (Loty\u0161sko), K\u00cd Klaksv\u00edk (Faersk\u00e9 ostrovy), Flora Tallinn (Est\u00f3nsko), Larne FC (Severn\u00e9 \u00cdrsko), Petrocub H\u00eenceti (Moldavsko), TNS (Wales), Inter d\u00b4Escaldes (Andorra), Levski Sofia (Bulharsko), FC Ararat-Armenia (Arm\u00e9nsko), Sabah FK (Azerbajd\u017ean), Kauno \u017dalgiris (Litva), Sutjeska Nik\u0161i\u010d (\u010cierna Hora), ETO FC Gy\u00f6r (Ma\u010farsko), Iberia 1999 (Gruz\u00ednsko), KF Egnatia (Alb\u00e1nsko), Floriana FC (Malta), Tre Fiori (San Mar\u00edno), FK Vardar Skopje (Severn\u00e9 Maced\u00f3nsko), ML Vitebsk (Bielorusko) a FC Atert Bissen (Luxembursko). \u201eSom ve\u013emi \u0161\u0165astn\u00fd a nad\u0161en\u00fd, u\u017e sa \u00faprimne neviem do\u010dka\u0165, ke\u010f sa v pondelok spolo\u010dne pust\u00edme do pr\u00e1ce. M\u00f4jmu predchodcovi patr\u00ed ve\u013ek\u00fd re\u0161pekt za to, \u010do so Slovanom dosiahol. Chcem na to nadviaza\u0165, a z\u00e1rove\u0148 prinies\u0165 nie\u010do nov\u00e9, vlastn\u00e9. Futbal je pre m\u0148a v\u0161etk\u00fdm. Milujem v\u00fdzvy a nesmierne sa te\u0161\u00edm na to, \u017ee budem tr\u00e9nova\u0165 ve\u013ek\u00fd klub s bohatou hist\u00f3riou, kr\u00e1snym \u0161tadi\u00f3nom a vysok\u00fdmi amb\u00edciami. Ve\u013emi pr\u00edjemne ma prekvapilo klubov\u00e9 z\u00e1zemie, ktor\u00e9 je naozaj na vysokej \u00farovni. So Slovanom chcem hra\u0165 dominantn\u00fd futbal, v\u00ed\u0165azi\u0165, kontrolova\u0165 z\u00e1pasy, aby sme dok\u00e1zali pote\u0161i\u0165 na\u0161ich fan\u00fa\u0161ikov. Te\u0161\u00edm sa na to, ako osobne spozn\u00e1m hr\u00e1\u010dov. U\u017e som sa sna\u017eil mu\u017estvo \u010do najpodrobnej\u0161ie na\u0161tudova\u0165, no najpodstatnej\u0161ie bude aj tak vidie\u0165, ako bud\u00fa hr\u00e1\u010di reagova\u0165 priamo v tr\u00e9ningu. Ako asistent som mal mo\u017enos\u0165 p\u00f4sobi\u0165 napr\u00edklad pri Robertovi Mancinim, u\u017e dlh\u0161ie som v\u0161ak t\u00fa\u017eil po tom, aby som mohol pracova\u0165 na vlastnom projekte ako hlavn\u00fd tr\u00e9ner. V\u00e1\u017eim si, \u017ee t\u00e1to mo\u017enos\u0165 prich\u00e1dza v top klube, ktor\u00fd som ned\u00e1vno sledoval v z\u00e1pase Ligy majstrov s Manchestrom City. Naozaj sa u\u017e neviem do\u010dka\u0165 pondelka, som nad\u0161en\u00fd z toho, \u010do je pred nami,\u201c povedal nov\u00fd tr\u00e9ner \u201ebelas\u00fdch\u201c.<\/p>\n","protected":false},"excerpt":{"rendered":"Bratislava 13. j\u00fana (TASR) &#8211; Nov\u00fdm tr\u00e9nerom futbalistov Slovana Bratislava sa stal Yaya Toure. Vedenie slovensk\u00e9ho majstra o&hellip;\n","protected":false},"author":2,"featured_media":73863,"comment_status":"","ping_status":"","sticky":false,"template":"","format":"standard","meta":{"footnotes":"","_share_on_mastodon":"0"},"categories":[21],"tags":[136,491,3617,43,40,39,630,42,41,992,7464],"class_list":["post-96460","post","type-post","status-publish","format-standard","has-post-thumbnail","category-bratislava","tag-bratislava","tag-futbal","tag-hlasy","tag-sk","tag-slovak","tag-slovakia","tag-slovan","tag-slovencina","tag-slovensko","tag-sr","tag-trener"],"share_on_mastodon":{"url":"https:\/\/pubeurope.com\/@sk\/116743274883452259","error":""},"_links":{"self":[{"href":"https:\/\/www.europesays.com\/sk\/wp-json\/wp\/v2\/posts\/96460","targetHints":{"allow":["GET"]}}],"collection":[{"href":"https:\/\/www.europesays.com\/sk\/wp-json\/wp\/v2\/posts"}],"about":[{"href":"https:\/\/www.europesays.com\/sk\/wp-json\/wp\/v2\/types\/post"}],"author":[{"embeddable":true,"href":"https:\/\/www.europesays.com\/sk\/wp-json\/wp\/v2\/users\/2"}],"replies":[{"embeddable":true,"href":"https:\/\/www.europesays.com\/sk\/wp-json\/wp\/v2\/comments?post=96460"}],"version-history":[{"count":0,"href":"https:\/\/www.europesays.com\/sk\/wp-json\/wp\/v2\/posts\/96460\/revisions"}],"wp:featuredmedia":[{"embeddable":true,"href":"https:\/\/www.europesays.com\/sk\/wp-json\/wp\/v2\/media\/73863"}],"wp:attachment":[{"href":"https:\/\/www.europesays.com\/sk\/wp-json\/wp\/v2\/media?parent=96460"}],"wp:term":[{"taxonomy":"category","embeddable":true,"href":"https:\/\/www.europesays.com\/sk\/wp-json\/wp\/v2\/categories?post=96460"},{"taxonomy":"post_tag","embeddable":true,"href":"https:\/\/www.europesays.com\/sk\/wp-json\/wp\/v2\/tags?post=96460"}],"curies":[{"name":"wp","href":"https:\/\/api.w.org\/{rel}","templated":true}]}}