{"id":96607,"date":"2026-06-13T18:25:06","date_gmt":"2026-06-13T18:25:06","guid":{"rendered":"https:\/\/www.europesays.com\/sk\/96607\/"},"modified":"2026-06-13T18:25:06","modified_gmt":"2026-06-13T18:25:06","slug":"v-sobranciach-doslo-k-nehode-autobusu-a-dvoch-vozidiel","status":"publish","type":"post","link":"https:\/\/www.europesays.com\/sk\/96607\/","title":{"rendered":"V Sobranciach do\u0161lo k nehode autobusu a dvoch vozidiel"},"content":{"rendered":"<p>SOBRANCE &#8211; Z d\u00f4vodu dopravnej nehody je aktu\u00e1lne obojsmerne uzavret\u00e1 Michalovsk\u00e1 ulica v Sobranciach. Krajsk\u00e9 riadite\u013estvo Policajn\u00e9ho zboru v Ko\u0161iciach o tom informuje na soci\u00e1lnej sieti.<\/p>\n<p>\u201ePod\u013ea doteraj\u0161\u00edch inform\u00e1ci\u00ed do\u0161lo k dopravnej nehode autobusu a dvoch osobn\u00fdch motorov\u00fdch vozidiel. Vodi\u010d jedn\u00e9ho z vozidiel mal po\u010das jazdy prejs\u0165 do protismeru, kde do\u0161lo k zr\u00e1\u017eke s autobusom. N\u00e1sledne malo vozidlo narazi\u0165 aj do \u010fal\u0161ieho osobn\u00e9ho automobilu, ktor\u00e9 i\u0161lo za autobusom,\u201c uv\u00e1dza pol\u00edcia.<\/p>\n<p>Pri dopravnej nehode sa zranili tri osoby, v\u0161etky z osobn\u00fdch motorov\u00fdch vozidiel. V autobuse sa cestuj\u00faci nenach\u00e1dzali. Cesta je aktu\u00e1lne uzavret\u00e1, obch\u00e1dzka je veden\u00e1 cez Ruskovce. Pol\u00edcia \u017eiada vodi\u010dov, aby sa uveden\u00e9mu \u00faseku vyhli, re\u0161pektovali pokyny policajtov a zv\u00fd\u0161ili opatrnos\u0165.<\/p>\n","protected":false},"excerpt":{"rendered":"SOBRANCE &#8211; Z d\u00f4vodu dopravnej nehody je aktu\u00e1lne obojsmerne uzavret\u00e1 Michalovsk\u00e1 ulica v Sobranciach. Krajsk\u00e9 riadite\u013estvo Policajn\u00e9ho zboru&hellip;\n","protected":false},"author":2,"featured_media":96608,"comment_status":"","ping_status":"","sticky":false,"template":"","format":"standard","meta":{"footnotes":"","_share_on_mastodon":"0"},"categories":[32],"tags":[618,34,37,535,33,525,43,40,39,42,41,21240,36,38,35,8195],"class_list":["post-96607","post","type-post","status-publish","format-standard","has-post-thumbnail","category-spravy","tag-autobus","tag-headlines","tag-hlavne-spravy","tag-nehoda","tag-news","tag-policia","tag-sk","tag-slovak","tag-slovakia","tag-slovencina","tag-slovensko","tag-sobrance","tag-spravy","tag-titulky","tag-top-stories","tag-vozidla"],"share_on_mastodon":{"url":"https:\/\/pubeurope.com\/@sk\/116744206588078612","error":""},"_links":{"self":[{"href":"https:\/\/www.europesays.com\/sk\/wp-json\/wp\/v2\/posts\/96607","targetHints":{"allow":["GET"]}}],"collection":[{"href":"https:\/\/www.europesays.com\/sk\/wp-json\/wp\/v2\/posts"}],"about":[{"href":"https:\/\/www.europesays.com\/sk\/wp-json\/wp\/v2\/types\/post"}],"author":[{"embeddable":true,"href":"https:\/\/www.europesays.com\/sk\/wp-json\/wp\/v2\/users\/2"}],"replies":[{"embeddable":true,"href":"https:\/\/www.europesays.com\/sk\/wp-json\/wp\/v2\/comments?post=96607"}],"version-history":[{"count":0,"href":"https:\/\/www.europesays.com\/sk\/wp-json\/wp\/v2\/posts\/96607\/revisions"}],"wp:featuredmedia":[{"embeddable":true,"href":"https:\/\/www.europesays.com\/sk\/wp-json\/wp\/v2\/media\/96608"}],"wp:attachment":[{"href":"https:\/\/www.europesays.com\/sk\/wp-json\/wp\/v2\/media?parent=96607"}],"wp:term":[{"taxonomy":"category","embeddable":true,"href":"https:\/\/www.europesays.com\/sk\/wp-json\/wp\/v2\/categories?post=96607"},{"taxonomy":"post_tag","embeddable":true,"href":"https:\/\/www.europesays.com\/sk\/wp-json\/wp\/v2\/tags?post=96607"}],"curies":[{"name":"wp","href":"https:\/\/api.w.org\/{rel}","templated":true}]}}