{"id":97710,"date":"2026-06-15T05:49:07","date_gmt":"2026-06-15T05:49:07","guid":{"rendered":"https:\/\/www.europesays.com\/sk\/97710\/"},"modified":"2026-06-15T05:49:07","modified_gmt":"2026-06-15T05:49:07","slug":"v-rannych-hodinach-sa-na-cerpacej-stanici-v-trencine-strielalo","status":"publish","type":"post","link":"https:\/\/www.europesays.com\/sk\/97710\/","title":{"rendered":"V rann\u00fdch hodin\u00e1ch sa na \u010derpacej stanici v Tren\u010d\u00edne strie\u013ealo"},"content":{"rendered":"<p>Na konkr\u00e9tnej pumpe sa nach\u00e1dzaj\u00fa policajti a cel\u00fd incident pre\u0161etruj\u00fa.\t\t\t\t\t\t(Zdroj: google.com, TASR\/Roman Hanc, Topky)\t\t\t\t\t<\/p>\n<p>TREN\u010c\u00cdN &#8211; \u0160ialen\u00fd za\u010diatok pracovn\u00e9ho t\u00fd\u017ed\u0148a. K dramatick\u00e9mu incidentu, ktor\u00fd vy\u0161etruj\u00fa policajti v Tren\u010d\u00edne, pri\u0161lo na \u010derpacej stanici v Tren\u010d\u00edne. V\u0161etko sa za\u010dalo v pondelok nadr\u00e1nom. Do\u0161lo tam k stre\u013ebe. Nezn\u00e1my mu\u017e vystrelil smerom na budovu prev\u00e1dzky, pri\u010dom minim\u00e1lne jeden projektil zasiahol vstupn\u00e9 dvere. Po \u010dine z miesta u\u0161iel.<\/p>\n<p>O pr\u00edpade informovala <a href=\"https:\/\/www.noviny.sk\/krimi\/1221219-strelba-na-cerpacej-stanici-v-trencine-pachates-vystrelil-na-budovu-a-usiel\" target=\"_blank\" rel=\"nofollow noopener\">TV JOJ<\/a>.\u00a0Pod\u013ea doteraj\u0161\u00edch inform\u00e1ci\u00ed sa incident odohral v skor\u00fdch rann\u00fdch hodin\u00e1ch. Mu\u017e pri\u0161iel k objektu \u010derpacej stanice a n\u00e1sledne vystrelil na vstupn\u00e9 dvere budovy. Najmenej jeden v\u00fdstrel vraj zasiahol dvere prev\u00e1dzky.<\/p>\n<p>P\u00e1chate\u013e po v\u00fdstrele zmizol<\/p>\n<p>Bezprostredne po stre\u013ebe podozriv\u00fd z miesta odi\u0161iel. Zatia\u013e nie je jasn\u00e9, \u010do ho k \u00fatoku viedlo. Nie je zn\u00e1me ani to, \u010di sa v \u010dase incidentu v budove nach\u00e1dzali z\u00e1kazn\u00edci alebo zamestnanci \u010derpacej stanice.<\/p>\n<p>Priestor \u010derpacej stanice bol po incidente uzavret\u00fd. Na mieste zasahovali policajti, ktor\u00ed zabezpe\u010dovali stopy a vykon\u00e1vali procesn\u00e9 \u00fakony potrebn\u00e9 na objasnenie pr\u00edpadu. Okolnosti stre\u013eby s\u00fa predmetom vy\u0161etrovania.<\/p>\n<p>Pol\u00edcia zatia\u013e ofici\u00e1lne neinformovala o tom, \u010di sa jej podarilo p\u00e1chate\u013ea identifikova\u0165 alebo zadr\u017ea\u0165. Vy\u0161etrovatelia preveruj\u00fa v\u0161etky okolnosti pr\u00edpadu vr\u00e1tane mo\u017en\u00e9ho mot\u00edvu \u00fatoku.<\/p>\n<p>\u010cl\u00e1nok budeme aktualizova\u0165.<\/p>\n","protected":false},"excerpt":{"rendered":"Na konkr\u00e9tnej pumpe sa nach\u00e1dzaj\u00fa policajti a cel\u00fd incident pre\u0161etruj\u00fa. (Zdroj: google.com, TASR\/Roman Hanc, Topky) TREN\u010c\u00cdN &#8211; \u0160ialen\u00fd&hellip;\n","protected":false},"author":2,"featured_media":97711,"comment_status":"","ping_status":"","sticky":false,"template":"","format":"standard","meta":{"footnotes":"","_share_on_mastodon":"0"},"categories":[6],"tags":[6731,5818,43,40,44,39,42,45,41,8253,629],"class_list":["post-97710","post","type-post","status-publish","format-standard","has-post-thumbnail","category-slovensko","tag-cerpacia-stanica","tag-pumpa","tag-sk","tag-slovak","tag-slovak-republic","tag-slovakia","tag-slovencina","tag-slovenska-republika","tag-slovensko","tag-strelba","tag-trencin"],"share_on_mastodon":{"url":"https:\/\/pubeurope.com\/@sk\/116752559102437489","error":""},"_links":{"self":[{"href":"https:\/\/www.europesays.com\/sk\/wp-json\/wp\/v2\/posts\/97710","targetHints":{"allow":["GET"]}}],"collection":[{"href":"https:\/\/www.europesays.com\/sk\/wp-json\/wp\/v2\/posts"}],"about":[{"href":"https:\/\/www.europesays.com\/sk\/wp-json\/wp\/v2\/types\/post"}],"author":[{"embeddable":true,"href":"https:\/\/www.europesays.com\/sk\/wp-json\/wp\/v2\/users\/2"}],"replies":[{"embeddable":true,"href":"https:\/\/www.europesays.com\/sk\/wp-json\/wp\/v2\/comments?post=97710"}],"version-history":[{"count":0,"href":"https:\/\/www.europesays.com\/sk\/wp-json\/wp\/v2\/posts\/97710\/revisions"}],"wp:featuredmedia":[{"embeddable":true,"href":"https:\/\/www.europesays.com\/sk\/wp-json\/wp\/v2\/media\/97711"}],"wp:attachment":[{"href":"https:\/\/www.europesays.com\/sk\/wp-json\/wp\/v2\/media?parent=97710"}],"wp:term":[{"taxonomy":"category","embeddable":true,"href":"https:\/\/www.europesays.com\/sk\/wp-json\/wp\/v2\/categories?post=97710"},{"taxonomy":"post_tag","embeddable":true,"href":"https:\/\/www.europesays.com\/sk\/wp-json\/wp\/v2\/tags?post=97710"}],"curies":[{"name":"wp","href":"https:\/\/api.w.org\/{rel}","templated":true}]}}