{"id":97827,"date":"2026-06-15T08:23:08","date_gmt":"2026-06-15T08:23:08","guid":{"rendered":"https:\/\/www.europesays.com\/sk\/97827\/"},"modified":"2026-06-15T08:23:08","modified_gmt":"2026-06-15T08:23:08","slug":"necakane-zomrel-uznavany-a-oblubeny-lekar-bol-uzasny-odbornik-aj-clovek-smutia-pacienti","status":"publish","type":"post","link":"https:\/\/www.europesays.com\/sk\/97827\/","title":{"rendered":"Ne\u010dakane zomrel uzn\u00e1van\u00fd a ob\u013e\u00faben\u00fd lek\u00e1r: Bol \u00fa\u017easn\u00fd odborn\u00edk aj \u010dlovek, sm\u00fatia pacienti"},"content":{"rendered":"<p>\t\t\t\t\t\t\t<img decoding=\"async\" src=\"https:\/\/www.europesays.com\/sk\/wp-content\/uploads\/2026\/06\/1781511787_900_sviecky.jpg\" alt=\"Ilustra\u010dn\u00fd AI obr\u00e1zok\" style=\"aspect-ratio: 1.33;object-fit: cover; display:inline; width: 100%;\" fetchpriority=\"high\"\/><\/p>\n<p>\t\t\t\t\tIlustra\u010dn\u00fd AI obr\u00e1zok<\/p>\n<p>Lek\u00e1rsku obec zasiahla smutn\u00e1 spr\u00e1va. Vo veku 73 rokov ne\u010dakane zomrel MUDr. Du\u0161an P\u00e1vai, dlhoro\u010dn\u00fd lek\u00e1r a uzn\u00e1van\u00fd odborn\u00edk v oblasti endokrinol\u00f3gie, ktor\u00fd p\u00f4sobil v Trebi\u0161ove. Za desa\u0165ro\u010dia svojej pr\u00e1ce pomohol mnoh\u00fdm pacientov a v o\u010diach mnoh\u00fdch zostane symbolom obetavosti, odbornosti a \u013eudsk\u00e9ho pr\u00edstupu.<\/p>\n<p>O jeho \u00famrt\u00ed informovala na soci\u00e1lnej sieti Farnos\u0165 sv. Michala Archanjela v Lastovciach (okres Trebi\u0161ov). Pod zverejnen\u00fdm parte sa kr\u00e1tko nato objavili desiatky kondolenci\u00ed a spomienok od b\u00fdval\u00fdch pacientov, kolegov i zn\u00e1mych, ktor\u00ed na MUDr. Du\u0161ana P\u00e1vaia spom\u00ednaj\u00fa s \u00factou a v\u010fa\u010dnos\u0165ou.<\/p>\n<p>Pod\u013ea patril medzi priekopn\u00edkov endokrinol\u00f3gie na Zempl\u00edne a mal by\u0165 v\u00f4bec prv\u00fdm lek\u00e1rom v regi\u00f3ne s atest\u00e1ciou v tomto odbore. Po\u010das svojej dlhoro\u010dnej praxe v Trebi\u0161ove pomohol mnoh\u00fdm pacientom a po\u010das svojej kari\u00e9ry sa stal zn\u00e1mou a re\u0161pektovanou osobnos\u0165ou zdravotn\u00edctva v Trebi\u0161ove.<\/p>\n<p>Mohlo by v\u00e1s zauj\u00edma\u0165:<\/p>\n<p>Reklama<\/p>\n<p> div {<br \/>\ntext-align: left;<br \/>\nfont-size: 12px;<br \/>\ncolor: #6f6f6f;<br \/>\n}<\/p>\n<p>#onnetwork-banner > div:first-child {<br \/>\ntext-align: left;<br \/>\nfont-weight: 700;<br \/>\npadding-bottom: 5px;<br \/>\nfont-size: 14px;<br \/>\ncolor: #000000;<br \/>\n}<\/p>\n<p>]]><\/p>\n<p><img fetchpriority=\"high\" decoding=\"async\" width=\"1500\" height=\"1060\" src=\"https:\/\/www.europesays.com\/sk\/wp-content\/uploads\/2026\/06\/image-23.jpg\" alt=\"parte lek\u00e1r Du\u0161an P\u00e1vai\" class=\"wp-image-849093\"  \/><\/p>\n<p>Bol v\u00fdnimo\u010dn\u00fd lek\u00e1r a \u010dlovek, spom\u00ednaj\u00fa pacienti<\/p>\n<p>\u013dudia ho opisuj\u00fa nielen ako v\u00fdnimo\u010dn\u00e9ho odborn\u00edka, ale aj ako lek\u00e1ra s \u013eudsk\u00fdm pr\u00edstupom. Rodina, priatelia, kolegovia aj b\u00fdval\u00ed pacienti sa teraz l\u00fa\u010dia s \u010dlovekom, ktor\u00fd zasv\u00e4til \u017eivot medic\u00edne a starostlivosti o druh\u00fdch.<\/p>\n<p>Bol otcom a star\u00fdm otcom. Posledn\u00e1 rozl\u00fa\u010dka s MUDr. Du\u0161anom P\u00e1vaim sa uskuto\u010dn\u00ed 17. j\u00fana o 13.00 hod. v Dome sm\u00fatku vo Ve\u013ekom Kazim\u00edri (okres Trebi\u0161ov).<\/p>\n<p>\t\t<a href=\"https:\/\/presov.zoznam.sk\/zomrel-vyznamny-slovensky-umelec-jeho-nadherne-diela-obdivovali-po-celom-svete\/\" rel=\"nofollow noopener\" target=\"_blank\"><br \/>\n\t\t\t<img decoding=\"async\" src=\"https:\/\/www.europesays.com\/sk\/wp-content\/uploads\/2026\/06\/1781511788_151_sviecka.jpg\" alt=\"Zomrel v\u00fdznamn\u00fd slovensk\u00fd umelec. Jeho n\u00e1dhern\u00e9 diela obdivovali po celom svete\" loading=\"lazy\"\/><br \/>\n\t\t<\/a><\/p>\n<p style=\"color:#000;\">Pre\u010d\u00edtajte si tie\u017e<\/p>\n<p>\t\t\t<a href=\"https:\/\/presov.zoznam.sk\/zomrel-vyznamny-slovensky-umelec-jeho-nadherne-diela-obdivovali-po-celom-svete\/\" rel=\"nofollow noopener\" target=\"_blank\">Zomrel v\u00fdznamn\u00fd slovensk\u00fd umelec. Jeho n\u00e1dhern\u00e9 diela obdivovali po celom svete<\/a><\/p>\n<p class=\"tags\">Viac o t\u00e9me: <a href=\"https:\/\/regiony.zoznam.sk\/tag\/endokrinolog\/\" rel=\"nofollow noopener\" target=\"_blank\">endokrinol\u00f3g<\/a>, <a href=\"https:\/\/regiony.zoznam.sk\/tag\/lekar\/\" rel=\"nofollow noopener\" target=\"_blank\">lek\u00e1r<\/a>, <a href=\"https:\/\/regiony.zoznam.sk\/tag\/trebisov\/\" rel=\"nofollow noopener\" target=\"_blank\">Trebi\u0161ov<\/a>, <a href=\"https:\/\/regiony.zoznam.sk\/tag\/umrtie-2\/\" rel=\"nofollow noopener\" target=\"_blank\">\u00daMRTIE<\/a><\/p>\n<p>\t\tKoment\u00e1re k \u010dl\u00e1nku<\/p>\n<p>Moment\u00e1lne nie je pridan\u00fd \u017eiadny koment\u00e1r<\/p>\n","protected":false},"excerpt":{"rendered":"Ilustra\u010dn\u00fd AI obr\u00e1zok Lek\u00e1rsku obec zasiahla smutn\u00e1 spr\u00e1va. Vo veku 73 rokov ne\u010dakane zomrel MUDr. Du\u0161an P\u00e1vai, dlhoro\u010dn\u00fd&hellip;\n","protected":false},"author":2,"featured_media":97828,"comment_status":"","ping_status":"","sticky":false,"template":"","format":"standard","meta":{"footnotes":"","_share_on_mastodon":"0"},"categories":[6],"tags":[33997,1902,43,40,44,39,42,45,41,1773,565],"class_list":["post-97827","post","type-post","status-publish","format-standard","has-post-thumbnail","category-slovensko","tag-endokrinolog","tag-lekar","tag-sk","tag-slovak","tag-slovak-republic","tag-slovakia","tag-slovencina","tag-slovenska-republika","tag-slovensko","tag-trebisov","tag-umrtie"],"share_on_mastodon":{"url":"https:\/\/pubeurope.com\/@sk\/116753164631622430","error":""},"_links":{"self":[{"href":"https:\/\/www.europesays.com\/sk\/wp-json\/wp\/v2\/posts\/97827","targetHints":{"allow":["GET"]}}],"collection":[{"href":"https:\/\/www.europesays.com\/sk\/wp-json\/wp\/v2\/posts"}],"about":[{"href":"https:\/\/www.europesays.com\/sk\/wp-json\/wp\/v2\/types\/post"}],"author":[{"embeddable":true,"href":"https:\/\/www.europesays.com\/sk\/wp-json\/wp\/v2\/users\/2"}],"replies":[{"embeddable":true,"href":"https:\/\/www.europesays.com\/sk\/wp-json\/wp\/v2\/comments?post=97827"}],"version-history":[{"count":0,"href":"https:\/\/www.europesays.com\/sk\/wp-json\/wp\/v2\/posts\/97827\/revisions"}],"wp:featuredmedia":[{"embeddable":true,"href":"https:\/\/www.europesays.com\/sk\/wp-json\/wp\/v2\/media\/97828"}],"wp:attachment":[{"href":"https:\/\/www.europesays.com\/sk\/wp-json\/wp\/v2\/media?parent=97827"}],"wp:term":[{"taxonomy":"category","embeddable":true,"href":"https:\/\/www.europesays.com\/sk\/wp-json\/wp\/v2\/categories?post=97827"},{"taxonomy":"post_tag","embeddable":true,"href":"https:\/\/www.europesays.com\/sk\/wp-json\/wp\/v2\/tags?post=97827"}],"curies":[{"name":"wp","href":"https:\/\/api.w.org\/{rel}","templated":true}]}}