{"id":97999,"date":"2026-06-15T11:43:12","date_gmt":"2026-06-15T11:43:12","guid":{"rendered":"https:\/\/www.europesays.com\/sk\/97999\/"},"modified":"2026-06-15T11:43:12","modified_gmt":"2026-06-15T11:43:12","slug":"v-kosiciach-vdaka-grantu-zrevitalizuju-verejne-priestranstva","status":"publish","type":"post","link":"https:\/\/www.europesays.com\/sk\/97999\/","title":{"rendered":"V Ko\u0161iciach v\u010faka grantu zrevitalizuj\u00fa verejn\u00e9 priestranstv\u00e1"},"content":{"rendered":"<p>Ko\u0161ice 15. j\u00fana (TASR) &#8211; Verejn\u00e9 priestranstv\u00e1 v ko\u0161ickej mestskej \u010dasti Z\u00e1pad zrevitalizuj\u00fa. Ob\u010dianske zdru\u017eenie (OZ) Borovicov\u00fd h\u00e1j Ko\u0161ice uspelo v grantovej v\u00fdzve Ministerstva financi\u00ed Slovenskej republiky. Na projekte, na ktor\u00fd z\u00edskalo 11.000 eur, spolupracuje s mestom Ko\u0161ice a Spr\u00e1vou mestskej zelene v Ko\u0161iciach. Zapoji\u0165 sa bude m\u00f4c\u0165 aj verejnos\u0165. TASR o tom informovalo OZ.<\/p>\n<p>\u201eHlavn\u00fdm cie\u013eom projektu je komplexn\u00e1 revitaliz\u00e1cia zanedban\u00fdch verejn\u00fdch priestorov v\u00a0mestskej \u010dasti (M\u010c) Ko\u0161ice-Z\u00e1pad a ich transform\u00e1cia na bezpe\u010dn\u00e9, funk\u010dn\u00e9 a\u00a0kraj\u0161ie miesta na Terase,\u201c uviedlo OZ s t\u00fdm, \u017ee najv\u00fdznamnej\u0161ou aktivitou bude odstr\u00e1nenie \u010dasti nevyu\u017e\u00edvan\u00fdch bet\u00f3nov\u00fdch pl\u00f4ch na Ru\u017eovej a \u0160af\u00e1rikovej ulici a ich nahradenie zele\u0148ou.<\/p>\n<p>Projekt pod\u013ea neho vznikol z d\u00f4vodu n\u00edzkej kvality a nedostato\u010dn\u00e9ho vyu\u017e\u00edvania verejn\u00fdch priestranstiev. Vytvori\u0165 chce udr\u017eate\u013en\u00fd model starostlivosti o verejn\u00fd priestor, ktor\u00fd bude zalo\u017een\u00fd na spolupr\u00e1ci samospr\u00e1vy, ob\u010dianskeho sektora a akt\u00edvnych obyvate\u013eov.<\/p>\n<p>\u201eV\u010faka z\u00edskan\u00e9mu grantu m\u00f4\u017eeme premeni\u0165 nevyu\u017e\u00edvan\u00e9 plochy na priestory, ktor\u00e9 bud\u00fa sl\u00fa\u017ei\u0165 \u013eu\u010fom a z\u00e1rove\u0148 pom\u00f4\u017eu zlep\u0161i\u0165 \u017eivotn\u00e9 prostredie v na\u0161om okol\u00ed,\u201c spresnil predseda OZ Borovicov\u00fd h\u00e1j Ko\u0161ice Dominik Karaffa. Doplnil, \u017ee pr\u00e1ce pl\u00e1nuj\u00fa realizova\u0165 v priebehu j\u00fana a j\u00fala tohto roka.<\/p>\n<p>Obyvatelia M\u010c bud\u00fa m\u00f4c\u0165 participova\u0165 na pl\u00e1novan\u00ed a realiz\u00e1cii jednotliv\u00fdch aktiv\u00edt prostredn\u00edctvom dobrovo\u013en\u00edckych brig\u00e1d.<\/p>\n","protected":false},"excerpt":{"rendered":"Ko\u0161ice 15. j\u00fana (TASR) &#8211; Verejn\u00e9 priestranstv\u00e1 v ko\u0161ickej mestskej \u010dasti Z\u00e1pad zrevitalizuj\u00fa. Ob\u010dianske zdru\u017eenie (OZ) Borovicov\u00fd h\u00e1j&hellip;\n","protected":false},"author":2,"featured_media":98000,"comment_status":"","ping_status":"","sticky":false,"template":"","format":"standard","meta":{"footnotes":"","_share_on_mastodon":"0"},"categories":[22],"tags":[34042,33062,137,2484,43,40,39,42,41,320],"class_list":["post-97999","post","type-post","status-publish","format-standard","has-post-thumbnail","category-kosice","tag-borovicovy","tag-haj","tag-kosice","tag-revitalizacia","tag-sk","tag-slovak","tag-slovakia","tag-slovencina","tag-slovensko","tag-zapad"],"share_on_mastodon":{"url":"https:\/\/pubeurope.com\/@sk\/116753950745823062","error":""},"_links":{"self":[{"href":"https:\/\/www.europesays.com\/sk\/wp-json\/wp\/v2\/posts\/97999","targetHints":{"allow":["GET"]}}],"collection":[{"href":"https:\/\/www.europesays.com\/sk\/wp-json\/wp\/v2\/posts"}],"about":[{"href":"https:\/\/www.europesays.com\/sk\/wp-json\/wp\/v2\/types\/post"}],"author":[{"embeddable":true,"href":"https:\/\/www.europesays.com\/sk\/wp-json\/wp\/v2\/users\/2"}],"replies":[{"embeddable":true,"href":"https:\/\/www.europesays.com\/sk\/wp-json\/wp\/v2\/comments?post=97999"}],"version-history":[{"count":0,"href":"https:\/\/www.europesays.com\/sk\/wp-json\/wp\/v2\/posts\/97999\/revisions"}],"wp:featuredmedia":[{"embeddable":true,"href":"https:\/\/www.europesays.com\/sk\/wp-json\/wp\/v2\/media\/98000"}],"wp:attachment":[{"href":"https:\/\/www.europesays.com\/sk\/wp-json\/wp\/v2\/media?parent=97999"}],"wp:term":[{"taxonomy":"category","embeddable":true,"href":"https:\/\/www.europesays.com\/sk\/wp-json\/wp\/v2\/categories?post=97999"},{"taxonomy":"post_tag","embeddable":true,"href":"https:\/\/www.europesays.com\/sk\/wp-json\/wp\/v2\/tags?post=97999"}],"curies":[{"name":"wp","href":"https:\/\/api.w.org\/{rel}","templated":true}]}}