{"id":98312,"date":"2026-06-15T18:16:54","date_gmt":"2026-06-15T18:16:54","guid":{"rendered":"https:\/\/www.europesays.com\/sk\/98312\/"},"modified":"2026-06-15T18:16:54","modified_gmt":"2026-06-15T18:16:54","slug":"mladik-spadol-do-120-metrov-hlbokej-sopky-a-zomrel","status":"publish","type":"post","link":"https:\/\/www.europesays.com\/sk\/98312\/","title":{"rendered":"Mlad\u00edk spadol do 120 metrov hlbokej sopky a zomrel"},"content":{"rendered":"<p>Mu\u017e spadol z nieko\u013ekometrovej v\u00fd\u0161ky. Nemal \u0161ancu pre\u017ei\u0165.\t\t\t\t\t\t(Zdroj: X\/S p r i n t e r, gettyimages.com)\t\t\t\t\t<\/p>\n<p>DHALA &#8211; Smutn\u00fd koniec mlad\u00e9ho dobrodruha otriasol Jemenom. Tridsa\u0165ro\u010dn\u00fd Al-Qaqa Ibn Antar, ktor\u00e9ho mnoh\u00ed poznali pod prez\u00fdvkou \u201eSpider-Man z Jemenu\u201c, zahynul po p\u00e1de do vulkanick\u00e9ho kr\u00e1tera po\u010das riskantn\u00e9ho v\u00fdstupu na strm\u00e9 skaln\u00e9 steny. Mu\u017e sa presl\u00e1vil odv\u00e1\u017enymi k\u00faskami bez ak\u00e9hoko\u013evek istenia \u010di ochrann\u00fdch pom\u00f4cok.<\/p>\n<p>Ako informoval britsk\u00fd denn\u00edk <a href=\"https:\/\/www.dailystar.co.uk\/news\/world-news\/breaking-daredevil-dubbed-the-spider-37293979\" target=\"_blank\" rel=\"nofollow noopener\">Daily Star<\/a>, k trag\u00e9dii do\u0161lo v piatok 12. j\u00fana pri kr\u00e1teri Hardah Dam v ju\u017enej jemenskej provincii Dhala. Antar sa pok\u00fa\u0161al zdola\u0165 takmer kolm\u00e9 skaln\u00e9 steny obklopuj\u00face vulkanick\u00fd \u00fatvar. Po\u010das v\u00fdstupu v\u0161ak stratil oporu a zr\u00fatil sa do pribli\u017ene 120 metrov hlbok\u00e9ho kr\u00e1tera.<\/p>\n<p>\t<a href=\"https:\/\/www.topky.sk\/gl\/9580003\/6516725\/Mladik---30--sa-pysil-titulom-Spider-mana--Osudova-milisekunda-a-posledne-sekundy-zivota-zachytene-vo-VIDEU-\" rel=\"nofollow noopener\" target=\"_blank\"><br \/>\n\t\t<img decoding=\"async\" alt=\"30-ro\u010dn\u00fd Al-Qaqa Ibn Antar zahynul po p\u00e1de do 120 metrov hlbokej sopky.\" aria-describedby=\"img-res-6516725\" class=\"\" id=\"6516725\" loading=\"lazy\" onerror=\"imgArticleLoadErr(this)\" src=\"https:\/\/www.europesays.com\/sk\/wp-content\/uploads\/2026\/06\/Al-Qaqa-Ibn-Antar.jpg\" style=\"aspect-ratio:0.797\" title=\"Mlad\u00edk (\u202030) sa p\u00fd\u0161il\"\/>\t\t\t<\/p>\n<p>\n\t\t\t\tZobrazi\u0165 gal\u00e9riu (2)\t\t\t<\/p>\n<p>\t<\/a><\/p>\n<p>30-ro\u010dn\u00fd Al-Qaqa Ibn Antar zahynul po p\u00e1de do 120 metrov hlbokej sopky.\t\u00a0(Zdroj: X\/Direct Brut)<\/p>\n<p>Posledn\u00e9 sekundy \u017eivota zachyten\u00e9 na video<\/p>\n<p>Jemensk\u00fd \u00darad civilnej obrany zverejnil kr\u00e1tke video zachyt\u00e1vaj\u00face posledn\u00e9 okamihy mlad\u00e9ho dobrodruha. Na nieko\u013ekosekundov\u00fdch z\u00e1beroch je vidie\u0165, ako lezie po skalnej stene bez ak\u00e9hoko\u013evek bezpe\u010dnostn\u00e9ho vybavenia. V jednom momente sa dr\u017e\u00ed len jednou rukou, pri\u010dom druh\u00fa m\u00e1 vo vzduchu. N\u00e1sledne str\u00e1ca \u00fachop, nohy sa mu po\u0161mykn\u00fa o skalu a pad\u00e1 do hlbiny.<\/p>\n<p>Po nehode boli na miesto vyslan\u00e9 z\u00e1chrann\u00e9 t\u00edmy vr\u00e1tane \u0161pecialistov na pot\u00e1panie a vodn\u00fa z\u00e1chranu. Telo mlad\u00e9ho mu\u017ea sa podarilo n\u00e1js\u0165 pribli\u017ene 30 metrov pod hladinou jazera, ktor\u00e9 sa nach\u00e1dza na dne kr\u00e1tera. P\u00e1tracia akcia trvala viac ako \u0161tyri hodiny a z\u00e1chran\u00e1ri ju ozna\u010dili za mimoriadne n\u00e1ro\u010dn\u00fa pre nepr\u00edstupn\u00fd a skalnat\u00fd ter\u00e9n.<\/p>\n<p>&#13;<\/p>\n<p dir=\"ltr\" lang=\"en\">In Yemen, local &#8222;Spider-Man&#8220; Al-Qaqaa ibn Antar died in a fall. He plunged into a volcano crater from a height of 120 meters (40 floors). Al-Qaqaa was a mountaineer-stuntman who performed all his stunts strictly without a safety harness, with his bare hands. He was somewhat\u2026 <a href=\"https:\/\/t.co\/7vDksgHIHf\" rel=\"nofollow\">pic.twitter.com\/7vDksgHIHf<\/a><\/p>\n<p>&#13;<br \/>\n\u2014 S p r i n t e r (@SprinterPress) <a href=\"https:\/\/x.com\/SprinterPress\/status\/2065945506409242922?ref_src=twsrc%5Etfw\" rel=\"nofollow\">June 13, 2026<\/a><\/p>\n<p>N\u00e1ro\u010dn\u00e1 z\u00e1chrann\u00e1 akcia<\/p>\n<p>Civiln\u00e1 obrana osobitne vyzdvihla z\u00e1sluhy velite\u013ea pot\u00e1pa\u010dsk\u00e9ho t\u00edmu Abda Mohameda Al-Qansa, ktor\u00fd sa podie\u013eal na vyzdvihnut\u00ed tela. Pod\u013ea \u00faradu i\u0161lo o jednu z naj\u0165a\u017e\u0161\u00edch a najnebezpe\u010dnej\u0161\u00edch z\u00e1chrann\u00fdch oper\u00e1ci\u00ed v krajine.<\/p>\n<p>Kr\u00e1tko po zverejnen\u00ed spr\u00e1vy zaplavili soci\u00e1lne siete odkazy fan\u00fa\u0161ikov a priate\u013eov, ktor\u00ed vyjadrovali sm\u00fatok nad jeho smr\u0165ou. Antar si z\u00edskal popularitu videami, na ktor\u00fdch zdol\u00e1val extr\u00e9mne skaln\u00e9 \u00fatvary a \u00fatesy v r\u00f4znych \u010dastiach Jemenu. Jeho pr\u00edspevky pravidelne zbierali tis\u00edce zhliadnut\u00ed a \u010dasto sa st\u00e1vali vir\u00e1lnymi.<\/p>\n<p>\u00darad civilnej obrany po trag\u00e9dii op\u00e4tovne apeloval na v\u0161etk\u00fdch priaznivcov adrenal\u00ednov\u00fdch \u0161portov, aby nepodce\u0148ovali bezpe\u010dnostn\u00e9 pravidl\u00e1 a pri podobn\u00fdch aktivit\u00e1ch pou\u017e\u00edvali vhodn\u00e9 ochrann\u00e9 vybavenie. Pod\u013ea z\u00e1chran\u00e1rov m\u00f4\u017ee pr\u00e1ve dodr\u017eiavanie z\u00e1kladn\u00fdch bezpe\u010dnostn\u00fdch opatren\u00ed zabr\u00e1ni\u0165 \u010fal\u0161\u00edm podobn\u00fdm trag\u00e9di\u00e1m.<\/p>\n<p>\t\t\t<script async src=\"https:\/\/platform.twitter.com\/widgets.js\" charset=\"utf-8\"><\/script><\/p>\n","protected":false},"excerpt":{"rendered":"Mu\u017e spadol z nieko\u013ekometrovej v\u00fd\u0161ky. Nemal \u0161ancu pre\u017ei\u0165. (Zdroj: X\/S p r i n t e r, gettyimages.com)&hellip;\n","protected":false},"author":2,"featured_media":98313,"comment_status":"","ping_status":"","sticky":false,"template":"","format":"standard","meta":{"footnotes":"","_share_on_mastodon":"0"},"categories":[8],"tags":[34127,9149,33,3815,43,40,42,10146,433,36,50,565,49,48],"class_list":["post-98312","post","type-post","status-publish","format-standard","has-post-thumbnail","category-svet","tag-al-qaqa-ibn-antar","tag-jemen","tag-news","tag-pad","tag-sk","tag-slovak","tag-slovencina","tag-sopka","tag-spider-man","tag-spravy","tag-svet","tag-umrtie","tag-world","tag-world-news"],"share_on_mastodon":{"url":"https:\/\/pubeurope.com\/@sk\/116755501021082878","error":""},"_links":{"self":[{"href":"https:\/\/www.europesays.com\/sk\/wp-json\/wp\/v2\/posts\/98312","targetHints":{"allow":["GET"]}}],"collection":[{"href":"https:\/\/www.europesays.com\/sk\/wp-json\/wp\/v2\/posts"}],"about":[{"href":"https:\/\/www.europesays.com\/sk\/wp-json\/wp\/v2\/types\/post"}],"author":[{"embeddable":true,"href":"https:\/\/www.europesays.com\/sk\/wp-json\/wp\/v2\/users\/2"}],"replies":[{"embeddable":true,"href":"https:\/\/www.europesays.com\/sk\/wp-json\/wp\/v2\/comments?post=98312"}],"version-history":[{"count":0,"href":"https:\/\/www.europesays.com\/sk\/wp-json\/wp\/v2\/posts\/98312\/revisions"}],"wp:featuredmedia":[{"embeddable":true,"href":"https:\/\/www.europesays.com\/sk\/wp-json\/wp\/v2\/media\/98313"}],"wp:attachment":[{"href":"https:\/\/www.europesays.com\/sk\/wp-json\/wp\/v2\/media?parent=98312"}],"wp:term":[{"taxonomy":"category","embeddable":true,"href":"https:\/\/www.europesays.com\/sk\/wp-json\/wp\/v2\/categories?post=98312"},{"taxonomy":"post_tag","embeddable":true,"href":"https:\/\/www.europesays.com\/sk\/wp-json\/wp\/v2\/tags?post=98312"}],"curies":[{"name":"wp","href":"https:\/\/api.w.org\/{rel}","templated":true}]}}