{"id":98434,"date":"2026-06-15T20:36:06","date_gmt":"2026-06-15T20:36:06","guid":{"rendered":"https:\/\/www.europesays.com\/sk\/98434\/"},"modified":"2026-06-15T20:36:06","modified_gmt":"2026-06-15T20:36:06","slug":"ziak-zomrel-pocas-vyucovania-mal-sa-zapojit-do-nezmyselnej-vyzvy","status":"publish","type":"post","link":"https:\/\/www.europesays.com\/sk\/98434\/","title":{"rendered":"\u017diak zomrel po\u010das vyu\u010dovania, mal sa zapoji\u0165 do nezmyselnej v\u00fdzvy"},"content":{"rendered":"<p>\u017diak Jacob Medina (\u202012) sa udusil v \u0161kole po\u010das plnenia nezmyselnej v\u00fdzvy One BIte Challenge\t\t\t\t\t\t(Zdroj: X\/The Husky, Getty Images)\t\t\t\t\t<\/p>\n<p>NEW YORK \u2013 Na deti treba d\u00e1va\u0165 takmer st\u00e1le pozor. A neplat\u00ed to len pre najmen\u0161\u00edch. Trag\u00e9dia sa m\u00f4\u017ee sta\u0165 kedyko\u013evek, pri\u010dom na veku v\u00f4bec nez\u00e1le\u017e\u00ed. V najv\u00e4\u010d\u0161om meste USA sa odohrala trag\u00e9dia. Priamo po\u010das vyu\u010dovania vyhasol \u017eivot jedn\u00e9ho zo \u017eiakov. Osudn\u00fdm sa mu stala detinsk\u00e1 a\u017e nezmyseln\u00e1 v\u00fdzva. <\/p>\n<p>V z\u00e1kladnej \u0161kole Sonnie Sotomayorovej v New Yorku vyhasol \u017eivot \u017eiaka \u0161iesteho ro\u010dn\u00edka. Nebol pritom \u00fa\u010dastn\u00edkom \u017eiadnej bitky. Komplik\u00e1cie nastali priamo po\u010das vyu\u010dovania. Ne\u0161lo ani o \u0161ok, alebo zlyhanie zdravotn\u00e9ho stavu.<\/p>\n<p>V\u00fdzva na internete\u00a0<\/p>\n<p>\u017diak sa na z\u00e1klade vlastn\u00e9ho rozhodnutia mal zapoji\u0165 do nezmyselnej v\u00fdzvy, ktor\u00e1 koluje po soci\u00e1lnych sie\u0165ach. Informuje o tom <a href=\"https:\/\/people.com\/6th-grader-chokes-to-death-at-school-11996181\" target=\"_blank\" rel=\"nofollow noopener\">People<\/a> s t\u00fdm, \u017ee tento pokus dopadol katastrof\u00e1lne. \u017diak sa zadusil priamo v \u0161kole.\u00a0<\/p>\n<p>K desivej situ\u00e1cii do\u0161lo v stredu 10. j\u00fana o 11:30 miestneho \u010dasu. &#8222;Chlapec sa za\u010dal dusi\u0165 a n\u00e1sledne stratil vedomie. Privolan\u00ed z\u00e1chran\u00e1ri sa pok\u00fasili o resuscit\u00e1ciu a previezli ho do nemocnice v St. Joseph&#8217;s. Tam ho bohu\u017eia\u013e u\u017e len vyhl\u00e1sili za m\u0155tveho,&#8220; uv\u00e1dza na soci\u00e1lnej sieti Facebook kontrol\u00f3r \u0161kolsk\u00e9ho obvodu Yonkers, Anibal Soler ml.\u00a0<\/p>\n<p>Pod\u013ea m\u00e9di\u00ed pol\u00edcia nezverejnila meno obete. &#8222;Neexistuj\u00fa slov\u00e1, ktor\u00fdmi by sa dal vyjadri\u0165 sm\u00fatok a \u017eia\u013e, s ktor\u00fdmi tu dnes z\u00e1pas\u00edme,&#8220; dodal Soler ml.\u00a0<\/p>\n<p>Pod\u013ea pol\u00edcie mohla \u00falohu zohra\u0165 pr\u00e1ve v\u00fdzva na internete &#8222;One Bite Challenge&#8220; (V\u00fdzva jedn\u00e9ho s\u00fasta), ktor\u00e1 je v t\u00fdchto d\u0148och na americk\u00fdch \u0161kol\u00e1ch mimoriadne popul\u00e1rna. Ako informuje <a href=\"https:\/\/westchester.news12.com\/yonkers-6th-grader-dies-after-choking-at-school\" target=\"_blank\" rel=\"nofollow noopener\">News 12 Westchester,<\/a> \u017eiak sa mal na chodbe za\u010da\u0165 dusi\u0165 po\u010das konzumovania jedla. Cie\u013eom v\u00fdzvy je toti\u017e nie\u010do zjes\u0165 sp\u00f4sobom, \u017ee si to \u010dlovek vlo\u017e\u00ed cel\u00e9 do \u00fast.\u00a0<\/p>\n<p>Dalo sa tomu pred\u00eds\u0165?\u00a0<\/p>\n<p>Okresn\u00ed vy\u0161etrovatelia, ktor\u00ed sa pr\u00edpadom na\u010falej zaoberaj\u00fa, zatia\u013e nepotvrdili ani nevyvr\u00e1tili, \u017ee pr\u00e1ve t\u00e1to v\u00fdzva st\u00e1la za smr\u0165ou mlad\u00e9ho \u017eiaka. &#8222;K pr\u00edpadu nedo\u0161lo v \u0161kolskej jed\u00e1lni, ale na takmer pr\u00e1zdnom \u0161tvrtom poschod\u00ed. Na\u0161e \u0161kolsk\u00e9 zdravotn\u00e9 sestry s\u00fa pre tak\u00e9to pr\u00edpady vy\u0161kolen\u00e9. Keby sa partia neskr\u00fdvala, celej trag\u00e9dii sme mohli pred\u00eds\u0165,&#8220; vyjadril sa riadite\u013e \u0161koly.<\/p>\n<p>Toto\u017enos\u0165 obete<\/p>\n<p>Koncom uplynul\u00e9ho t\u00fd\u017ed\u0148a sa obajvili na soci\u00e1lnych sie\u0165ach inform\u00e1cie, \u017ee obe\u0165ou &#8222;One Bite Challenge&#8220; na \u00fd\u00e1kladnej \u0161kole v New Yorku mal by\u0165 Jacob Medina.<\/p>\n<p>Jacob mal by\u017e v \u010dase plnenia v\u00fdzvy v pr\u00edtomnosti dospelej osoby, pri\u010dom zamestnanci \u0161koly sa mu sna\u017eili do p\u00e1r sek\u00fand od komplik\u00e1ci\u00eds d\u00fdchan\u00edm poskytn\u00fa\u0165 prv\u00fa pomoc. Pol\u00edcia na\u010falej vypo\u010d\u00fava zamestnancov aj \u017eiakov \u0161koly.<\/p>\n<p>Mu\u017ei z\u00e1kona okrem toho upozor\u0148uj\u00fa, aby sa deti ani dospel\u00fdch nezap\u00e1jali do \u017eiadnych v\u00fdziev, ktor\u00e9 by mohli \u013eahko sp\u00f4sobi\u0165 udusenie, bez oh\u013eadu na to, \u010di sa v tomto pr\u00edpade jednalo o v\u00fdzvu na TikToku alebo nie.\u00a0<\/p>\n<p>\u00a0<\/p>\n","protected":false},"excerpt":{"rendered":"\u017diak Jacob Medina (\u202012) sa udusil v \u0161kole po\u010das plnenia nezmyselnej v\u00fdzvy One BIte Challenge (Zdroj: X\/The Husky,&hellip;\n","protected":false},"author":2,"featured_media":98435,"comment_status":"","ping_status":"","sticky":false,"template":"","format":"standard","meta":{"footnotes":"","_share_on_mastodon":"0"},"categories":[8],"tags":[34148,557,11188,33,34147,43,2037,40,42,744,8014,36,50,729,34146,304,1097,49,48,34149,11207],"class_list":["post-98434","post","type-post","status-publish","format-standard","has-post-thumbnail","category-svet","tag-ineternet","tag-krimi","tag-new-york","tag-news","tag-one-bite-cahllenge","tag-sk","tag-skola","tag-slovak","tag-slovencina","tag-smrt","tag-socialne-siete","tag-spravy","tag-svet","tag-tragedia","tag-udusenie","tag-usa","tag-vyzva","tag-world","tag-world-news","tag-yonkers","tag-ziak"],"share_on_mastodon":{"url":"https:\/\/pubeurope.com\/@sk\/116756046536136522","error":""},"_links":{"self":[{"href":"https:\/\/www.europesays.com\/sk\/wp-json\/wp\/v2\/posts\/98434","targetHints":{"allow":["GET"]}}],"collection":[{"href":"https:\/\/www.europesays.com\/sk\/wp-json\/wp\/v2\/posts"}],"about":[{"href":"https:\/\/www.europesays.com\/sk\/wp-json\/wp\/v2\/types\/post"}],"author":[{"embeddable":true,"href":"https:\/\/www.europesays.com\/sk\/wp-json\/wp\/v2\/users\/2"}],"replies":[{"embeddable":true,"href":"https:\/\/www.europesays.com\/sk\/wp-json\/wp\/v2\/comments?post=98434"}],"version-history":[{"count":0,"href":"https:\/\/www.europesays.com\/sk\/wp-json\/wp\/v2\/posts\/98434\/revisions"}],"wp:featuredmedia":[{"embeddable":true,"href":"https:\/\/www.europesays.com\/sk\/wp-json\/wp\/v2\/media\/98435"}],"wp:attachment":[{"href":"https:\/\/www.europesays.com\/sk\/wp-json\/wp\/v2\/media?parent=98434"}],"wp:term":[{"taxonomy":"category","embeddable":true,"href":"https:\/\/www.europesays.com\/sk\/wp-json\/wp\/v2\/categories?post=98434"},{"taxonomy":"post_tag","embeddable":true,"href":"https:\/\/www.europesays.com\/sk\/wp-json\/wp\/v2\/tags?post=98434"}],"curies":[{"name":"wp","href":"https:\/\/api.w.org\/{rel}","templated":true}]}}