{"id":76008,"date":"2026-08-26T11:56:34","date_gmt":"2026-08-26T11:56:34","guid":{"rendered":"https:\/\/www.europesays.com\/spain\/76008\/"},"modified":"2026-08-26T11:56:34","modified_gmt":"2026-08-26T11:56:34","slug":"the-last-sunrise-filming-locations-you-can-visit-in-spain","status":"publish","type":"post","link":"https:\/\/www.europesays.com\/spain\/76008\/","title":{"rendered":"The Last Sunrise Filming Locations You Can Visit In Spain"},"content":{"rendered":"<p>                                                                  <img decoding=\"async\" src=\"https:\/\/www.europesays.com\/spain\/wp-content\/uploads\/2026\/08\/The-Last-Sunrise-filming-locations-FI.jpg\" alt=\"\u2018The Last Sunrise\u2019 Filming Locations: A Romance On Spanish Islands\"\/><\/p>\n<p>                                The Last Sunrise | Image credit: IMDb<\/p>\n<p>                                                Highlights<\/p>\n<p>Starring\u00a0Maia Reficco and\u00a0Fernando Lindez in the lead roles, The Last Sunrise was released on Prime Video on August 26, 2026.<\/p>\n<p>We take a look at the\u00a0picturesque\u00a0filming locations\u00a0on the Spanish Mediterranean islands of Mallorca and Menorca that brought this\u00a0romantic\u00a0movie\u00a0to life.<\/p>\n<p>Based on the bestselling novel of the same name by Anna Todd, The Last Sunrise is shot against the breathtaking landscapes of the Spanish Mediterranean islands of Mallorca and Menorca. The romantic drama showcases sun-drenched beaches, picturesque coastal towns, and rugged seaside scenery. These locations beautifully capture the carefree spirit of Pera and Julian\u2019s summer romance. On that note, dive into the filming locations of The Last Sunrise.<\/p>\n<p>Also, explore the shooting locations of <a href=\"https:\/\/www.travelandleisureasia.com\/in\/destinations\/the-end-of-oak-street-filming-locations-atlanta-london\/\" target=\"_blank\" rel=\"noopener nofollow\">The End of Oak Street<\/a>.<\/p>\n<p>The Last Sunrise: Cast, plot and trailer<\/p>\n<p>The cast of The Last Sunrise includes Maia Reficco (Oriah \u2018Ry\u2019 Pera), Fernando Lindez (Juli\u00e1n Garcia), Eva Longoria (Isolde Pera), Andr\u00e9s Velencoso (Mateo Garcia), Chlo\u00e9 Sweetlove (Amara), Sabrina Bartlett (Prisha), Molly B. Thomas (Sofia), and Razan Nassar (Chloe).<\/p>\n<p>The film follows Oriah \u2018Ry\u2019 Pera, a young woman living with a chronic health disorder who feels lost and purposeless. When her mother\u2019s work takes them to Mallorca, Spain, Pera decides to stop taking her medication and make the most of what she believes could be her last carefree summer. While exploring one of Mallorca\u2019s scenic beaches, she meets Julian, a handsome young fisherman\u2019s son, and falls for him. As their romance blossoms, Julian discovers that Pera\u2019s mother is involved in a business deal that threatens to destroy his family\u2019s livelihood. The revelation drives a wedge between the young couple, forcing them to choose between their love for each other and the future of their respective families.<\/p>\n<p>The coming-of-age romantic movie was released on August 26, 2026, on Prime Video.<\/p>\n<p>The Last Sunrise filming locations in Spain<br \/>\nLa Fortaleza, Mallorca<br \/>\n<img decoding=\"async\" loading=\"lazy\" class=\"lazy wp-image-428455 size-full\" alt=\"The Last Sunrise filming locations\" width=\"1920\" height=\"1080\"  src=\"https:\/\/www.europesays.com\/spain\/wp-content\/uploads\/2026\/08\/Mallorca.jpg\"  style=\"position: absolute; top: 0; left: 0; right: 0; bottom: 0; width: 100%!important; height: 100%!important; object-fit: cover; object-position: top;\"\/>Mallorca, Spain | Image Credit: Reiseuhu\/Unsplash<\/p>\n<p>The trailer of The Last Sunrise opens with a bird\u2019s-eye view of La Fortaleza, a historic 17th-century fortress. Also known as Sa Fortalesa, it is located on the northeastern tip of Mallorca, overlooking Pollen\u00e7a Bay. The fortress doubled as the luxurious hotel frequently featured in the film. Its striking stone architecture and spectacular views of the Mediterranean Sea add to the film\u2019s romantic, sun-soaked aesthetic. This is where several memorable moments in Pera and Julian\u2019s story unfold.<\/p>\n<p>Valldemossa, Mallorca<br \/>\n<img decoding=\"async\" loading=\"lazy\" class=\"lazy wp-image-428456 size-full\" alt=\"Valldemossa, Mallorca\" width=\"1920\" height=\"1080\"  src=\"https:\/\/www.europesays.com\/spain\/wp-content\/uploads\/2026\/08\/Valldemossa-Mallorca.jpg\"  style=\"position: absolute; top: 0; left: 0; right: 0; bottom: 0; width: 100%!important; height: 100%!important; object-fit: cover; object-position: top;\"\/>Valldemossa, Mallorca | Image Credit: dronepicr, <a href=\"https:\/\/creativecommons.org\/licenses\/by\/2.0\" target=\"_blank\" rel=\"nofollow noopener\">CC BY 2.0<\/a>, via Wikimedia Commons<\/p>\n<p>Another landmark which served as a key filming location for The Last Sunrise is the mountain village of Valldemossa. Nestled in the Tramuntana mountains of Mallorca, the historic village is known for its cobblestone streets, traditional stone houses and lush mountain surroundings. Its charming old-world character adds to the film\u2019s heartwarming narrative.<\/p>\n<p>Also read |\u00a0<a href=\"https:\/\/www.travelandleisureasia.com\/in\/destinations\/these-pictures-taken-in-mallorca-will-lure-into-planning-trip-to-the-stunning-mediterranean-island\/\" target=\"_blank\" rel=\"noopener nofollow\">These Pictures Taken In Mallorca Will Lure You Into Planning A Trip To The Stunning Mediterranean Island<\/a><\/p>\n<p>Cala Macarella, Menorca<br \/>\n<img decoding=\"async\" loading=\"lazy\" class=\"lazy wp-image-428457 size-full\" alt=\"Cala Macarella, Menorca\" width=\"1920\" height=\"1080\"  src=\"https:\/\/www.europesays.com\/spain\/wp-content\/uploads\/2026\/08\/Cala-Macarella-Menorca.jpg\"  style=\"position: absolute; top: 0; left: 0; right: 0; bottom: 0; width: 100%!important; height: 100%!important; object-fit: cover; object-position: top;\"\/>Cala Macarella, Menorca | Image Credit: Ben Salter\/Flickr<\/p>\n<p>Beyond Mallorca\u2019s historic charm, The Last Sunrise also takes viewers to the idyllic shores of Cala Macarella in Menorca. Known for its turquoise waters, powdery white sand, and dramatic cliffs, the secluded cove brings a sense of untouched beauty to the film. Pera and Julian meet for the first time in these tranquil surroundings. It is a great place to soak in the sun, swim in the clear waters, or admire the natural beauty through a hike.<\/p>\n<p>Don\u2019t miss this romantic teen drama! Watch The Last Sunrise <a href=\"https:\/\/www.primevideo.com\/detail\/0MK3JNWBGKXSGBX9L4DTTR8DAQ\" target=\"_blank\" rel=\"nofollow noopener\">here<\/a>.<\/p>\n<p>(Feature image credit: IMDb)<\/p>\n<p>Related | <a href=\"https:\/\/www.travelandleisureasia.com\/in\/destinations\/north-america\/the-canadian-shooting-locations-behind-season-3-of-my-life-with-the-walter-boys\/\" target=\"_blank\" rel=\"noopener nofollow\">My Life With The Walter Boys\u00a0Was Shot At These Stunning Locations In Canada<\/a><\/p>\n<p>                            &#13;<\/p>\n<p>\n  Note:<br \/>The information in this article is accurate as of the date of publication.<\/p>\n<p>                FAQs (Frequently Asked Questions)        <\/p>\n<p>              Where was &#8216;The Last Sunrise&#8217; filmed?<\/p>\n<p class=\"schema-faq-answer\">&#8216;The Last Sunrise&#8217; was filmed across Mallorca and Menorca in Spain.\n                            <\/p>\n<p>              Is &#8216;The Last Sunrise&#8217; based on a book?<\/p>\n<p class=\"schema-faq-answer\">Yes, &#8216;The Last Sunrise&#8217; is based on a book of the same name by Anna Todd.\n                            <\/p>\n<p>              Where can I watch &#8216;The Last Sunrise&#8217;?<\/p>\n<p class=\"schema-faq-answer\">&#8216;The Last Sunrise&#8217; is available for streaming on Prime Video.\n                            <\/p>\n<p>              Can you visit &#8216;The Last Sunrise&#8217; filming locations in Mallorca?<\/p>\n<p class=\"schema-faq-answer\">Yes, you can visit the shooting locations of &#8216;The Last Sunrise&#8217; in Mallorca including Valldemossa and La Fortaleza.\n                            <\/p>\n<p>              Who stars in &#8216;The Last Sunrise&#8217;?<\/p>\n<p class=\"schema-faq-answer\">&#8216;The Last Sunrise&#8217; stars Maia Reficco, Fernando Lindez, and Eva Longoria in main roles.\n                            <\/p>\n<p>  Subscribe<\/p>\n<p>\n    Share:\n  <\/p>\n<p>      <a href=\"https:\/\/www.facebook.com\/sharer.php?u=https:\/\/www.travelandleisureasia.com\/in\/destinations\/europe\/the-last-sunrise-filming-locations-a-romance-on-spanish-islands\/&amp;t=\u2018The Last Sunrise\u2019 Filming Locations: A Romance On Spanish Islands\" target=\"_blank\" rel=\"nofollow noreferrer noopener\" title=\"Facebook\"><\/p>\n<p>      <\/a><\/p>\n<p>      <a href=\"https:\/\/twitter.com\/intent\/tweet?text=\u2018The Last Sunrise\u2019 Filming Locations: A Romance On Spanish Islands https:\/\/www.travelandleisureasia.com\/in\/destinations\/europe\/the-last-sunrise-filming-locations-a-romance-on-spanish-islands\/\" target=\"_blank\" rel=\"nofollow noreferrer noopener\" title=\"Twitter\"><\/p>\n<p>      <\/a><\/p>\n<p>      <a href=\"https:\/\/www.linkedin.com\/shareArticle?mini=true&amp;url=https:\/\/www.travelandleisureasia.com\/in\/destinations\/europe\/the-last-sunrise-filming-locations-a-romance-on-spanish-islands\/&amp;title=\u2018The Last Sunrise\u2019 Filming Locations: A Romance On Spanish Islands\" target=\"_blank\" rel=\"nofollow noreferrer noopener\" title=\"LinkedIn\"><\/p>\n<p>      <\/a><\/p>\n<p>      <a href=\"https:\/\/api.whatsapp.com\/send?text=https:\/\/www.travelandleisureasia.com\/in\/destinations\/europe\/the-last-sunrise-filming-locations-a-romance-on-spanish-islands\/\" target=\"_blank\" rel=\"nofollow noreferrer noopener\" title=\"Whatsapp\"><\/p>\n<p>      <\/a><\/p>\n<p>      <a class=\"google-preferred-btn\" href=\"https:\/\/www.google.com\/preferences\/source?q=travelandleisureasia.com\" target=\"_blank\" rel=\"noopener noreferrer nofollow\" title=\"Add Travel and Leisure Asia as a Preferred Source on Google\"><br \/>\n                <img loading=\"lazy\" src=\"https:\/\/www.europesays.com\/spain\/wp-content\/uploads\/2026\/06\/google-preferred-badge.png\" alt=\"Add as a preferred source on Google\" decoding=\"async\" width=\"130\" height=\"42\"\/><br \/>\n              <\/a><\/p>\n<p>    Written By<\/p>\n<p>         <img loading=\"lazy\" decoding=\"async\" src=\"https:\/\/www.europesays.com\/spain\/wp-content\/uploads\/2026\/06\/Vanya-Jain.jpg\" class=\"lazy\" alt=\"Vanya Jain\" width=\"150\" height=\"150\"\/> <\/p>\n<p>                        <a href=\"https:\/\/www.travelandleisureasia.com\/in\/author\/vanyajain\/\" target=\"_blank\" rel=\"nofollow noopener\">Vanya Jain<\/a><\/p>\n<p class=\"a-description\" style=\"white-space: normal;\">A writer by passion, Vanya loves spending time in nature and exploring new places. Her inquisitive side ..Read Moreled her into the travel space. If not on her laptop, she\\&#8217;s usually reading a book or creating a new artwork. <a class=\"readless\">Read Less<\/a><\/p>\n<p>            <script async src=\"https:\/\/platform.twitter.com\/widgets.js\" charset=\"utf-8\"><\/script><\/p>\n","protected":false},"excerpt":{"rendered":"The Last Sunrise | Image credit: IMDb Highlights Starring\u00a0Maia Reficco and\u00a0Fernando Lindez in the lead roles, The Last&hellip;\n","protected":false},"author":2,"featured_media":76009,"comment_status":"","ping_status":"","sticky":false,"template":"","format":"standard","meta":{"footnotes":""},"categories":[2],"tags":[28939,600,28940,17],"class_list":["post-76008","post","type-post","status-publish","format-standard","has-post-thumbnail","category-spain","tag-filming-locations","tag-mallorca","tag-shooting-locations","tag-spain"],"_links":{"self":[{"href":"https:\/\/www.europesays.com\/spain\/wp-json\/wp\/v2\/posts\/76008","targetHints":{"allow":["GET"]}}],"collection":[{"href":"https:\/\/www.europesays.com\/spain\/wp-json\/wp\/v2\/posts"}],"about":[{"href":"https:\/\/www.europesays.com\/spain\/wp-json\/wp\/v2\/types\/post"}],"author":[{"embeddable":true,"href":"https:\/\/www.europesays.com\/spain\/wp-json\/wp\/v2\/users\/2"}],"replies":[{"embeddable":true,"href":"https:\/\/www.europesays.com\/spain\/wp-json\/wp\/v2\/comments?post=76008"}],"version-history":[{"count":0,"href":"https:\/\/www.europesays.com\/spain\/wp-json\/wp\/v2\/posts\/76008\/revisions"}],"wp:featuredmedia":[{"embeddable":true,"href":"https:\/\/www.europesays.com\/spain\/wp-json\/wp\/v2\/media\/76009"}],"wp:attachment":[{"href":"https:\/\/www.europesays.com\/spain\/wp-json\/wp\/v2\/media?parent=76008"}],"wp:term":[{"taxonomy":"category","embeddable":true,"href":"https:\/\/www.europesays.com\/spain\/wp-json\/wp\/v2\/categories?post=76008"},{"taxonomy":"post_tag","embeddable":true,"href":"https:\/\/www.europesays.com\/spain\/wp-json\/wp\/v2\/tags?post=76008"}],"curies":[{"name":"wp","href":"https:\/\/api.w.org\/{rel}","templated":true}]}}