{"id":76836,"date":"2026-08-27T21:22:13","date_gmt":"2026-08-27T21:22:13","guid":{"rendered":"https:\/\/www.europesays.com\/spain\/76836\/"},"modified":"2026-08-27T21:22:13","modified_gmt":"2026-08-27T21:22:13","slug":"a-fire-in-the-devesa-del-saler-forces-the-closure-of-the-cv-500-and-the-evacuation-of-residents","status":"publish","type":"post","link":"https:\/\/www.europesays.com\/spain\/76836\/","title":{"rendered":"A fire in the Devesa del Saler forces the closure of the CV-500 and the evacuation of residents"},"content":{"rendered":"<p>You might be interested in<\/p>\n<p>        <a class=\"seo-links__link\" href=\"https:\/\/en.ara.cat\/economy\/holaluz-what-happened-to-the-rooftop-revolution_1_5804304.html\" title=\"Holaluz: what happened to the &#039;rooftop revolution&#039;?\" target=\"_self\" rel=\"nofollow noopener\">Holaluz: what happened to the &#8216;rooftop revolution&#8217;?<\/a><\/p>\n<p class=\"body-paragragh--paywall\">\n        ValenciaA fire in the Pujol gorge area, in El Saler, has alerted firefighters, who have had to evacuate Tower 1 of the Aparwaks urbanization as a precaution. Twelve fire crews have been dispatched there, joined by seven resources from the Generalitat, two from the Ministry for Ecological Transition and Demographic Challenge, and the UME. In addition, units from the Third Battalion of Intervention in Emergencies have left their base in B\u00e9tera to join the extinction missions of the forest fire.<\/p>\n<p>                    <a href=\"\" class=\"ara-button secondary rounded empty body-paragragh--paywall__cta\"><br \/>\n                Read it all<br \/>\n            <\/a>\n            <\/p>\n<p>\n        As a precautionary measure, the Sideinfo cannons have been activated, a high-pressure hydraulic network that allows the vegetation on the perimeter to be wetted in case of fire to prevent its spread.<\/p>\n<p>    Evacuation of the inhabitants of El Saler<\/p>\n<p>\n        After the CECOPAL, it has been decided to evacuate the residents of the Saler district and the campsites near the fire area, in addition to closing the CV-500. The Valencia City Council has activated a device to transport people with mobility problems using EMT buses.<\/p>\n<p>                                    <img decoding=\"async\" loading=\"lazy\" class=\"lazy\" src=\"data:image\/svg+xml,%3Csvg xmlns=&quot;http:\/\/www.w3.org\/2000\/svg&quot; viewBox=&quot;0 0 2847 1600&quot;%3E%3C\/svg%3E\" alt=\"Firefighters working to extinguish the fire as soon as possible.\"\/><\/p>\n<p>\n        Faced with this scenario, the Emergency Coordination Center has raised the situation to level 2 and an Es-Alert has been sent to the affected population. For those displaced, two facilities have been prepared: l&#8217;Alqueria del Basket, which was already set up for the 2024 storm, and la Fonteta de Sant Llu\u00eds.<\/p>\n<p>\n        &#8220;In the first tower we evacuated 30 people as a precaution due to possible smoke inhalation; in the town of El Saler we evacuated about 120 people and at the campsites we are still moving people to la Fonteta and Alqueria del Basket,&#8221; explained Mar\u00eda Jos\u00e9 Catal\u00e0, mayoress of Valencia.<\/p>\n<p>\n        David Roca, head of the Valencia Fire Department, has expressed optimism about the possibility of controlling the fire soon and has calculated that the burned hectares amount to approximately 48, although this figure is not official and the cause of the fire is unknown.<\/p>\n","protected":false},"excerpt":{"rendered":"You might be interested in Holaluz: what happened to the &#8216;rooftop revolution&#8217;? ValenciaA fire in the Pujol gorge&hellip;\n","protected":false},"author":2,"featured_media":76837,"comment_status":"","ping_status":"","sticky":false,"template":"","format":"standard","meta":{"footnotes":""},"categories":[6],"tags":[28024,459,29136,29137,29133,29138,3144,29135,2068,461,6997,29134,582,95],"class_list":["post-76836","post","type-post","status-publish","format-standard","has-post-thumbnail","category-valencia","tag-28024","tag-and","tag-closure","tag-cv","tag-devesa","tag-displacement","tag-fire","tag-forces","tag-in","tag-of","tag-residents","tag-saler","tag-the","tag-valencia"],"_links":{"self":[{"href":"https:\/\/www.europesays.com\/spain\/wp-json\/wp\/v2\/posts\/76836","targetHints":{"allow":["GET"]}}],"collection":[{"href":"https:\/\/www.europesays.com\/spain\/wp-json\/wp\/v2\/posts"}],"about":[{"href":"https:\/\/www.europesays.com\/spain\/wp-json\/wp\/v2\/types\/post"}],"author":[{"embeddable":true,"href":"https:\/\/www.europesays.com\/spain\/wp-json\/wp\/v2\/users\/2"}],"replies":[{"embeddable":true,"href":"https:\/\/www.europesays.com\/spain\/wp-json\/wp\/v2\/comments?post=76836"}],"version-history":[{"count":0,"href":"https:\/\/www.europesays.com\/spain\/wp-json\/wp\/v2\/posts\/76836\/revisions"}],"wp:featuredmedia":[{"embeddable":true,"href":"https:\/\/www.europesays.com\/spain\/wp-json\/wp\/v2\/media\/76837"}],"wp:attachment":[{"href":"https:\/\/www.europesays.com\/spain\/wp-json\/wp\/v2\/media?parent=76836"}],"wp:term":[{"taxonomy":"category","embeddable":true,"href":"https:\/\/www.europesays.com\/spain\/wp-json\/wp\/v2\/categories?post=76836"},{"taxonomy":"post_tag","embeddable":true,"href":"https:\/\/www.europesays.com\/spain\/wp-json\/wp\/v2\/tags?post=76836"}],"curies":[{"name":"wp","href":"https:\/\/api.w.org\/{rel}","templated":true}]}}