{"id":77649,"date":"2026-08-29T17:25:16","date_gmt":"2026-08-29T17:25:16","guid":{"rendered":"https:\/\/www.europesays.com\/spain\/77649\/"},"modified":"2026-08-29T17:25:16","modified_gmt":"2026-08-29T17:25:16","slug":"will-real-madrid-be-a-good-out-of-possession-team","status":"publish","type":"post","link":"https:\/\/www.europesays.com\/spain\/77649\/","title":{"rendered":"Will Real Madrid Be A Good Out-Of -Possession Team?"},"content":{"rendered":"<p class=\"duet--article--dangerously-set-cms-markup duet--article--standard-paragraph _1upudxki _174s0un1 _174s0un0 _1mt21p01\">After Real Madrid\u2019s win over Real Sociedad, Jose Mourinho noted that the team had a hard time pressing La Real: \u201cthe first half was difficult, we weren\u2019t lining up our press. Real Sociedad didn\u2019t create danger, but they were well structured and hard to press. We prepared the game well, it was one of those games that\u2019d be perfect for a hydration break but we had to wait to adjust things at half-time.\u201d<\/p>\n<p class=\"duet--article--dangerously-set-cms-markup duet--article--standard-paragraph _1upudxki _174s0un1 _174s0un0 _1mt21p01\">Real Sociedad lined up in a 4-2-2-2 formation in deep buildup.<\/p>\n<p class=\"duet--article--dangerously-set-cms-markup duet--article--standard-paragraph _1upudxki _174s0un1 _174s0un0 _1mt21p01\">Real Madrid pressed in a 4-2-3-1 shape high up the pitch. Arda Guler and Vinicius Jr operated inside and narrow to Bellingham to provide that central coverage. Valverde and Bernardo Silva took charge of Oyarzabal and Su\u010di\u0107.<\/p>\n<p><a class=\"_19lkh3w1\" href=\"https:\/\/platform.managingmadrid.com\/wp-content\/uploads\/sites\/103\/2026\/08\/1.1-RMA-VS-RSA-2ND-MIN.png?quality=90&amp;strip=all&amp;crop=0,0,100,100\" data-pswp-height=\"1080\" data-pswp-width=\"1920\" target=\"_blank\" rel=\"noreferrer nofollow noopener\"><img alt=\"\" data-chromatic=\"ignore\" loading=\"lazy\" decoding=\"async\" data-nimg=\"fill\" class=\"_8s7ip80\" style=\"position:absolute;height:100%;width:100%;left:0;top:0;right:0;bottom:0;color:transparent;background-size:cover;background-position:50% 50%;background-repeat:no-repeat;background-image:url(&quot;data:image\/svg+xml;charset=utf-8,%3Csvg xmlns='http:\/\/www.w3.org\/2000\/svg' %3E%3Cfilter id='b' color-interpolation-filters='sRGB'%3E%3CfeGaussianBlur stdDeviation='20'\/%3E%3CfeColorMatrix values='1 0 0 0 0 0 1 0 0 0 0 0 1 0 0 0 0 0 100 -1' result='s'\/%3E%3CfeFlood x='0' y='0' width='100%25' height='100%25'\/%3E%3CfeComposite operator='out' in='s'\/%3E%3CfeComposite in2='SourceGraphic'\/%3E%3CfeGaussianBlur stdDeviation='20'\/%3E%3C\/filter%3E%3Cimage width='100%25' height='100%25' x='0' y='0' preserveAspectRatio='none' style='filter: url(%23b);' href='data:image\/png;base64,iVBORw0KGgoAAAANSUhEUgAAAAEAAAABCAQAAAC1HAwCAAAAC0lEQVR42mN8+R8AAtcB6oaHtZcAAAAASUVORK5CYII='\/%3E%3C\/svg%3E&quot;)\"   src=\"https:\/\/www.europesays.com\/spain\/wp-content\/uploads\/2026\/08\/1.1-RMA-VS-RSA-2ND-MIN.png\"\/><\/a><\/p>\n<p class=\"duet--article--dangerously-set-cms-markup duet--article--standard-paragraph _1upudxki _174s0un1 _174s0un0 _1mt21p01\">Real Madrid\u2019s fullbacks had dual roles: jump onto the opposite fullback when Real Sociedad funnelled the play toward one of the flanks or operate zonal and provide the overload at the backline when the play is channeled to the opposite side.<\/p>\n<p><a class=\"_19lkh3w1\" href=\"https:\/\/platform.managingmadrid.com\/wp-content\/uploads\/sites\/103\/2026\/08\/1.2-RMA-VS-RSA-2ND-MIN.png?quality=90&amp;strip=all&amp;crop=0,0,100,100\" data-pswp-height=\"1080\" data-pswp-width=\"1920\" target=\"_blank\" rel=\"noreferrer nofollow noopener\"><img alt=\"\" data-chromatic=\"ignore\" loading=\"lazy\" decoding=\"async\" data-nimg=\"fill\" class=\"_8s7ip80\" style=\"position:absolute;height:100%;width:100%;left:0;top:0;right:0;bottom:0;color:transparent;background-size:cover;background-position:50% 50%;background-repeat:no-repeat;background-image:url(&quot;data:image\/svg+xml;charset=utf-8,%3Csvg xmlns='http:\/\/www.w3.org\/2000\/svg' %3E%3Cfilter id='b' color-interpolation-filters='sRGB'%3E%3CfeGaussianBlur stdDeviation='20'\/%3E%3CfeColorMatrix values='1 0 0 0 0 0 1 0 0 0 0 0 1 0 0 0 0 0 100 -1' result='s'\/%3E%3CfeFlood x='0' y='0' width='100%25' height='100%25'\/%3E%3CfeComposite operator='out' in='s'\/%3E%3CfeComposite in2='SourceGraphic'\/%3E%3CfeGaussianBlur stdDeviation='20'\/%3E%3C\/filter%3E%3Cimage width='100%25' height='100%25' x='0' y='0' preserveAspectRatio='none' style='filter: url(%23b);' href='data:image\/png;base64,iVBORw0KGgoAAAANSUhEUgAAAAEAAAABCAQAAAC1HAwCAAAAC0lEQVR42mN8+R8AAtcB6oaHtZcAAAAASUVORK5CYII='\/%3E%3C\/svg%3E&quot;)\"   src=\"https:\/\/www.europesays.com\/spain\/wp-content\/uploads\/2026\/08\/1.2-RMA-VS-RSA-2ND-MIN.png\"\/><\/a><\/p>\n<p class=\"duet--article--dangerously-set-cms-markup duet--article--standard-paragraph _1upudxki _174s0un1 _174s0un0 _1mt21p01\">From goalkicks, Vinicius Jr joined Kylian Mbapp\u00e9 to press the center-backs, while Arda G\u00fcler and Jude Bellingham monitored the double pivots.<\/p>\n<p class=\"duet--article--dangerously-set-cms-markup duet--article--standard-paragraph _1upudxki _174s0un1 _174s0un0 _1mt21p01\">Jude Bellingham started central and drifted across, only when the goalkeeper played to Herrera. Real Sociedad\u2019s pivot picked out Su\u010di\u0107, who was tightly pressed from behind by Fede Valverde. A loose touch from Su\u010di\u0107 triggered Valverde to go full gear and prod the ball to Mbapp\u00e9, who set Vinicius Junior in front of the goal:<\/p>\n<p><a class=\"_19lkh3w1\" href=\"https:\/\/platform.managingmadrid.com\/wp-content\/uploads\/sites\/103\/2026\/08\/RMA-VS-RSO-20TH-MIN.gif?quality=90&amp;strip=all&amp;crop=0,0,100,100\" data-pswp-height=\"450\" data-pswp-width=\"800\" target=\"_blank\" rel=\"noreferrer nofollow noopener\"><img alt=\"\" data-chromatic=\"ignore\" loading=\"lazy\" decoding=\"async\" data-nimg=\"fill\" class=\"_8s7ip80\" style=\"position:absolute;height:100%;width:100%;left:0;top:0;right:0;bottom:0;color:transparent;background-size:cover;background-position:50% 50%;background-repeat:no-repeat;background-image:url(&quot;data:image\/svg+xml;charset=utf-8,%3Csvg xmlns='http:\/\/www.w3.org\/2000\/svg' %3E%3Cfilter id='b' color-interpolation-filters='sRGB'%3E%3CfeGaussianBlur stdDeviation='20'\/%3E%3CfeColorMatrix values='1 0 0 0 0 0 1 0 0 0 0 0 1 0 0 0 0 0 100 -1' result='s'\/%3E%3CfeFlood x='0' y='0' width='100%25' height='100%25'\/%3E%3CfeComposite operator='out' in='s'\/%3E%3CfeComposite in2='SourceGraphic'\/%3E%3CfeGaussianBlur stdDeviation='20'\/%3E%3C\/filter%3E%3Cimage width='100%25' height='100%25' x='0' y='0' preserveAspectRatio='none' style='filter: url(%23b);' href='data:image\/png;base64,iVBORw0KGgoAAAANSUhEUgAAAAEAAAABCAQAAAC1HAwCAAAAC0lEQVR42mN8+R8AAtcB6oaHtZcAAAAASUVORK5CYII='\/%3E%3C\/svg%3E&quot;)\"   src=\"https:\/\/www.europesays.com\/spain\/wp-content\/uploads\/2026\/08\/RMA-VS-RSO-20TH-MIN.gif\"\/><\/a><\/p>\n<p class=\"duet--article--dangerously-set-cms-markup duet--article--standard-paragraph _1upudxki _174s0un1 _174s0un0 _1mt21p01\">Real Madrid\u2019s old, well-known problems persisted. Here, Vinicius Junior communicated with Arda Guler to handle the center-back, while the Brazilian took charge of Turrientes.<\/p>\n<p class=\"duet--article--dangerously-set-cms-markup duet--article--standard-paragraph _1upudxki _174s0un1 _174s0un0 _1mt21p01\">As Mbapp\u00e9 cut off the passing lane between the goalkeeper and Beitia, Vinicius let his man shift freely across. As a consequence, the visitors could find that entry pass to break down Real Madrid\u2019s first line of press.<\/p>\n<p class=\"duet--article--dangerously-set-cms-markup duet--article--standard-paragraph _1upudxki _174s0un1 _174s0un0 _1mt21p01\">Vinicius headed toward the far-side center-back, whereas Carreras and Bellingham marked Aramburu and Su\u010di\u0107. Turrientes moved toward the ball side without being followed by Mbapp\u00e9. Hence, the visitors could access Turrientes unmarked behind Bellingham via a third-man combination:<\/p>\n<p><a class=\"_19lkh3w1\" href=\"https:\/\/platform.managingmadrid.com\/wp-content\/uploads\/sites\/103\/2026\/08\/RMA-VS-RSO-28TH-MIN.gif?quality=90&amp;strip=all&amp;crop=0,0,100,100\" data-pswp-height=\"450\" data-pswp-width=\"800\" target=\"_blank\" rel=\"noreferrer nofollow noopener\"><img alt=\"\" data-chromatic=\"ignore\" loading=\"lazy\" decoding=\"async\" data-nimg=\"fill\" class=\"_8s7ip80\" style=\"position:absolute;height:100%;width:100%;left:0;top:0;right:0;bottom:0;color:transparent;background-size:cover;background-position:50% 50%;background-repeat:no-repeat;background-image:url(&quot;data:image\/svg+xml;charset=utf-8,%3Csvg xmlns='http:\/\/www.w3.org\/2000\/svg' %3E%3Cfilter id='b' color-interpolation-filters='sRGB'%3E%3CfeGaussianBlur stdDeviation='20'\/%3E%3CfeColorMatrix values='1 0 0 0 0 0 1 0 0 0 0 0 1 0 0 0 0 0 100 -1' result='s'\/%3E%3CfeFlood x='0' y='0' width='100%25' height='100%25'\/%3E%3CfeComposite operator='out' in='s'\/%3E%3CfeComposite in2='SourceGraphic'\/%3E%3CfeGaussianBlur stdDeviation='20'\/%3E%3C\/filter%3E%3Cimage width='100%25' height='100%25' x='0' y='0' preserveAspectRatio='none' style='filter: url(%23b);' href='data:image\/png;base64,iVBORw0KGgoAAAANSUhEUgAAAAEAAAABCAQAAAC1HAwCAAAAC0lEQVR42mN8+R8AAtcB6oaHtZcAAAAASUVORK5CYII='\/%3E%3C\/svg%3E&quot;)\"   src=\"https:\/\/www.europesays.com\/spain\/wp-content\/uploads\/2026\/08\/RMA-VS-RSO-28TH-MIN.gif\"\/><\/a><\/p>\n<p class=\"duet--article--dangerously-set-cms-markup duet--article--standard-paragraph _1upudxki _174s0un1 _174s0un0 _1mt21p01\">Once Real Sociedad broke down the first line of pressure due to a lack of intensity and awareness, Real Madrid\u2019s dominoes fell apart.<\/p>\n<p class=\"duet--article--dangerously-set-cms-markup duet--article--standard-paragraph _1upudxki _174s0un1 _174s0un0 _1mt21p01\">The lack of pressure and urgency allowed the ball holder to target the opposite and underloaded side and spaces behind Real Madrid\u2019s defensive line:<\/p>\n<p><a class=\"_19lkh3w1\" href=\"https:\/\/platform.managingmadrid.com\/wp-content\/uploads\/sites\/103\/2026\/08\/1.1-RMA-VS-RSO-33RD-MIN.gif?quality=90&amp;strip=all&amp;crop=0,0,100,100\" data-pswp-height=\"450\" data-pswp-width=\"800\" target=\"_blank\" rel=\"noreferrer nofollow noopener\"><img alt=\"\" data-chromatic=\"ignore\" loading=\"lazy\" decoding=\"async\" data-nimg=\"fill\" class=\"_8s7ip80\" style=\"position:absolute;height:100%;width:100%;left:0;top:0;right:0;bottom:0;color:transparent;background-size:cover;background-position:50% 50%;background-repeat:no-repeat;background-image:url(&quot;data:image\/svg+xml;charset=utf-8,%3Csvg xmlns='http:\/\/www.w3.org\/2000\/svg' %3E%3Cfilter id='b' color-interpolation-filters='sRGB'%3E%3CfeGaussianBlur stdDeviation='20'\/%3E%3CfeColorMatrix values='1 0 0 0 0 0 1 0 0 0 0 0 1 0 0 0 0 0 100 -1' result='s'\/%3E%3CfeFlood x='0' y='0' width='100%25' height='100%25'\/%3E%3CfeComposite operator='out' in='s'\/%3E%3CfeComposite in2='SourceGraphic'\/%3E%3CfeGaussianBlur stdDeviation='20'\/%3E%3C\/filter%3E%3Cimage width='100%25' height='100%25' x='0' y='0' preserveAspectRatio='none' style='filter: url(%23b);' href='data:image\/png;base64,iVBORw0KGgoAAAANSUhEUgAAAAEAAAABCAQAAAC1HAwCAAAAC0lEQVR42mN8+R8AAtcB6oaHtZcAAAAASUVORK5CYII='\/%3E%3C\/svg%3E&quot;)\"   src=\"https:\/\/www.europesays.com\/spain\/wp-content\/uploads\/2026\/08\/1.1-RMA-VS-RSO-33RD-MIN.gif\"\/><\/a><\/p>\n<p class=\"duet--article--dangerously-set-cms-markup duet--article--standard-paragraph _1upudxki _174s0un1 _174s0un0 _1mt21p01\">Not only that, but Real Madrid\u2019s slow retreat from some players, notably Vinicius, enabled Real Sociedad to exploit the weak side of the white team.<\/p>\n<p class=\"duet--article--dangerously-set-cms-markup duet--article--standard-paragraph _1upudxki _174s0un1 _174s0un0 _1mt21p01\">Here, Oyarzabal is comfortable in receiving and assessing his options. In the end, he pings the ball over the top toward the back post, where Gomez pulled off a powerful shot:<\/p>\n<p><a class=\"_19lkh3w1\" href=\"https:\/\/platform.managingmadrid.com\/wp-content\/uploads\/sites\/103\/2026\/08\/1.2-RMA-VS-RSO-33RD-MIN.gif?quality=90&amp;strip=all&amp;crop=0,0,100,100\" data-pswp-height=\"450\" data-pswp-width=\"800\" target=\"_blank\" rel=\"noreferrer nofollow noopener\"><img alt=\"\" data-chromatic=\"ignore\" loading=\"lazy\" decoding=\"async\" data-nimg=\"fill\" class=\"_8s7ip80\" style=\"position:absolute;height:100%;width:100%;left:0;top:0;right:0;bottom:0;color:transparent;background-size:cover;background-position:50% 50%;background-repeat:no-repeat;background-image:url(&quot;data:image\/svg+xml;charset=utf-8,%3Csvg xmlns='http:\/\/www.w3.org\/2000\/svg' %3E%3Cfilter id='b' color-interpolation-filters='sRGB'%3E%3CfeGaussianBlur stdDeviation='20'\/%3E%3CfeColorMatrix values='1 0 0 0 0 0 1 0 0 0 0 0 1 0 0 0 0 0 100 -1' result='s'\/%3E%3CfeFlood x='0' y='0' width='100%25' height='100%25'\/%3E%3CfeComposite operator='out' in='s'\/%3E%3CfeComposite in2='SourceGraphic'\/%3E%3CfeGaussianBlur stdDeviation='20'\/%3E%3C\/filter%3E%3Cimage width='100%25' height='100%25' x='0' y='0' preserveAspectRatio='none' style='filter: url(%23b);' href='data:image\/png;base64,iVBORw0KGgoAAAANSUhEUgAAAAEAAAABCAQAAAC1HAwCAAAAC0lEQVR42mN8+R8AAtcB6oaHtZcAAAAASUVORK5CYII='\/%3E%3C\/svg%3E&quot;)\"   src=\"https:\/\/www.europesays.com\/spain\/wp-content\/uploads\/2026\/08\/1.2-RMA-VS-RSO-33RD-MIN.gif\"\/><\/a><\/p>\n<p class=\"duet--article--dangerously-set-cms-markup duet--article--standard-paragraph _1upudxki _174s0un1 _174s0un0 _1mt21p01\">As aforementioned, Real Madrid\u2019s ball-side fullback tended to jump on his opposite fullback.<\/p>\n<p class=\"duet--article--dangerously-set-cms-markup duet--article--standard-paragraph _1upudxki _174s0un1 _174s0un0 _1mt21p01\">In a moment of miscommunication between Guler and Dumfries, Sergio Gomez found himself in large space with time on the ball to clip it over the top. Konat\u00e9 misreads Ochieng\u2019s intentions, so the latter could figure out a shooting angle. However, the French striker was able to block off the shot.<\/p>\n<p class=\"duet--article--dangerously-set-cms-markup duet--article--standard-paragraph _1upudxki _174s0un1 _174s0un0 _1mt21p01\">In the meantime, Carreras shifted to the space around the penalty area to cover Kubo. However, Su\u010di\u0107 came late from behind without being tracked back to power the loose ball home.<\/p>\n<p><a class=\"_19lkh3w1\" href=\"https:\/\/platform.managingmadrid.com\/wp-content\/uploads\/sites\/103\/2026\/08\/RMA-VS-RSO-43RD-MIN.gif?quality=90&amp;strip=all&amp;crop=0,0,100,100\" data-pswp-height=\"450\" data-pswp-width=\"800\" target=\"_blank\" rel=\"noreferrer nofollow noopener\"><img alt=\"\" data-chromatic=\"ignore\" loading=\"lazy\" decoding=\"async\" data-nimg=\"fill\" class=\"_8s7ip80\" style=\"position:absolute;height:100%;width:100%;left:0;top:0;right:0;bottom:0;color:transparent;background-size:cover;background-position:50% 50%;background-repeat:no-repeat;background-image:url(&quot;data:image\/svg+xml;charset=utf-8,%3Csvg xmlns='http:\/\/www.w3.org\/2000\/svg' %3E%3Cfilter id='b' color-interpolation-filters='sRGB'%3E%3CfeGaussianBlur stdDeviation='20'\/%3E%3CfeColorMatrix values='1 0 0 0 0 0 1 0 0 0 0 0 1 0 0 0 0 0 100 -1' result='s'\/%3E%3CfeFlood x='0' y='0' width='100%25' height='100%25'\/%3E%3CfeComposite operator='out' in='s'\/%3E%3CfeComposite in2='SourceGraphic'\/%3E%3CfeGaussianBlur stdDeviation='20'\/%3E%3C\/filter%3E%3Cimage width='100%25' height='100%25' x='0' y='0' preserveAspectRatio='none' style='filter: url(%23b);' href='data:image\/png;base64,iVBORw0KGgoAAAANSUhEUgAAAAEAAAABCAQAAAC1HAwCAAAAC0lEQVR42mN8+R8AAtcB6oaHtZcAAAAASUVORK5CYII='\/%3E%3C\/svg%3E&quot;)\"   src=\"https:\/\/www.europesays.com\/spain\/wp-content\/uploads\/2026\/08\/RMA-VS-RSO-43RD-MIN.gif\"\/><\/a><\/p>\n<p class=\"duet--article--dangerously-set-cms-markup duet--article--standard-paragraph _1upudxki _174s0un1 _174s0un0 _1mt21p01\">In the second half, Arda G\u00fcler was no longer marking Turrientes, as he shifted to occupy the opposite fullback; Valverde stepped up to handle Guler\u2019s initial reference, whereas Dumfries narrowed inside to monitor the opposite winger. Marc Cucurella had a dual role, which resided in stepping out toward the opposite right-back when the play was directed to Real Madrid\u2019s left side and withdrawing to his position to maintain overload across the backline when the ball is on the opposite side.<\/p>\n<p class=\"duet--article--dangerously-set-cms-markup duet--article--standard-paragraph _1upudxki _174s0un1 _174s0un0 _1mt21p01\">In this scene, Vinicius Junior forced the goalkeeper to play to Sergio Gomez, who was marked by Arda G\u00fcler, which was the change Mourinho mentioned in his post-match interview, with Valverde jumping onto Turrientes, whereas Dumfries held his position, keeping tabs on Ochieng.<\/p>\n<p class=\"duet--article--dangerously-set-cms-markup duet--article--standard-paragraph _1upudxki _174s0un1 _174s0un0 _1mt21p01\">Dumfries intercepted Gomez\u2019s inside pass and regained possession. Real Madrid had numbers around the ball. So with a give-and-go, Dumfries ran beyond the left-back and offered himself for Guler to slide the pass between Martin and Gomez.<\/p>\n<p class=\"duet--article--dangerously-set-cms-markup duet--article--standard-paragraph _1upudxki _174s0un1 _174s0un0 _1mt21p01\">Mbapp\u00e9 and Vinicius dragged the backline toward the goal, so Bellingham could arrive late in the box.<\/p>\n<p><a class=\"_19lkh3w1\" href=\"https:\/\/platform.managingmadrid.com\/wp-content\/uploads\/sites\/103\/2026\/08\/RMA-VS-RSO-60TH-MIN.gif?quality=90&amp;strip=all&amp;crop=0,0,100,100\" data-pswp-height=\"450\" data-pswp-width=\"800\" target=\"_blank\" rel=\"noreferrer nofollow noopener\"><img alt=\"\" data-chromatic=\"ignore\" loading=\"lazy\" decoding=\"async\" data-nimg=\"fill\" class=\"_8s7ip80\" style=\"position:absolute;height:100%;width:100%;left:0;top:0;right:0;bottom:0;color:transparent;background-size:cover;background-position:50% 50%;background-repeat:no-repeat;background-image:url(&quot;data:image\/svg+xml;charset=utf-8,%3Csvg xmlns='http:\/\/www.w3.org\/2000\/svg' %3E%3Cfilter id='b' color-interpolation-filters='sRGB'%3E%3CfeGaussianBlur stdDeviation='20'\/%3E%3CfeColorMatrix values='1 0 0 0 0 0 1 0 0 0 0 0 1 0 0 0 0 0 100 -1' result='s'\/%3E%3CfeFlood x='0' y='0' width='100%25' height='100%25'\/%3E%3CfeComposite operator='out' in='s'\/%3E%3CfeComposite in2='SourceGraphic'\/%3E%3CfeGaussianBlur stdDeviation='20'\/%3E%3C\/filter%3E%3Cimage width='100%25' height='100%25' x='0' y='0' preserveAspectRatio='none' style='filter: url(%23b);' href='data:image\/png;base64,iVBORw0KGgoAAAANSUhEUgAAAAEAAAABCAQAAAC1HAwCAAAAC0lEQVR42mN8+R8AAtcB6oaHtZcAAAAASUVORK5CYII='\/%3E%3C\/svg%3E&quot;)\"   src=\"https:\/\/www.europesays.com\/spain\/wp-content\/uploads\/2026\/08\/RMA-VS-RSO-60TH-MIN.gif\"\/><\/a><\/p>\n<p class=\"duet--article--dangerously-set-cms-markup duet--article--standard-paragraph _1upudxki _174s0un1 _174s0un0 _1mt21p01\">Real Madrid had issues when defending in a zonal block, as well. Los Blancos sat in a 4-2-3-1 medium block as well.<\/p>\n<p><a class=\"_19lkh3w1\" href=\"https:\/\/platform.managingmadrid.com\/wp-content\/uploads\/sites\/103\/2026\/08\/1.1-RMA-VS-RSO-5TH-MIN.png?quality=90&amp;strip=all&amp;crop=0,0,100,100\" data-pswp-height=\"1080\" data-pswp-width=\"1920\" target=\"_blank\" rel=\"noreferrer nofollow noopener\"><img alt=\"\" data-chromatic=\"ignore\" loading=\"lazy\" decoding=\"async\" data-nimg=\"fill\" class=\"_8s7ip80\" style=\"position:absolute;height:100%;width:100%;left:0;top:0;right:0;bottom:0;color:transparent;background-size:cover;background-position:50% 50%;background-repeat:no-repeat;background-image:url(&quot;data:image\/svg+xml;charset=utf-8,%3Csvg xmlns='http:\/\/www.w3.org\/2000\/svg' %3E%3Cfilter id='b' color-interpolation-filters='sRGB'%3E%3CfeGaussianBlur stdDeviation='20'\/%3E%3CfeColorMatrix values='1 0 0 0 0 0 1 0 0 0 0 0 1 0 0 0 0 0 100 -1' result='s'\/%3E%3CfeFlood x='0' y='0' width='100%25' height='100%25'\/%3E%3CfeComposite operator='out' in='s'\/%3E%3CfeComposite in2='SourceGraphic'\/%3E%3CfeGaussianBlur stdDeviation='20'\/%3E%3C\/filter%3E%3Cimage width='100%25' height='100%25' x='0' y='0' preserveAspectRatio='none' style='filter: url(%23b);' href='data:image\/png;base64,iVBORw0KGgoAAAANSUhEUgAAAAEAAAABCAQAAAC1HAwCAAAAC0lEQVR42mN8+R8AAtcB6oaHtZcAAAAASUVORK5CYII='\/%3E%3C\/svg%3E&quot;)\"   src=\"https:\/\/www.europesays.com\/spain\/wp-content\/uploads\/2026\/08\/1.1-RMA-VS-RSO-5TH-MIN.png\"\/><\/a><\/p>\n<p class=\"duet--article--dangerously-set-cms-markup duet--article--standard-paragraph _1upudxki _174s0un1 _174s0un0 _1mt21p01\">When Sociedad broke down Madrid\u2019s first line because of insufficient intensity in jumps and channeled the play to the flanks, Mourinho\u2019s team\u2019s ball-side pivot shifted across, while the far-side pivot covered the half-space and the out-in passing lanes.<\/p>\n<p class=\"duet--article--dangerously-set-cms-markup duet--article--standard-paragraph _1upudxki _174s0un1 _174s0un0 _1mt21p01\">In this example, Bernardo Silva and Valverde work in tandem to drive the right-back to a central trap and swarm around him to regain possession.<\/p>\n<p class=\"duet--article--dangerously-set-cms-markup duet--article--standard-paragraph _1upudxki _174s0un1 _174s0un0 _1mt21p01\">Carreras collects the loose ball and immediately finds Vinicius Jr in a high position. Both Mbapp\u00e9 and Guler are in good rest attack situations. Mbapp\u00e9 attacks depth with Vinicius Junior setting him up in front of the goal, while Guler runs freely around Turrientes to penetrate the box.<\/p>\n<p class=\"duet--article--dangerously-set-cms-markup duet--article--standard-paragraph _1upudxki _174s0un1 _174s0un0 _1mt21p01\">The Turkish midfield was in a good place for the tap-in; however, Mbapp\u00e9 drives at goal with his head down, looking to shoot.<\/p>\n<p><a class=\"_19lkh3w1\" href=\"https:\/\/platform.managingmadrid.com\/wp-content\/uploads\/sites\/103\/2026\/08\/RMA-VS-RSO-5TH-MIN.gif?quality=90&amp;strip=all&amp;crop=0,0,100,100\" data-pswp-height=\"450\" data-pswp-width=\"800\" target=\"_blank\" rel=\"noreferrer nofollow noopener\"><img alt=\"\" data-chromatic=\"ignore\" loading=\"lazy\" decoding=\"async\" data-nimg=\"fill\" class=\"_8s7ip80\" style=\"position:absolute;height:100%;width:100%;left:0;top:0;right:0;bottom:0;color:transparent;background-size:cover;background-position:50% 50%;background-repeat:no-repeat;background-image:url(&quot;data:image\/svg+xml;charset=utf-8,%3Csvg xmlns='http:\/\/www.w3.org\/2000\/svg' %3E%3Cfilter id='b' color-interpolation-filters='sRGB'%3E%3CfeGaussianBlur stdDeviation='20'\/%3E%3CfeColorMatrix values='1 0 0 0 0 0 1 0 0 0 0 0 1 0 0 0 0 0 100 -1' result='s'\/%3E%3CfeFlood x='0' y='0' width='100%25' height='100%25'\/%3E%3CfeComposite operator='out' in='s'\/%3E%3CfeComposite in2='SourceGraphic'\/%3E%3CfeGaussianBlur stdDeviation='20'\/%3E%3C\/filter%3E%3Cimage width='100%25' height='100%25' x='0' y='0' preserveAspectRatio='none' style='filter: url(%23b);' href='data:image\/png;base64,iVBORw0KGgoAAAANSUhEUgAAAAEAAAABCAQAAAC1HAwCAAAAC0lEQVR42mN8+R8AAtcB6oaHtZcAAAAASUVORK5CYII='\/%3E%3C\/svg%3E&quot;)\"   src=\"https:\/\/www.europesays.com\/spain\/wp-content\/uploads\/2026\/08\/RMA-VS-RSO-5TH-MIN.gif\"\/><\/a><\/p>\n<p class=\"duet--article--dangerously-set-cms-markup duet--article--standard-paragraph _1upudxki _174s0un1 _174s0un0 _1mt21p01\">In a medium block, Real Madrid alternated between the 4-4-2\/4-2-3-1 formation. Vinicius Junior and Arda Guler dropped as wide midfielders alongside Valverde and Bernardo Silva.<\/p>\n<p class=\"duet--article--dangerously-set-cms-markup duet--article--standard-paragraph _1upudxki _174s0un1 _174s0un0 _1mt21p01\">Mikel Oyarzabal\u2019s deeper positioning caused problems for Real Madrid\u2019s structure. This sequence is a prime example. At the start, Bernardo Silva tends to pull wide toward Gomez until Guler fully recovers. Then the Portuguese tries to return to his position. With Vinicius not working his way back to provide cover on the far side, Valverde cannot shuffle toward Oyarzabal, as it would open the diagonal passing lane toward Sucic, and the visitors would be in a situation to capitalize on the overload on the far side.<\/p>\n<p class=\"duet--article--dangerously-set-cms-markup duet--article--standard-paragraph _1upudxki _174s0un1 _174s0un0 _1mt21p01\">Kubo and Ochieng\u2019s runs push Real Madrid\u2019s backline rearward. Valverde withdraws toward Oyarzabal, who is able to access the far side.<\/p>\n<p><a class=\"_19lkh3w1\" href=\"https:\/\/platform.managingmadrid.com\/wp-content\/uploads\/sites\/103\/2026\/08\/RMA-VS-RSO-21ST-MIN.gif?quality=90&amp;strip=all&amp;crop=0,0,100,100\" data-pswp-height=\"450\" data-pswp-width=\"800\" target=\"_blank\" rel=\"noreferrer nofollow noopener\"><img alt=\"\" data-chromatic=\"ignore\" loading=\"lazy\" decoding=\"async\" data-nimg=\"fill\" class=\"_8s7ip80\" style=\"position:absolute;height:100%;width:100%;left:0;top:0;right:0;bottom:0;color:transparent;background-size:cover;background-position:50% 50%;background-repeat:no-repeat;background-image:url(&quot;data:image\/svg+xml;charset=utf-8,%3Csvg xmlns='http:\/\/www.w3.org\/2000\/svg' %3E%3Cfilter id='b' color-interpolation-filters='sRGB'%3E%3CfeGaussianBlur stdDeviation='20'\/%3E%3CfeColorMatrix values='1 0 0 0 0 0 1 0 0 0 0 0 1 0 0 0 0 0 100 -1' result='s'\/%3E%3CfeFlood x='0' y='0' width='100%25' height='100%25'\/%3E%3CfeComposite operator='out' in='s'\/%3E%3CfeComposite in2='SourceGraphic'\/%3E%3CfeGaussianBlur stdDeviation='20'\/%3E%3C\/filter%3E%3Cimage width='100%25' height='100%25' x='0' y='0' preserveAspectRatio='none' style='filter: url(%23b);' href='data:image\/png;base64,iVBORw0KGgoAAAANSUhEUgAAAAEAAAABCAQAAAC1HAwCAAAAC0lEQVR42mN8+R8AAtcB6oaHtZcAAAAASUVORK5CYII='\/%3E%3C\/svg%3E&quot;)\"   src=\"https:\/\/www.europesays.com\/spain\/wp-content\/uploads\/2026\/08\/RMA-VS-RSO-21ST-MIN.gif\"\/><\/a><\/p>\n<p class=\"duet--article--dangerously-set-cms-markup duet--article--standard-paragraph _1upudxki _174s0un1 _174s0un0 _1mt21p01\">Real Madrid\u2019s off-ball frailties continue to hinder the team by increasing the opposition\u2019s chances to get into a dangerous position. Usually, Los Blancos\u2019 cracks appear across the front line, where the opposing team\u2019s buildup line can freely pick up options and find different passing lanes. And from there, the domino effect takes place. Mourinho\u2019s mission is to drill this group of players to defend and attack like a team and a compact unit. The defending process must be initiated with intensity and awareness to allow an optimal continuation and neutralize the danger.<\/p>\n","protected":false},"excerpt":{"rendered":"After Real Madrid\u2019s win over Real Sociedad, Jose Mourinho noted that the team had a hard time pressing&hellip;\n","protected":false},"author":2,"featured_media":77650,"comment_status":"","ping_status":"","sticky":false,"template":"","format":"standard","meta":{"footnotes":""},"categories":[4],"tags":[82,2827,2829,621],"class_list":["post-77649","post","type-post","status-publish","format-standard","has-post-thumbnail","category-madrid","tag-madrid","tag-managing-madrid-editorials","tag-real-madrid-cf-formations-and-tactics","tag-real-madrid-cf-la-liga"],"_links":{"self":[{"href":"https:\/\/www.europesays.com\/spain\/wp-json\/wp\/v2\/posts\/77649","targetHints":{"allow":["GET"]}}],"collection":[{"href":"https:\/\/www.europesays.com\/spain\/wp-json\/wp\/v2\/posts"}],"about":[{"href":"https:\/\/www.europesays.com\/spain\/wp-json\/wp\/v2\/types\/post"}],"author":[{"embeddable":true,"href":"https:\/\/www.europesays.com\/spain\/wp-json\/wp\/v2\/users\/2"}],"replies":[{"embeddable":true,"href":"https:\/\/www.europesays.com\/spain\/wp-json\/wp\/v2\/comments?post=77649"}],"version-history":[{"count":0,"href":"https:\/\/www.europesays.com\/spain\/wp-json\/wp\/v2\/posts\/77649\/revisions"}],"wp:featuredmedia":[{"embeddable":true,"href":"https:\/\/www.europesays.com\/spain\/wp-json\/wp\/v2\/media\/77650"}],"wp:attachment":[{"href":"https:\/\/www.europesays.com\/spain\/wp-json\/wp\/v2\/media?parent=77649"}],"wp:term":[{"taxonomy":"category","embeddable":true,"href":"https:\/\/www.europesays.com\/spain\/wp-json\/wp\/v2\/categories?post=77649"},{"taxonomy":"post_tag","embeddable":true,"href":"https:\/\/www.europesays.com\/spain\/wp-json\/wp\/v2\/tags?post=77649"}],"curies":[{"name":"wp","href":"https:\/\/api.w.org\/{rel}","templated":true}]}}