{"id":77973,"date":"2026-08-30T18:23:10","date_gmt":"2026-08-30T18:23:10","guid":{"rendered":"https:\/\/www.europesays.com\/spain\/77973\/"},"modified":"2026-08-30T18:23:10","modified_gmt":"2026-08-30T18:23:10","slug":"jose-mourinho-let-real-madrids-best-shine-against-malaga-but-not-yan-diomande","status":"publish","type":"post","link":"https:\/\/www.europesays.com\/spain\/77973\/","title":{"rendered":"Jose Mourinho Let Real Madrid\u2019s Best Shine Against Malaga\u2014But Not Yan Diomande"},"content":{"rendered":"<p id=\"inline-text-0\" class=\"mt-[18px] md:mt-0 mb-[18px] [&amp;_a]:text-primary my-f-1.5\" q:key=\"0\" q:id=\"9p\">Real Madrid\u2019s biggest names took center stage in the team\u2019s 4\u20130 victory over M\u00e1laga, but their record-breaking summer signing was largely left out of the party at the Bernab\u00e9u.<\/p>\n<p id=\"inline-text-1\" class=\"my-[18px] [&amp;_a]:text-primary my-f-1.5\" q:key=\"0\" q:id=\"9u\">The 15-time European champions came into the match off the back of two wins in two matches under the returning Jos\u00e9 Mourinho, and quickly got back to work on Sunday. Jude Bellingham opened the scoring in the 19th minute, finishing off another brilliant run forward with a clinical right-footed finish from a tight angle. <\/p>\n<p id=\"inline-text-2\" class=\"my-[18px] [&amp;_a]:text-primary my-f-1.5\" q:key=\"0\" q:id=\"9z\">The England international then forced an error from M\u00e1laga goalkeeper Alfonso Herrera, who was credited with an own goal just seven minutes later. Kylian Mbapp\u00e9 was next to get his name on the scoresheet, burying a sensational volley set up by Trent Alexander-Arnold at the half-hour mark. <\/p>\n<p id=\"inline-text-3\" class=\"my-[18px] [&amp;_a]:text-primary my-f-1.5\" q:key=\"0\" q:id=\"a4\">Not to be left out, Vin\u00edcius J\u00fanior assisted Arda G\u00fcler\u2019s 92nd minute goal to seal all three points for <a href=\"https:\/\/www.si.com\/soccer\/team\/real-madrid\" rel=\"nofollow noopener\" target=\"_blank\">Real Madrid<\/a>. It was a day of celebrations, but there was one major elephant in the Bernab\u00e9u. <\/p>\n<p>Bellingham Is Finally Free<img loading=\"lazy\" decoding=\"async\" src=\"https:\/\/www.europesays.com\/spain\/wp-content\/uploads\/2026\/08\/01m19nm9c25rpesnytj6.jpg\" alt=\"Jude Bellingham\" title=\"Jude Bellingham\" width=\"360\" height=\"240\" class=\"undefined w-full w-full blur-[5px]\" q:id=\"au\"\/><\/p>\n<p>Jude Bellingham has been in sensational form. | Thomas Coex\/AFP\/Getty Images<\/p>\n<p id=\"inline-text-8\" class=\"my-[18px] [&amp;_a]:text-primary my-f-1.5\" q:key=\"0\" q:id=\"b0\">Last season, Bellingham admitted he is sometimes a \u201cvictim\u201d of his own versatility. In his first three seasons at Real Madrid, the England international has operated as a false nine, a No. 10, a left midfielder, a central midfielder and even a quasi-fullback.<\/p>\n<p id=\"inline-text-9\" class=\"my-[18px] [&amp;_a]:text-primary my-f-1.5\" q:key=\"0\" q:id=\"b5\">Previous managers used Bellingham to fill gaps in an injury-desolated squad with little regard to how much better the team\u2014and the midfielder\u2014played in his natural No. 10 position. Mourinho, though, is not making the same mistakes as his predecessors. <\/p>\n<p id=\"inline-text-10\" class=\"my-[18px] [&amp;_a]:text-primary my-f-1.5\" q:key=\"0\" q:id=\"ba\">The Portuguese boss has given Bellingham full freedom up top, allowing the 23-year-old to roam wherever he needs to either create a goal or score one of his own. He is finally in the right positions to make dangerous runs forward and crash the box after two seasons of playing in a deeper role &#8230; and look at the production.<\/p>\n<p id=\"inline-text-11\" class=\"my-[18px] [&amp;_a]:text-primary my-f-1.5\" q:key=\"0\" q:id=\"bf\">Los Blancos have scored 10 goals this season and Bellingham has been involved in five of them. He got on the scoresheet against Espanyol, tallied two assists against Real Sociedad and scored on Sunday against M\u00e1laga. He also created the own goal that doubled Real Madrid\u2019s lead and hit the post in the second half. <\/p>\n<p id=\"inline-text-12\" class=\"my-[18px] [&amp;_a]:text-primary my-f-1.5\" q:key=\"0\" q:id=\"bk\">The last time Bellingham was given complete creative freedom, the Spanish giants won <a href=\"https:\/\/www.si.com\/soccer\/la-liga\" rel=\"nofollow noopener\" target=\"_blank\">La Liga<\/a>, the Champions League and the Spanish Super Cup. Mourinho seemingly took notes, and now his side is flying.<\/p>\n<p>Alexander-Arnold Leaves His Mark<img loading=\"lazy\" decoding=\"async\" src=\"https:\/\/www.europesays.com\/spain\/wp-content\/uploads\/2026\/08\/01m19q0dah8b7ja2na3b.jpg\" alt=\"Trent Alexander-Arnold\" title=\"Trent Alexander-Arnold\" width=\"360\" height=\"240\" class=\"undefined w-full w-full blur-[5px]\" q:id=\"c5\"\/><\/p>\n<p>Trent Alexander-Arnold made his first start of the season. | Denis Doyle\/Getty Images<\/p>\n<p id=\"inline-text-16\" class=\"my-[18px] [&amp;_a]:text-primary my-f-1.5\" q:key=\"0\" q:id=\"cb\">It\u2019s been a somewhat shocking start to the season for Alexander-Arnold. The England international was overlooked by Mourinho in the team\u2019s first two matches, playing second-fiddle to new signing Denzel Dumfries.   <\/p>\n<p id=\"inline-text-17\" class=\"my-[18px] [&amp;_a]:text-primary my-f-1.5\" q:key=\"0\" q:id=\"cg\">Last summer\u2019s blockbuster acquisition was finally fully fit, yet he logged just 10 minutes against Espanyol and didn\u2019t even make an appearance against Real Sociedad. Alexander-Arnold got the nod on Sunday, though, and quickly reminded Mourinho just who he is.<\/p>\n<p id=\"inline-text-18\" class=\"my-[18px] [&amp;_a]:text-primary my-f-1.5\" q:key=\"0\" q:id=\"cl\">The former Liverpool star showed off his attacking capabilities all game, carving down the right flank to deliver (mostly) accurate service into the box. It was a trademark cross to Mbapp\u00e9 that made it 3\u20130 Real Madrid, earning Alexander-Arnold his first assist of the season.  <\/p>\n<p id=\"inline-text-19\" class=\"my-[18px] [&amp;_a]:text-primary my-f-1.5\" q:key=\"0\" q:id=\"cq\">By the time the final whistle sounded, the 27-year-old had created three chances, just one less than Vin\u00edcius Jr\u2019s four, which led all players at the Bernab\u00e9u.  <\/p>\n<p id=\"inline-text-20\" class=\"my-[18px] [&amp;_a]:text-primary my-f-1.5\" q:key=\"0\" q:id=\"cv\">Perhaps even more impressive were his defensive contributions. Yes, M\u00e1laga were hardly a threatening opponent, but they had decent looks in transition that Alexander-Arnold took care of before his fellow defenders even had a chance to worry. At one point in the first half, he even ventured across the pitch to the left flank to stifle a counter attack, earning himself deafening applause from the Bernab\u00e9u crowd.  <\/p>\n<p id=\"inline-text-21\" class=\"my-[18px] [&amp;_a]:text-primary my-f-1.5\" q:key=\"0\" q:id=\"d0\">Alexander-Arnold\u2019s place in the team will be an interesting storyline as the season progresses, but having two stellar right-back options is a welcome problem for Real Madrid after two seasons of constant issues on the right flank.<\/p>\n<p>The Yan Diomande Question <img loading=\"lazy\" decoding=\"async\" src=\"https:\/\/www.europesays.com\/spain\/wp-content\/uploads\/2026\/08\/01m19ry1bazfpm34rwfk.jpg\" alt=\"Yan Diomande\" title=\"Yan Diomande\" width=\"360\" height=\"240\" class=\"undefined w-full w-full blur-[5px]\" q:id=\"dl\"\/><\/p>\n<p>Yan Diomande was only given 25 minutes on Sunday. | Alvaro Medranda\/Quality Sport Images\/Getty Images<\/p>\n<p id=\"inline-text-25\" class=\"my-[18px] [&amp;_a]:text-primary my-f-1.5\" q:key=\"0\" q:id=\"dr\">When Real Madrid <a href=\"https:\/\/www.si.com\/soccer\/real-madrid-rip-up-history-books-sign-yan-diomande\" rel=\"nofollow noopener\" target=\"_blank\">signed Yan Diomande<\/a> in a deal worth a record-breaking $161.6 million (\u20ac140 million), it seemed obvious that the teenager was going to become the new right winger. Yet he\u2019s started all three games on the bench, losing out to Arda G\u00fcler and Brahim D\u00edaz.  <\/p>\n<p id=\"inline-text-26\" class=\"my-[18px] [&amp;_a]:text-primary my-f-1.5\" q:key=\"0\" q:id=\"dw\">Not throwing such a young player into the fire away at Espanyol made plenty of sense, especially since Diomande only made one preseason appearance. He logged 26 minutes in Catalonia that night,  and was involved in the build-up of <a href=\"https:\/\/www.si.com\/soccer\/real-madrid-player-ratings-vs-espanyol-8-22-26\" rel=\"nofollow noopener\" target=\"_blank\">Los Blancos\u2019 last-gasp winner<\/a>. <\/p>\n<p id=\"inline-text-27\" class=\"my-[18px] [&amp;_a]:text-primary my-f-1.5\" q:key=\"0\" q:id=\"e1\">Fast forward four days later and Diomande only played six minutes in <a href=\"https:\/\/www.si.com\/soccer\/real-madrid-player-ratings-vs-real-sociedad-mbappe-reaches-epic-milestone-8-26-26\" rel=\"nofollow noopener\" target=\"_blank\">Real Madrid\u2019s rout over Real Sociedad<\/a>. Then, on an afternoon when Mourinho made five changes to his XI, the 19-year-old was still kept on the bench. <\/p>\n<p id=\"inline-text-28\" class=\"my-[18px] [&amp;_a]:text-primary my-f-1.5\" q:key=\"0\" q:id=\"e6\">A home game against the newly promoted M\u00e1laga presented the perfect opportunity for Mourinho to get a look at what an attack featuring Mbapp\u00e9, Vin\u00edcius Jr, Bellingham and Diomande looks like, while also allowing the winger to get acclimated with his new team in a low stakes match.<\/p>\n<p id=\"inline-text-29\" class=\"my-[18px] [&amp;_a]:text-primary my-f-1.5\" q:key=\"0\" q:id=\"eb\">Instead, Diomande was only given 25 minutes. In the limited cameo, the former RB Leipzig man misplaced just one pass and created one chance. The numbers do not leap off the page, but in typical Real Madrid fashion, the team overloaded the left flank in the closing stages, leaving Diomande without many chances to exert his influence. <\/p>\n<p id=\"inline-text-30\" class=\"my-[18px] [&amp;_a]:text-primary my-f-1.5\" q:key=\"0\" q:id=\"eg\">There\u2019s a growing impatience among fans to finally see the blockbuster signing given a proper chance, but Mourinho is clearly proceeding with caution when it comes to the youngster. <\/p>\n<p><img loading=\"lazy\" decoding=\"async\" width=\"22\" height=\"22\" alt=\"\" src=\"https:\/\/assets.minutemediacdn.com\/platform\/google_discover_icon.svg\" class=\"shrink-0\"\/>Add us as a preferred source on Google<a aria-label=\"Follow si.com on Google News\" href=\"https:\/\/www.google.com\/preferences\/source?q=si.com\" target=\"_blank\" rel=\"noopener noreferrer nofollow\" preventdefault:click=\"\" class=\"flex h-[30px] w-[30px] shrink-0 items-center justify-center rounded-full bg-primary font-group-large text-sm font-medium text-white transition-colors hover:bg-secondary focus:bg-secondary md:w-auto md:gap-2.5 md:px-4 md:py-[5px]\" on:pointerenter=\"q-BoGJWvpc.js#s_1NOcOpHWmT0\" on:touchstart=\"q-H9q8BpPo.js#s_R8AiGTDeM28\" on:focus=\"q-BYEsQQaF.js#s_gxiTM6qMMu8\" on:click=\"q-CNwNFlTm.js#s_lDqay9E5m5g[0]\" q:id=\"ev\">Follow<\/a><\/p>\n","protected":false},"excerpt":{"rendered":"Real Madrid\u2019s biggest names took center stage in the team\u2019s 4\u20130 victory over M\u00e1laga, but their record-breaking summer&hellip;\n","protected":false},"author":2,"featured_media":77974,"comment_status":"","ping_status":"","sticky":false,"template":"","format":"standard","meta":{"footnotes":""},"categories":[4],"tags":[82],"class_list":["post-77973","post","type-post","status-publish","format-standard","has-post-thumbnail","category-madrid","tag-madrid"],"_links":{"self":[{"href":"https:\/\/www.europesays.com\/spain\/wp-json\/wp\/v2\/posts\/77973","targetHints":{"allow":["GET"]}}],"collection":[{"href":"https:\/\/www.europesays.com\/spain\/wp-json\/wp\/v2\/posts"}],"about":[{"href":"https:\/\/www.europesays.com\/spain\/wp-json\/wp\/v2\/types\/post"}],"author":[{"embeddable":true,"href":"https:\/\/www.europesays.com\/spain\/wp-json\/wp\/v2\/users\/2"}],"replies":[{"embeddable":true,"href":"https:\/\/www.europesays.com\/spain\/wp-json\/wp\/v2\/comments?post=77973"}],"version-history":[{"count":0,"href":"https:\/\/www.europesays.com\/spain\/wp-json\/wp\/v2\/posts\/77973\/revisions"}],"wp:featuredmedia":[{"embeddable":true,"href":"https:\/\/www.europesays.com\/spain\/wp-json\/wp\/v2\/media\/77974"}],"wp:attachment":[{"href":"https:\/\/www.europesays.com\/spain\/wp-json\/wp\/v2\/media?parent=77973"}],"wp:term":[{"taxonomy":"category","embeddable":true,"href":"https:\/\/www.europesays.com\/spain\/wp-json\/wp\/v2\/categories?post=77973"},{"taxonomy":"post_tag","embeddable":true,"href":"https:\/\/www.europesays.com\/spain\/wp-json\/wp\/v2\/tags?post=77973"}],"curies":[{"name":"wp","href":"https:\/\/api.w.org\/{rel}","templated":true}]}}