{"id":77975,"date":"2026-08-30T18:37:40","date_gmt":"2026-08-30T18:37:40","guid":{"rendered":"https:\/\/www.europesays.com\/spain\/77975\/"},"modified":"2026-08-30T18:37:40","modified_gmt":"2026-08-30T18:37:40","slug":"barcelona-in-advanced-talks-with-arsenal-for-gabriel-jesus-source","status":"publish","type":"post","link":"https:\/\/www.europesays.com\/spain\/77975\/","title":{"rendered":"Barcelona in advanced talks with Arsenal for Gabriel Jesus &#8211; source"},"content":{"rendered":"<p>Aug 30, 2026, 09:04 AM ET<\/p>\n<p><a data-clubhouse-guid=\"58f7c4a9-c991-4ed4-fe5c-1f833cba75b8\" href=\"https:\/\/www.espn.com\/soccer\/team?id=83\" rel=\"nofollow noopener\" target=\"_blank\">Barcelona<\/a> are in &#8220;very advanced&#8221; negotiations with <a data-clubhouse-guid=\"feb44e87-58fa-9597-2691-b3c32768ebe4\" href=\"https:\/\/www.espn.com\/soccer\/team?id=359\" rel=\"nofollow noopener\" target=\"_blank\">Arsenal<\/a> over a deal to sign Brazilian striker <a data-player-guid=\"148fea58-373d-2185-8962-b431f7bf7dbc\" href=\"http:\/\/espn.com\/soccer\/player\/_\/id\/217289\/gabriel-jesus\" rel=\"nofollow noopener\" target=\"_blank\">Gabriel Jesus<\/a>, a source has confirmed to ESPN.<\/p>\n<p>Jesus, 29, has just one year to run on his contract with the English champions and has emerged as an option for Bar\u00e7a following their failure to land <a data-player-guid=\"0d838476-2120-cb34-db2f-a09e1c213769\" href=\"http:\/\/espn.com\/soccer\/player\/_\/id\/277206\/julian-alvarez\" rel=\"nofollow noopener\" target=\"_blank\">Juli\u00e1n \u00c1lvarez<\/a>.<\/p>\n<p>Bar\u00e7a are hopeful of finalising a deal worth in the region of \u20ac10 million ($11.5m \/ \u00a38m) for Jesus before the transfer window closes on Tuesday, with the source adding the player could even arrive in Spain to finalise the deal as soon as Monday.<\/p>\n<p>The source adds the potential signing of Jesus will not necessarily end the Spanish champions&#8217; long-term pursuit of <a data-clubhouse-guid=\"892f805f-fef9-c22d-8f87-ba08b1b4d256\" href=\"https:\/\/www.espn.com\/soccer\/team?id=202\" rel=\"nofollow noopener\" target=\"_blank\">Argentina<\/a> international \u00c1lvarez.<\/p>\n<p><img class=\" lazyload lazyload\" data-image-container=\".inline-photo\" height=\"320\" width=\"570\"\/>Gabriel Jesus is behind Kai Havertz and Viktor Gyokeres in the pecking order at Arsenal.\u00a0Alex Pantling\/Getty Images<\/p>\n<p>Bar\u00e7a made \u00c1lvarez their top target this summer following the departures of <a data-player-guid=\"df6ff39c-5f60-ac23-937e-c293506e78bf\" href=\"http:\/\/espn.com\/soccer\/player\/_\/id\/125824\/robert-lewandowski\" rel=\"nofollow noopener\" target=\"_blank\">Robert Lewandowski<\/a> and <a data-player-guid=\"84dc37ee-3f62-aca9-7302-fd812273bfdc\" href=\"http:\/\/espn.com\/soccer\/player\/_\/id\/265869\/ferran-torres\" rel=\"nofollow noopener\" target=\"_blank\">Ferran Torres<\/a>.<\/p>\n<p>However, Atl\u00e9tico have refused to negotiate a deal with Bar\u00e7a, accusing them of tapping up \u00c1lvarez, which has forced the club to explore other options to fill the No.9 role.<\/p>\n<p><a data-player-guid=\"3ab5000b-e423-c068-dd0a-a563ca5ddf90\" href=\"http:\/\/espn.com\/soccer\/player\/_\/id\/231050\/raphinha\" rel=\"nofollow noopener\" target=\"_blank\">Raphinha<\/a> has played as the central striker in Bar\u00e7a&#8217;s first two games of the season, scoring three goals, but coach Hansi Flick would like to have the option of an actual No.9 in the squad as well.<\/p>\n<p>&#8211; <a href=\"https:\/\/www.espn.com\/football\/story?_slug_=rodri-barcelona-debut-hansi-flick-athletic-club-anthony-gordon&amp;id=49746982\" target=\"_blank\" rel=\"nofollow noopener\">&#8216;Perfect&#8217; signing Rodri makes Barcelona debut as newcomers shine<\/a><br \/>&#8211; <a href=\"https:\/\/www.espn.com\/football\/story\/_\/id\/49770739\/every-lionel-messi-scored-4-goals-more-barcelona-inter-miami-argentina\" target=\"_blank\" rel=\"nofollow noopener\">Every time Messi scored 4 goals for Barcelona, Inter Miami, Argentina<\/a><\/p>\n<p>Jesus has fallen out of favour at Arsenal, with <a data-player-guid=\"d0c27eed-c6bd-932e-b348-d8c2e3449d5f\" href=\"http:\/\/espn.com\/soccer\/player\/_\/id\/231182\/kai-havertz\" rel=\"nofollow noopener\" target=\"_blank\">Kai Havertz<\/a> and <a data-player-guid=\"ccc49e36-95e1-7186-22da-1b53b2a35bb5\" href=\"http:\/\/espn.com\/soccer\/player\/_\/id\/258906\/viktor-gyokeres\" rel=\"nofollow noopener\" target=\"_blank\">Viktor Gy\u00f6keres<\/a> both preferred ahead of him as the team&#8217;s striker.<\/p>\n<p>He was left out of the squad for the Community Shield victory over <a data-clubhouse-guid=\"94fd5d7e-35b1-9d52-c9f2-4a37259bea36\" href=\"https:\/\/www.espn.com\/soccer\/team?id=382\" rel=\"nofollow noopener\" target=\"_blank\">Manchester City<\/a> and their <a data-league-guid=\"6949f3af-300c-35f1-beab-b95669eedd38\" href=\"https:\/\/www.espn.com\/soccer\/league\/_\/name\/ENG.1\" rel=\"nofollow noopener\" target=\"_blank\">Premier League<\/a> opening day win against <a data-clubhouse-guid=\"05650a8f-d953-4acc-dd85-260d59aa4c8f\" href=\"https:\/\/www.espn.com\/soccer\/team?id=388\" rel=\"nofollow noopener\" target=\"_blank\">Coventry City<\/a>.<\/p>\n","protected":false},"excerpt":{"rendered":"Aug 30, 2026, 09:04 AM ET Barcelona are in &#8220;very advanced&#8221; negotiations with Arsenal over a deal to&hellip;\n","protected":false},"author":2,"featured_media":77976,"comment_status":"","ping_status":"","sticky":false,"template":"","format":"standard","meta":{"footnotes":""},"categories":[5],"tags":[92],"class_list":["post-77975","post","type-post","status-publish","format-standard","has-post-thumbnail","category-barcelona","tag-barcelona"],"_links":{"self":[{"href":"https:\/\/www.europesays.com\/spain\/wp-json\/wp\/v2\/posts\/77975","targetHints":{"allow":["GET"]}}],"collection":[{"href":"https:\/\/www.europesays.com\/spain\/wp-json\/wp\/v2\/posts"}],"about":[{"href":"https:\/\/www.europesays.com\/spain\/wp-json\/wp\/v2\/types\/post"}],"author":[{"embeddable":true,"href":"https:\/\/www.europesays.com\/spain\/wp-json\/wp\/v2\/users\/2"}],"replies":[{"embeddable":true,"href":"https:\/\/www.europesays.com\/spain\/wp-json\/wp\/v2\/comments?post=77975"}],"version-history":[{"count":0,"href":"https:\/\/www.europesays.com\/spain\/wp-json\/wp\/v2\/posts\/77975\/revisions"}],"wp:featuredmedia":[{"embeddable":true,"href":"https:\/\/www.europesays.com\/spain\/wp-json\/wp\/v2\/media\/77976"}],"wp:attachment":[{"href":"https:\/\/www.europesays.com\/spain\/wp-json\/wp\/v2\/media?parent=77975"}],"wp:term":[{"taxonomy":"category","embeddable":true,"href":"https:\/\/www.europesays.com\/spain\/wp-json\/wp\/v2\/categories?post=77975"},{"taxonomy":"post_tag","embeddable":true,"href":"https:\/\/www.europesays.com\/spain\/wp-json\/wp\/v2\/tags?post=77975"}],"curies":[{"name":"wp","href":"https:\/\/api.w.org\/{rel}","templated":true}]}}