{"id":78051,"date":"2026-08-30T21:48:12","date_gmt":"2026-08-30T21:48:12","guid":{"rendered":"https:\/\/www.europesays.com\/spain\/78051\/"},"modified":"2026-08-30T21:48:12","modified_gmt":"2026-08-30T21:48:12","slug":"academy-round-up-sao-paulo-b-win-at-u17-seniors-to-spain-for-cwc","status":"publish","type":"post","link":"https:\/\/www.europesays.com\/spain\/78051\/","title":{"rendered":"Academy round-up: S\u00e3o Paulo B win at U17, seniors to Spain for CWC"},"content":{"rendered":"<p>S\u00e3o Paulo took the field this Saturday (29) with two youth teams. The U-15 and U-17 sides returned to play at CFA Laudo Natel, in Cotia, and both won in the <a href=\"https:\/\/onefootball.com\/en\/competition\/paulista-161\/fixtures\" rel=\"nofollow noopener\" target=\"_blank\">Paulista<\/a> Championship.<\/p>\n<p>The <a href=\"https:\/\/onefootball.com\/en\/team\/sao-paulo-1677\" rel=\"nofollow noopener\" target=\"_blank\">Tricolor<\/a> U-15 team beat Inter de Limeira 3-1 with goals from Luisinho, Yahgo, and Lucas Jorge. Right after that, the U-17 team won by the same scoreline, this time against Paulinense, with goals from Pedro Ruan, <a href=\"https:\/\/onefootball.com\/en\/player\/joao-arthur-589055\" rel=\"nofollow noopener\" target=\"_blank\">Jo\u00e3o Arthur<\/a>, and an own goal.<\/p>\n<p>U-15 win comfortably<\/p>\n<p>S\u00e3o Paulo started the match at full throttle and opened the scoring in the very first minute, after Luisinho converted a penalty. In the 18th minute, after a well-worked move, Lucas Jorge found Yahgo, who scored Tricolor\u2019s second. In the 28th minute, Ruann scored an own goal and cut S\u00e3o Paulo\u2019s lead. After the break, in the seventh minute, Lucas Jorge took advantage of a rebound from the defense and scored the third, sealing a 3-1 win for <a href=\"https:\/\/onefootball.com\/en\/team\/sao-paulo-1677\" rel=\"nofollow noopener\" target=\"_blank\">Tricolor<\/a>.<\/p>\n<p>Rotated U-17 side<\/p>\n<p>The U-17 team applied pressure from the start and created good chances, but only opened the scoring in the 24th minute, when J\u00falio found Pedro Ruan, who fired a superb shot into the top corner. In the 28th minute, Hiago made a fine individual play, got past several defenders, and pulled it back. The opposing center-back deflected it into his own net, extending Tricolor\u2019s lead. In the 32nd minute, the opponent pulled one back.<\/p>\n<p>In the second half, the <a href=\"https:\/\/onefootball.com\/en\/team\/sao-paulo-1677\" rel=\"nofollow noopener\" target=\"_blank\">S\u00e3o Paulo<\/a> side kept dominating and creating good chances. In the 24th minute, they were finally rewarded when Mendes set up <a href=\"https:\/\/onefootball.com\/en\/player\/joao-arthur-589055\" rel=\"nofollow noopener\" target=\"_blank\">Jo\u00e3o Arthur<\/a> to score his first goal of the season.<\/p>\n<p>Tricolor fielded a B team, as the starters traveled that same day to C\u00f3rdoba, Spain, where they will compete in the FIFA Youth Club World Cup. <a href=\"https:\/\/onefootball.com\/en\/team\/sao-paulo-1677\" rel=\"nofollow noopener\" target=\"_blank\">Tricolor<\/a> will be chasing a third title, having won the 2007 and 2008 editions.<\/p>\n<p>The competition will be held from August 31 to September 9 and will bring together traditional European and South American clubs. Among the participants are Real Madrid, Real Sociedad, Betis, M\u00e1laga, and C\u00f3rdoba from Spain; Bayer Leverkusen from Germany; Wolverhampton from England; Dinamo Zagreb from Croatia; and Sporting from Portugal. Alongside <a href=\"https:\/\/onefootball.com\/en\/team\/sao-paulo-1677\" rel=\"nofollow noopener\" target=\"_blank\">S\u00e3o Paulo<\/a>, South American football will also be represented by Racing of Argentina and Athletico-PR.<\/p>\n<p>The Made in Cotia side is in Group 3 alongside Dinamo Zagreb, Sporting, and M\u00e1laga. Their opener will be this Monday (31) against the Croatian side at 2 p.m. (Bras\u00edlia time), in Villanueva de C\u00f3rdoba. On Wednesday, September 2, <a href=\"https:\/\/onefootball.com\/en\/team\/sao-paulo-1677\" rel=\"nofollow noopener\" target=\"_blank\">Tricolor<\/a> will face Sporting at 3 p.m. in Palma del R\u00edo. The group stage will wrap up on the 3rd against M\u00e1laga, at 3 p.m., in Cabra.<\/p>\n<p>After the group stage, the competition will feature the quarterfinals and semifinals before the grand final, scheduled for September 9, when <a href=\"https:\/\/onefootball.com\/en\/team\/sao-paulo-1677\" rel=\"nofollow noopener\" target=\"_blank\">Tricolor<\/a> hopes to secure a place and chase a third title.<\/p>\n<p>This article was translated into English by Artificial Intelligence. <a href=\"https:\/\/onefootball.com\/br\/noticias\/giro-pela-base-sao-paulo-vence-com-time-b-no-sub-17-enquanto-titulares-viajam-a-espanha-para-o-mundial-de-clubes-43371318\" rel=\"nofollow noopener\" target=\"_blank\">You can read the original version in \ud83c\udde7\ud83c\uddf7 here.<\/a><\/p>\n<p><a class=\"PublisherImprintLink_container__v8kTD title-7-medium\" href=\"https:\/\/avantemeutricolor.com.br\/expediente\/\" rel=\"noreferrer nofollow noopener\" target=\"_blank\"><img alt=\"\" loading=\"lazy\" width=\"24\" height=\"24\" decoding=\"async\" data-nimg=\"1\" style=\"color:transparent\"  src=\"https:\/\/image-service.onefootball.com\/transform?w=48&amp;dpr=2&amp;image=https:\/\/images.onefootball.com\/cw\/icons\/info-light.svg\"\/>View publisher imprint<\/a>Share this article<\/p>\n","protected":false},"excerpt":{"rendered":"S\u00e3o Paulo took the field this Saturday (29) with two youth teams. The U-15 and U-17 sides returned&hellip;\n","protected":false},"author":2,"featured_media":78052,"comment_status":"","ping_status":"","sticky":false,"template":"","format":"standard","meta":{"footnotes":""},"categories":[2],"tags":[17],"class_list":["post-78051","post","type-post","status-publish","format-standard","has-post-thumbnail","category-spain","tag-spain"],"_links":{"self":[{"href":"https:\/\/www.europesays.com\/spain\/wp-json\/wp\/v2\/posts\/78051","targetHints":{"allow":["GET"]}}],"collection":[{"href":"https:\/\/www.europesays.com\/spain\/wp-json\/wp\/v2\/posts"}],"about":[{"href":"https:\/\/www.europesays.com\/spain\/wp-json\/wp\/v2\/types\/post"}],"author":[{"embeddable":true,"href":"https:\/\/www.europesays.com\/spain\/wp-json\/wp\/v2\/users\/2"}],"replies":[{"embeddable":true,"href":"https:\/\/www.europesays.com\/spain\/wp-json\/wp\/v2\/comments?post=78051"}],"version-history":[{"count":0,"href":"https:\/\/www.europesays.com\/spain\/wp-json\/wp\/v2\/posts\/78051\/revisions"}],"wp:featuredmedia":[{"embeddable":true,"href":"https:\/\/www.europesays.com\/spain\/wp-json\/wp\/v2\/media\/78052"}],"wp:attachment":[{"href":"https:\/\/www.europesays.com\/spain\/wp-json\/wp\/v2\/media?parent=78051"}],"wp:term":[{"taxonomy":"category","embeddable":true,"href":"https:\/\/www.europesays.com\/spain\/wp-json\/wp\/v2\/categories?post=78051"},{"taxonomy":"post_tag","embeddable":true,"href":"https:\/\/www.europesays.com\/spain\/wp-json\/wp\/v2\/tags?post=78051"}],"curies":[{"name":"wp","href":"https:\/\/api.w.org\/{rel}","templated":true}]}}