{"id":78770,"date":"2026-09-01T07:02:25","date_gmt":"2026-09-01T07:02:25","guid":{"rendered":"https:\/\/www.europesays.com\/spain\/78770\/"},"modified":"2026-09-01T07:02:25","modified_gmt":"2026-09-01T07:02:25","slug":"fc-barcelona-vs-rayo-vallecano-player-ratings-yamal-raphinha-braces-lead-barca-to-victory","status":"publish","type":"post","link":"https:\/\/www.europesays.com\/spain\/78770\/","title":{"rendered":"FC Barcelona vs Rayo Vallecano Player Ratings: Yamal, Raphinha braces lead Barca to victory"},"content":{"rendered":"<p>Raphinha and Lamine Yamal both scored twice to help Barcelona beat Rayo Vallecano 5-2 at the Camp Nou on Monday and continue its perfect start to the La Liga campaign.<\/p>\n<p>Vallecano went ahead in the 12th minute through Sergio Camello before \u200cRaphinha equalised in the 19th \u200cfor \u2060the defending champion. Two minutes \u2060later, Lamine curled a left-footed effort into the top corner of the net to \u200bgive the \u200chost the lead.<\/p>\n<p>It was more bad news for Vallecano after the break as defender Florian Lejeune scored \u200can own goal off a \u200bcross from Anthony Gordon in the 51st minute, yet the \u2060visitors managed to pull one back when Camello headed home a corner \u200ceight minutes later.<\/p>\n<p>But Barcelona did not let up as Raphinha scored his fifth goal of the season in the 71st minute, with Gordon providing a back-heeled assist, \u200cbefore Lamine sealed the win with a \u200blow strike in the 90th minute.<\/p>\n<p>Barcelona moved to the top of the \u2060table with nine points, sitting ahead of \u2060Real Madrid, which also has nine, on goal \u200cdifference. Vallecano is 18th with no wins and one point after \u200bthree matches.<\/p>\n<p>&#8211; Inputs from Reuters<\/p>\n<p>FC Barcelona vs Rayo Vallecano Player Ratings:<\/p>\n<p>Barcelona: Garc\u00eda (6.5), Kound\u00e9 (7.1), Cubars\u00ed (7.7), Christensen (7.0), Espart (8.0), Bernal (8.6), Pedri (7.2), Lamine Yamal (9.3), Olmo (7.1), Gordon (7.7), Raphinha (9.1)<\/p>\n<p>Substitutes: L\u00f3pez (6.2), Rodri (6.6), Cancelo (6.0), Adeyemi (6.7), Abdelkarim (N\/A)<\/p>\n<p>Rayo Vallecano: C\u00e1rdenas (5.4), Balliu (4.5), Lejeune (4.4), Ciss (5.2), Vertrouwd (5.5), Valent\u00edn (6.4), Bouare (6.0), de Frutos (6.2), L\u00f3pez (7.4), Garcia (7.3), Camello (7.9)<\/p>\n<p>Substitutes: Pedrosa (6.6), D\u00edaz (6.5), P\u00e9rez (6.4), Alem\u00e3o (6.0), Nteka (6.0)<\/p>\n<p class=\"publish-time\" id=\"end-of-article\">Published on Sep 01, 2026<\/p>\n","protected":false},"excerpt":{"rendered":"Raphinha and Lamine Yamal both scored twice to help Barcelona beat Rayo Vallecano 5-2 at the Camp Nou&hellip;\n","protected":false},"author":2,"featured_media":78771,"comment_status":"","ping_status":"","sticky":false,"template":"","format":"standard","meta":{"footnotes":""},"categories":[5],"tags":[29671,29667,92,29668,330,223,29665,930,29669,29670,938,29666,94,13198,875],"class_list":["post-78770","post","type-post","status-publish","format-standard","has-post-thumbnail","category-barcelona","tag-barca-player-ratings","tag-barca-vs-rayo","tag-barcelona","tag-barcelona-5-2-rayo-vallecano","tag-camp-nou","tag-fc-barcelona","tag-fc-barcelona-vs-rayo-vallecano","tag-hansi-flick","tag-la-liga-2026","tag-la-liga-results","tag-lamine-yamal","tag-lamine-yamal-brace","tag-raphinha","tag-raphinha-brace","tag-rayo-vallecano"],"_links":{"self":[{"href":"https:\/\/www.europesays.com\/spain\/wp-json\/wp\/v2\/posts\/78770","targetHints":{"allow":["GET"]}}],"collection":[{"href":"https:\/\/www.europesays.com\/spain\/wp-json\/wp\/v2\/posts"}],"about":[{"href":"https:\/\/www.europesays.com\/spain\/wp-json\/wp\/v2\/types\/post"}],"author":[{"embeddable":true,"href":"https:\/\/www.europesays.com\/spain\/wp-json\/wp\/v2\/users\/2"}],"replies":[{"embeddable":true,"href":"https:\/\/www.europesays.com\/spain\/wp-json\/wp\/v2\/comments?post=78770"}],"version-history":[{"count":0,"href":"https:\/\/www.europesays.com\/spain\/wp-json\/wp\/v2\/posts\/78770\/revisions"}],"wp:featuredmedia":[{"embeddable":true,"href":"https:\/\/www.europesays.com\/spain\/wp-json\/wp\/v2\/media\/78771"}],"wp:attachment":[{"href":"https:\/\/www.europesays.com\/spain\/wp-json\/wp\/v2\/media?parent=78770"}],"wp:term":[{"taxonomy":"category","embeddable":true,"href":"https:\/\/www.europesays.com\/spain\/wp-json\/wp\/v2\/categories?post=78770"},{"taxonomy":"post_tag","embeddable":true,"href":"https:\/\/www.europesays.com\/spain\/wp-json\/wp\/v2\/tags?post=78770"}],"curies":[{"name":"wp","href":"https:\/\/api.w.org\/{rel}","templated":true}]}}