{"id":78979,"date":"2026-09-01T13:45:11","date_gmt":"2026-09-01T13:45:11","guid":{"rendered":"https:\/\/www.europesays.com\/spain\/78979\/"},"modified":"2026-09-01T13:45:11","modified_gmt":"2026-09-01T13:45:11","slug":"after-accepting-the-terms-a-third-real-madrid-player-on-the-verge-of-fulham","status":"publish","type":"post","link":"https:\/\/www.europesays.com\/spain\/78979\/","title":{"rendered":"After accepting the terms: a third Real Madrid player on the verge of Fulham"},"content":{"rendered":"<p>Fulham are closing in on their third signing from Real Madrid this summer. The London club have struck an agreement with the Spanish giants for young midfielder Manuel \u00c1ngel, brought in at the request of coach \u00c1lvaro Arbeloa, who keeps raiding his old &#8220;La F\u00e1brica&#8221; academy for familiar faces.<\/p>\n<p>Italian journalist Fabrizio Romano revealed that Fulham have reached a full agreement with Real Madrid to sign the 22-year-old midfielder.<\/p>\n<p>Writing on X, Romano added that Real Madrid have approved the transfer while keeping a percentage of any future sale, along with a matching right should they want to bring him back. Those were the conditions the club set before waving him off.<\/p>\n<p>According to <a href=\"https:\/\/www.marca.com\/futbol\/real-madrid\/2026\/09\/01\/arbeloa-cierra-triplete-madridista-manuel-angel-londres-firmar-fulham.html?fbclid=IwY2xjawUDmJlwZG9mBWV4dG4DYWVtAjEwAGJyaWQRMXluSVNJNVNMYWRIVms0bFVzcnRjBmFwcF9pZBAyMjIwMzkxNzg4MjAwODkyAAEejWl50Ff4dzswjD4Ll2HYByp-8Qmy-eyPnkP27loCNlhDasVhZ26gSxlO8ro_aem_O0oHN526xqHCLDGJpQksJA\" target=\"_blank\" rel=\"nofollow noopener\">Marca newspaper<\/a>, Manuel \u00c1ngel has already landed in London to sign his Fulham contract. He becomes the third player to swap Real Madrid for the English club this summer after Gonzalo Garc\u00eda and C\u00e9sar Palacios, all part of the new project Arbeloa is building.<\/p>\n<p>The newspaper noted that Arbeloa had first eyed Thiago Pitarch to reinforce his midfield. Jos\u00e9 Mourinho and Real Madrid stood firm, refusing to let Pitarch go, and that pushed the Spanish coach towards Manuel \u00c1ngel, his former captain in the youth ranks.<\/p>\n<p>It has been a bruising summer for the player. Left out of the first team&#8217;s plans in pre-season and frozen out of the Castilla side, he now gets a fresh start in England under a coach who knows exactly what he can do.<\/p>\n<p>Read also:<br \/>&#8220;The blood is ours and the glory is theirs&#8221;: M\u00e1laga coach erupts after the Real Madrid match<\/p>\n","protected":false},"excerpt":{"rendered":"Fulham are closing in on their third signing from Real Madrid this summer. The London club have struck&hellip;\n","protected":false},"author":2,"featured_media":78980,"comment_status":"","ping_status":"","sticky":false,"template":"","format":"standard","meta":{"footnotes":""},"categories":[4],"tags":[701,16195,7236,24149,85,82,27648,100,1139,1487,83],"class_list":["post-78979","post","type-post","status-publish","format-standard","has-post-thumbnail","category-madrid","tag-a-arbeloa","tag-crystal-palace","tag-fulham","tag-g-garcia","tag-laliga","tag-madrid","tag-manuel-angel","tag-premier-league","tag-real-betis","tag-real-betis-vs-real-madrid","tag-real-madrid"],"_links":{"self":[{"href":"https:\/\/www.europesays.com\/spain\/wp-json\/wp\/v2\/posts\/78979","targetHints":{"allow":["GET"]}}],"collection":[{"href":"https:\/\/www.europesays.com\/spain\/wp-json\/wp\/v2\/posts"}],"about":[{"href":"https:\/\/www.europesays.com\/spain\/wp-json\/wp\/v2\/types\/post"}],"author":[{"embeddable":true,"href":"https:\/\/www.europesays.com\/spain\/wp-json\/wp\/v2\/users\/2"}],"replies":[{"embeddable":true,"href":"https:\/\/www.europesays.com\/spain\/wp-json\/wp\/v2\/comments?post=78979"}],"version-history":[{"count":0,"href":"https:\/\/www.europesays.com\/spain\/wp-json\/wp\/v2\/posts\/78979\/revisions"}],"wp:featuredmedia":[{"embeddable":true,"href":"https:\/\/www.europesays.com\/spain\/wp-json\/wp\/v2\/media\/78980"}],"wp:attachment":[{"href":"https:\/\/www.europesays.com\/spain\/wp-json\/wp\/v2\/media?parent=78979"}],"wp:term":[{"taxonomy":"category","embeddable":true,"href":"https:\/\/www.europesays.com\/spain\/wp-json\/wp\/v2\/categories?post=78979"},{"taxonomy":"post_tag","embeddable":true,"href":"https:\/\/www.europesays.com\/spain\/wp-json\/wp\/v2\/tags?post=78979"}],"curies":[{"name":"wp","href":"https:\/\/api.w.org\/{rel}","templated":true}]}}