{"id":79711,"date":"2026-09-02T22:43:31","date_gmt":"2026-09-02T22:43:31","guid":{"rendered":"https:\/\/www.europesays.com\/spain\/79711\/"},"modified":"2026-09-02T22:43:31","modified_gmt":"2026-09-02T22:43:31","slug":"2026-27-first-team-jersey-numbers-confirmed","status":"publish","type":"post","link":"https:\/\/www.europesays.com\/spain\/79711\/","title":{"rendered":"2026\/27 first team jersey numbers confirmed"},"content":{"rendered":"<p>The transfer window has closed, the FC Barcelona squad is decided, and accordingly, the first team jersey numbers for Hansi Flick&#8217;s side for the 2026\/27 season have now been confirmed.<\/p>\n<p>Compared to last season, the blaugrana first team contains some notable changes this time around. In goal, Joan Garcia takes over the number 1, while Szczesny takes number 13 and Livakovic has number 25.<\/p>\n<p>In defence, Joao Cancelo will wear the number 2, while new arrivals to the first team squad Brian Fari\u00f1as and Xavi Espart, take number 4 and number 12 respectively. The other jersey numbers remain the same: Balde (3), Christensen (15), Gerard Mart\u00edn (18), Kounde (23) and Eric (24).<\/p>\n<p>There have been some significant changes in the midfield too. Ferm\u00edn takes the number 7, Rodrigo the number 16, and the others are unchanged from last season: Gavi (6), Pedri (8), Olmo (20), Frenkie de Jong (21) and Bernal (22).<\/p>\n<p>In attack, Gabriel Jesus has the coveted number 9, Adeyemi will wear the number 14 and Anthony Gordon will wear the number 17. Lamine Yamal, Raphinha and Roony keep their respective numbers of 10, 11 and 19.<\/p>\n<p>When it comes to the development players who are in and around the first team, Bisiwu will wear the number 27 and Hamza Abdelkarim the number 29.<\/p>\n<p>                <img decoding=\"async\" src=\"https:\/\/www.europesays.com\/spain\/wp-content\/uploads\/2026\/09\/WhatsApp-Image-2026-09-02-at-18.55.08.jpeg\" alt=\"WhatsApp Image 2026-09-02 at 18.55.08\" class=\"embeddable-photo__image\"\/><\/p>\n<p>The full squad by jersey numbers<\/p>\n<p>Here is the full list of squad numbers for the 2026\/27 season: Joan Garcia (1), Jo\u00e3o Cancelo (2), Alejandro Balde (3), Brian Fari\u00f1as (4), Pau Cubars\u00ed (5), Gavi (6), Ferm\u00edn L\u00f3pez (7), Pedri (8), Gabriel Jesus (9), Lamine Yamal (10), Raphinha (11), Xavi Espart (12), Szcz\u0119sny (13), Adeyemi (14), Christensen (15), Rodrigo (16), Anthony Gordon (17), Gerard Mart\u00edn (18), Roony Bardghji (19), Dani Olmo (20), Frenkie de Jong (21), Marc Bernal (22), Jules Kounde (23), Eric Garcia (24), Dominik Livakovi\u0107 (25), Jesse Bisiwu (27) and Hamza Abdelkarim (29).<\/p>\n","protected":false},"excerpt":{"rendered":"The transfer window has closed, the FC Barcelona squad is decided, and accordingly, the first team jersey numbers&hellip;\n","protected":false},"author":2,"featured_media":79712,"comment_status":"","ping_status":"","sticky":false,"template":"","format":"standard","meta":{"footnotes":""},"categories":[5],"tags":[92,483],"class_list":["post-79711","post","type-post","status-publish","format-standard","has-post-thumbnail","category-barcelona","tag-barcelona","tag-text"],"_links":{"self":[{"href":"https:\/\/www.europesays.com\/spain\/wp-json\/wp\/v2\/posts\/79711","targetHints":{"allow":["GET"]}}],"collection":[{"href":"https:\/\/www.europesays.com\/spain\/wp-json\/wp\/v2\/posts"}],"about":[{"href":"https:\/\/www.europesays.com\/spain\/wp-json\/wp\/v2\/types\/post"}],"author":[{"embeddable":true,"href":"https:\/\/www.europesays.com\/spain\/wp-json\/wp\/v2\/users\/2"}],"replies":[{"embeddable":true,"href":"https:\/\/www.europesays.com\/spain\/wp-json\/wp\/v2\/comments?post=79711"}],"version-history":[{"count":0,"href":"https:\/\/www.europesays.com\/spain\/wp-json\/wp\/v2\/posts\/79711\/revisions"}],"wp:featuredmedia":[{"embeddable":true,"href":"https:\/\/www.europesays.com\/spain\/wp-json\/wp\/v2\/media\/79712"}],"wp:attachment":[{"href":"https:\/\/www.europesays.com\/spain\/wp-json\/wp\/v2\/media?parent=79711"}],"wp:term":[{"taxonomy":"category","embeddable":true,"href":"https:\/\/www.europesays.com\/spain\/wp-json\/wp\/v2\/categories?post=79711"},{"taxonomy":"post_tag","embeddable":true,"href":"https:\/\/www.europesays.com\/spain\/wp-json\/wp\/v2\/tags?post=79711"}],"curies":[{"name":"wp","href":"https:\/\/api.w.org\/{rel}","templated":true}]}}