{"id":79811,"date":"2026-09-03T02:47:22","date_gmt":"2026-09-03T02:47:22","guid":{"rendered":"https:\/\/www.europesays.com\/spain\/79811\/"},"modified":"2026-09-03T02:47:22","modified_gmt":"2026-09-03T02:47:22","slug":"tens-of-thousands-protest-in-spain-over-ceuta-border-crisis-and-pedro-sanchezs-handling-16-outlets-compared","status":"publish","type":"post","link":"https:\/\/www.europesays.com\/spain\/79811\/","title":{"rendered":"Tens of Thousands Protest in Spain Over Ceuta Border Crisis and Pedro Sanchez\u2019s Handling: 16 outlets compared"},"content":{"rendered":"<p>Ceuta Day protests spread<\/p>\n<p class=\"font-sans text-[16px] tracking-[-0.1px] leading-[28px] text-nc-text-secondary dark:text-[rgba(255,255,255,0.7)] mt-5 first:mt-0\">Authorities said around 50,000 people joined the rally in Madrid, and demonstrators waved Spanish flags in other cities including Barcelona, Valencia and Seville.<\/p>\n<p><a href=\"https:\/\/abcnews.com\/International\/wireStory\/tensions-tied-ceuta-migrant-crisis-overshadow-date-reserved-136142375\" target=\"_blank\" rel=\"noopener noreferrer nofollow\" class=\"block my-5 rounded-[12px] overflow-hidden relative group\"><img alt=\"Image from ABC News\" loading=\"lazy\" decoding=\"async\" data-nimg=\"fill\" class=\"object-cover group-hover:scale-[1.02] transition-transform duration-300\" style=\"position:absolute;height:100%;width:100%;left:0;top:0;right:0;bottom:0;color:transparent\"   src=\"https:\/\/www.europesays.com\/spain\/wp-content\/uploads\/2026\/09\/image.jpeg\"\/><img alt=\"ABC News\" loading=\"lazy\" decoding=\"async\" data-nimg=\"fill\" class=\"rounded-[3px] object-cover\" style=\"position:absolute;height:100%;width:100%;left:0;top:0;right:0;bottom:0;color:transparent\"   src=\"https:\/\/www.europesays.com\/spain\/wp-content\/uploads\/2026\/09\/image.png\"\/>ABC News<\/a><\/p>\n<p class=\"font-sans text-[16px] tracking-[-0.1px] leading-[28px] text-nc-text-secondary dark:text-[rgba(255,255,255,0.7)] mt-5 first:mt-0\">The protests coincided with Ceuta\u2019s annual official holiday, which is normally marked with celebrations but took place against the backdrop of Spain\u2019s \u201cborder chaos,\u201d according to DW.<\/p>\n<p class=\"font-sans text-[16px] tracking-[-0.1px] leading-[28px] text-nc-text-secondary dark:text-[rgba(255,255,255,0.7)] mt-5 first:mt-0\">In Ceuta itself, residents marked the day with chants including \u201cCeuta is not for sale, Ceuta must be defended,\u201d while the Straits Times reported the demonstrations also took place in Madrid, Barcelona and Bilbao.<\/p>\n<p>Torres: politically motivated<\/p>\n<p class=\"font-sans text-[16px] tracking-[-0.1px] leading-[28px] text-nc-text-secondary dark:text-[rgba(255,255,255,0.7)] mt-5 first:mt-0\">Spain\u2019s territorial policy minister, Angel Victor Torres, told Spanish National Radio that the protests were politically motivated, saying, &#8220;This is not to show support for the city of Ceuta or its residents; it is to attack the government of Spain.&#8221;<\/p>\n<p class=\"font-sans text-[16px] tracking-[-0.1px] leading-[28px] text-nc-text-secondary dark:text-[rgba(255,255,255,0.7)] mt-5 first:mt-0\">BBC coverage described how Spanish opposition parties accuse Sanchez of abandoning residents of Ceuta, while the government says right-wing parties are exploiting the crisis, and it cited a police report saying Moroccan security forces showed &#8220;total permissiveness&#8221; during the influx.<\/p>\n<p><a href=\"https:\/\/www.antena3.com\/noticias\/sociedad\/ultima-hora-crisis-migratoria-directo-ceuta-sigue-pidiendo-explicaciones-diferentes-concentraciones-hoy_202609026a97b1fa3bfe5d1eff3fe92a.html\" target=\"_blank\" rel=\"noopener noreferrer nofollow\" class=\"block my-5 rounded-[12px] overflow-hidden relative group\"><img alt=\"Image from Antena 3 Noticias\" loading=\"lazy\" decoding=\"async\" data-nimg=\"fill\" class=\"object-cover group-hover:scale-[1.02] transition-transform duration-300\" style=\"position:absolute;height:100%;width:100%;left:0;top:0;right:0;bottom:0;color:transparent\"   src=\"https:\/\/www.europesays.com\/spain\/wp-content\/uploads\/2026\/09\/1788403642_711_image.jpeg\"\/><img alt=\"Antena 3 Noticias\" loading=\"lazy\" decoding=\"async\" data-nimg=\"fill\" class=\"rounded-[3px] object-cover\" style=\"position:absolute;height:100%;width:100%;left:0;top:0;right:0;bottom:0;color:transparent\"   src=\"\/_next\/image?url=https%3A%2F%2Ft1.gstatic.com%2FfaviconV2%3Fclient%3DSOCIAL%26type%3DFAVICON%26fallback_opts%3DTYPE%2CSIZE%2CURL%26url%3Dhttps%3A%2F%2Fwww.antena3.com%2Fnoticias%2Fsociedad%2Fultima-hora-crisis-migratoria-directo-ceuta-sigue-pidiendo-explicaciones-diferentes-concentraciones-hoy_202609026a97b1fa3bfe5d1eff3fe92a.html%26size%3D128&amp;w=1920&amp;q=75\"\/>Antena 3 Noticias<\/a><\/p>\n<p class=\"font-sans text-[16px] tracking-[-0.1px] leading-[28px] text-nc-text-secondary dark:text-[rgba(255,255,255,0.7)] mt-5 first:mt-0\">In Madrid, PP leader Alberto N\u00fa\u00f1ez Feij\u00f3o told the rally that &#8220;A Spanish city has been invaded, occupied and, unfortunately, this happened with the knowledge of the Government of Spain,&#8221; while Vox leader Santiago Abascal said Sanchez was &#8220;at the service, like a lackey, of the Moroccan regime&#8221;.<\/p>\n<p class=\"font-sans text-[16px] tracking-[-0.1px] leading-[28px] text-nc-text-secondary dark:text-[rgba(255,255,255,0.7)] mt-5 first:mt-0\">A resident called Lola warned that tensions were rising, saying, &#8220;There&#8217;s a point where this will become a powder keg,&#8221; as Sky News reported appeals for calm ahead of migrant protests planned across Spain on Wednesday evening.<\/p>\n<p>What\u2019s at stake now<\/p>\n<p class=\"font-sans text-[16px] tracking-[-0.1px] leading-[28px] text-nc-text-secondary dark:text-[rgba(255,255,255,0.7)] mt-5 first:mt-0\">Ceuta\u2019s top official Juan Jesus Vivas urged Spain\u2019s central government to reinforce the border with Morocco, warning, &#8220;If we don&#8217;t do this, there will always be someone tempted to use migration as a tool for political ends,&#8221; according to DW.<\/p>\n<p class=\"font-sans text-[16px] tracking-[-0.1px] leading-[28px] text-nc-text-secondary dark:text-[rgba(255,255,255,0.7)] mt-5 first:mt-0\">Sky News reported that the government increased capacity at temporary accommodation centres from about 500 places to more than 3,400 and deployed more than 1,600 police, while local groups and political leaders said more needed to be done to keep citizens and migrants safe.<\/p>\n<p class=\"font-sans text-[16px] tracking-[-0.1px] leading-[28px] text-nc-text-secondary dark:text-[rgba(255,255,255,0.7)] mt-5 first:mt-0\">In a recorded video message, Sanchez said his government was using all available resources to restore tranquility for Ceuta\u2019s residents, as DW described, while the BBC said demonstrators called on Sanchez to resign and demanded migrants be sent back or redistributed across Spain.<\/p>\n","protected":false},"excerpt":{"rendered":"Ceuta Day protests spread Authorities said around 50,000 people joined the rally in Madrid, and demonstrators waved Spanish&hellip;\n","protected":false},"author":2,"featured_media":79700,"comment_status":"","ping_status":"","sticky":false,"template":"","format":"standard","meta":{"footnotes":""},"categories":[2],"tags":[23881,23878,23880,23879,8790,17,29953],"class_list":["post-79811","post","type-post","status-publish","format-standard","has-post-thumbnail","category-spain","tag-media-analysis","tag-media-bias","tag-news-compared","tag-news-comparison","tag-protests","tag-spain","tag-tens-of-thousands-protest-in"],"_links":{"self":[{"href":"https:\/\/www.europesays.com\/spain\/wp-json\/wp\/v2\/posts\/79811","targetHints":{"allow":["GET"]}}],"collection":[{"href":"https:\/\/www.europesays.com\/spain\/wp-json\/wp\/v2\/posts"}],"about":[{"href":"https:\/\/www.europesays.com\/spain\/wp-json\/wp\/v2\/types\/post"}],"author":[{"embeddable":true,"href":"https:\/\/www.europesays.com\/spain\/wp-json\/wp\/v2\/users\/2"}],"replies":[{"embeddable":true,"href":"https:\/\/www.europesays.com\/spain\/wp-json\/wp\/v2\/comments?post=79811"}],"version-history":[{"count":0,"href":"https:\/\/www.europesays.com\/spain\/wp-json\/wp\/v2\/posts\/79811\/revisions"}],"wp:featuredmedia":[{"embeddable":true,"href":"https:\/\/www.europesays.com\/spain\/wp-json\/wp\/v2\/media\/79700"}],"wp:attachment":[{"href":"https:\/\/www.europesays.com\/spain\/wp-json\/wp\/v2\/media?parent=79811"}],"wp:term":[{"taxonomy":"category","embeddable":true,"href":"https:\/\/www.europesays.com\/spain\/wp-json\/wp\/v2\/categories?post=79811"},{"taxonomy":"post_tag","embeddable":true,"href":"https:\/\/www.europesays.com\/spain\/wp-json\/wp\/v2\/tags?post=79811"}],"curies":[{"name":"wp","href":"https:\/\/api.w.org\/{rel}","templated":true}]}}