{"id":79892,"date":"2026-09-03T07:41:59","date_gmt":"2026-09-03T07:41:59","guid":{"rendered":"https:\/\/www.europesays.com\/spain\/79892\/"},"modified":"2026-09-03T07:41:59","modified_gmt":"2026-09-03T07:41:59","slug":"spain-stands-with-ceuta-as-hundreds-of-thousands-rally-against-pedro-sanchez","status":"publish","type":"post","link":"https:\/\/www.europesays.com\/spain\/79892\/","title":{"rendered":"Spain Stands with Ceuta as Hundreds of Thousands Rally against Pedro S\u00e1nchez"},"content":{"rendered":"<p class=\"has-drop-cap has-medium-font-size wp-block-paragraph\">Hundreds of thousands of people took to the streets across Spain on Wednesday in solidarity with Ceuta, demanding stronger border controls and condemning Prime Minister Pedro S\u00e1nchez\u2019s handling of the migration and security crisis that has gripped the Spanish enclave since more than 80,000 illegal migrants entered from Morocco at the end of July.<\/p>\n<p class=\"wp-block-paragraph\">The demonstrations were held on Ceuta Day and followed a <a href=\"https:\/\/www.femp.es\/noticias\/2026\/09\/02\/garcia-pelayo-las-concentraciones-son-por-los-ceuties-para-que-sientan-el-carino-de-los-ciudadanos\" rel=\"nofollow noopener\" target=\"_blank\">nationwide call<\/a> by the Spanish Federation of Municipalities and Provinces (FEMP), which urged local authorities to rally under the message \u2018Ceuta somos todos\u2019 (\u2018We are all Ceuta\u2019). Protesters carried Spanish and Ceuta flags and repeatedly chanted \u2018Ceuta no se vende, Ceuta se defiende\u2019 (\u2018Ceuta is not for sale, Ceuta will be defended\u2019), while calls for S\u00e1nchez\u2019s resignation were heard across several major demonstrations.<\/p>\n<p class=\"wp-block-paragraph\">Madrid\u2019s Plaza de Cibeles drew 50,000 people according to the Government Delegation, while City Hall estimated 150,000. Right-wing opposition figures, including Partido Popular leader Alberto N\u00fa\u00f1ez Feij\u00f3o, Vox leader Santiago Abascal, Madrid regional president Isabel D\u00edaz Ayuso, and Mayor Jos\u00e9 Luis Mart\u00ednez-Almeida, all joined the demonstration. Speaking at the protest, Almeida demanded the effective return of those who entered Ceuta illegally and called for Spain and the EU to defend the country\u2019s borders.<\/p>\n<p class=\"wp-block-paragraph\">Andalusia alone saw more than 160,000 participants, according to the Government Delegation, with demonstrations held across all eight provinces. Tens of thousands packed Zaragoza\u2019s Plaza del Pilar, while thousands more rallied in the Basque Country, and large protests were held from Valencia and Murcia to Castilla y Le\u00f3n, Galicia, Asturias, the Canary Islands, and the Balearics, across more than 400 locations nationwide.<\/p>\n<p class=\"wp-block-paragraph\">Spanish World Cup winner and Barcelona midfielder Dani Olmo also <a href=\"https:\/\/x.com\/ChampionsZone_\/status\/2095228682881192027\" rel=\"nofollow\">voiced solidarity<\/a> with Ceuta during a protest in his hometown of Terrassa, saying that \u2018we are all with them\u2019 and arguing that difficult moments should unite the country just as sporting triumphs do.<\/p>\n<p class=\"wp-block-paragraph\">A separate demonstration outside the Congress of Deputies in Madrid ended in clashes between protesters and riot police, with social media footage showing authorities charging the crowd. Four people\u2014two adults and two minors\u2014were arrested, while four National Police officers were injured. Officers dispersed parts of the crowd with tear gas and rubber bullets.<\/p>\n<p class=\"wp-block-paragraph\">Solidarity with Ceuta was not confined to Spain, as <a href=\"https:\/\/www.euronews.com\/my-europe\/2026\/09\/02\/conservative-and-far-right-meps-rally-against-spains-government-over-ceuta-crisis\" rel=\"nofollow noopener\" target=\"_blank\">hundreds of MEPs<\/a> and European Parliament staffers also gathered in Brussels. All right-wing groups were represented; EPP president Manfred Weber attended alongside EPP secretary-general Dolors Montserrat, Vox delegation leader Jorge Buxad\u00e9, Fratelli d\u2019Italia delegation chief Carlo Fidanza, and representatives of the ECR, Patriots for Europe, and ESN. None of the left-wing groups of the EP showed up at the protest.<\/p>\n<p class=\"wp-block-paragraph\">The protests came amid fresh evidence raising questions over Morocco\u2019s role in the mass invasion. A National Police intelligence report submitted to the Audiencia Nacional described the incident as \u2018planned\u2019, rather than spontaneous, and said uniformed Moroccan gendarmes and plainclothes operatives had actively guided illegal migrants towards crossing points.<\/p>\n<p class=\"wp-block-paragraph\">The findings emerged just two days after S\u00e1nchez categorically said there was \u2018no information\u2019 from Spanish security or intelligence services pointing to Moroccan involvement.<\/p>\n<p class=\"wp-block-paragraph\">In Ceuta itself, initial estimates put turnout above 20,000, while organizers later claimed more than 25,000 participants in a city of around 84,000. Protesters demanded stronger border controls, the return of illegal migrants, additional state resources, and greater EU involvement in the crisis.<\/p>\n<p class=\"has-medium-font-size wp-block-paragraph\">Related articles:<\/p>\n<p style=\"font-family: 'AtlasGrotesk', sans-serif; font-size: 15px; line-height: 1.6; color: #111111; margin: 0 0 12px 0; font-weight: 600;\">\n                    At a time when public debate is increasingly polarized and superficial, Hungarian Conservative remains committed to depth, intellectual honesty, and independent conservative thought.\n                <\/p>\n<p style=\"font-family: 'AtlasGrotesk', sans-serif; font-size: 15px; line-height: 1.6; color: #666666; margin: 0;\">\n                    Producing high-quality journalism requires resources. Your contribution helps us expand our coverage, reach new audiences, and keep our content accessible.\n                <\/p>\n<p>                    <img loading=\"lazy\" decoding=\"async\" width=\"512\" height=\"512\" src=\"data:image\/svg+xml,%3Csvg%20xmlns=\" http:=\"\" alt=\"HC Logo\" class=\"hc-donation-logo\" data-lazy-src=\"https:\/\/www.europesays.com\/spain\/wp-content\/uploads\/2026\/07\/cropped-HC_Logo-02.png\"\/><\/p>\n<p style=\"font-family: 'AtlasGrotesk', sans-serif; font-size: 16px; line-height: 1.4; color: #111111; margin: 0; font-weight: 600;\">\n                        Please consider supporting our mission.\n                    <\/p>\n<p>                <a href=\"https:\/\/www.hungarianconservative.com\/support\/\" target=\"_blank\" class=\"hc-donation-btn\" rel=\"nofollow noopener\"><br \/>\n                    Donate Now<br \/>\n                <\/a><\/p>\n","protected":false},"excerpt":{"rendered":"Hundreds of thousands of people took to the streets across Spain on Wednesday in solidarity with Ceuta, demanding&hellip;\n","protected":false},"author":2,"featured_media":79893,"comment_status":"","ping_status":"","sticky":false,"template":"","format":"standard","meta":{"footnotes":""},"categories":[2],"tags":[3299,19789,25798,82,28515,2264,30017,11268,205,3705,30018,17],"class_list":["post-79892","post","type-post","status-publish","format-standard","has-post-thumbnail","category-spain","tag-ceuta","tag-european-parliament","tag-illegal-migration","tag-madrid","tag-mass-invasion","tag-morocco","tag-nationwide","tag-operation","tag-pedro-sanchez","tag-protest","tag-security-crisis","tag-spain"],"_links":{"self":[{"href":"https:\/\/www.europesays.com\/spain\/wp-json\/wp\/v2\/posts\/79892","targetHints":{"allow":["GET"]}}],"collection":[{"href":"https:\/\/www.europesays.com\/spain\/wp-json\/wp\/v2\/posts"}],"about":[{"href":"https:\/\/www.europesays.com\/spain\/wp-json\/wp\/v2\/types\/post"}],"author":[{"embeddable":true,"href":"https:\/\/www.europesays.com\/spain\/wp-json\/wp\/v2\/users\/2"}],"replies":[{"embeddable":true,"href":"https:\/\/www.europesays.com\/spain\/wp-json\/wp\/v2\/comments?post=79892"}],"version-history":[{"count":0,"href":"https:\/\/www.europesays.com\/spain\/wp-json\/wp\/v2\/posts\/79892\/revisions"}],"wp:featuredmedia":[{"embeddable":true,"href":"https:\/\/www.europesays.com\/spain\/wp-json\/wp\/v2\/media\/79893"}],"wp:attachment":[{"href":"https:\/\/www.europesays.com\/spain\/wp-json\/wp\/v2\/media?parent=79892"}],"wp:term":[{"taxonomy":"category","embeddable":true,"href":"https:\/\/www.europesays.com\/spain\/wp-json\/wp\/v2\/categories?post=79892"},{"taxonomy":"post_tag","embeddable":true,"href":"https:\/\/www.europesays.com\/spain\/wp-json\/wp\/v2\/tags?post=79892"}],"curies":[{"name":"wp","href":"https:\/\/api.w.org\/{rel}","templated":true}]}}