{"id":80113,"date":"2026-09-03T15:51:13","date_gmt":"2026-09-03T15:51:13","guid":{"rendered":"https:\/\/www.europesays.com\/spain\/80113\/"},"modified":"2026-09-03T15:51:13","modified_gmt":"2026-09-03T15:51:13","slug":"spains-leader-struggles-to-answer-lawmakers-about-ceuta-border-crisis","status":"publish","type":"post","link":"https:\/\/www.europesays.com\/spain\/80113\/","title":{"rendered":"Spain&#8217;s leader struggles to answer lawmakers about Ceuta border crisis"},"content":{"rendered":"<p style=\"font-weight: 400;\" class=\"font-size-scaler-control\" data-font=\"16\">MADRID (AP) \u2014 A day after tens of thousands of Spaniards protested the government\u2019s handling of the Ceuta border crisis, Prime Minister Pedro S\u00e1nchez struggled to field lawmakers&#8217; questions about the matter, including what role Morocco played in the deadly mass crossing in July.<\/p>\n<p style=\"font-weight: 400;\" class=\"font-size-scaler-control\" data-font=\"16\">Five weeks after the incident, it remains unclear how 72,000 people were able to stream across the border shared by Spanish exclave in North Africa and Morocco in the first place. While rejecting suggestions that Moroccan authorities helped orchestrate the incident, Sanchez said Moroccan police \u201callowed the border to be crossed.&#8221;<\/p>\n<p class=\"fancy-gallery-tips\" style=\"font-weight: bold;font-size: 18px; margin: 0\">Click to Gallery<\/p>\n<p>              <img decoding=\"async\" src=\"https:\/\/www.europesays.com\/spain\/wp-content\/uploads\/2026\/09\/7551501fb2dbf9e29885af93b4eca6d1_Spain_Ceuta_81641.jpg.webp\" loading=\"lazy\" alt=\"Migrants wait to buy food at a store in the Spanish exclave of Ceuta, Wednesday, Sept. 2, 2026. (AP Photo\/Francis Gonz\u00e1lez)\"\/><\/p>\n<p>            Migrants wait to buy food at a store in the Spanish exclave of Ceuta, Wednesday, Sept. 2, 2026. (AP Photo\/Francis Gonz\u00e1lez)<\/p>\n<p>              <img decoding=\"async\" src=\"https:\/\/www.europesays.com\/spain\/wp-content\/uploads\/2026\/09\/7551501fb2dbf9e29885af93b4eca6d1_Spain_Ceuta_35349.jpg.webp\" loading=\"lazy\" alt=\"Protesters gather in support of Ceuta to mark the city's anniversary in Madrid, Spain, Wednesday, Sept. 2, 2026. (Gabriel Luengas\/Europa Press via AP)\"\/><\/p>\n<p>            Protesters gather in support of Ceuta to mark the city&#8217;s anniversary in Madrid, Spain, Wednesday, Sept. 2, 2026. (Gabriel Luengas\/Europa Press via AP)<\/p>\n<p>              <img decoding=\"async\" src=\"https:\/\/www.europesays.com\/spain\/wp-content\/uploads\/2026\/09\/7551501fb2dbf9e29885af93b4eca6d1_Spain_Sanchez_Ceuta_Parliament_71856.jpg.webp\" loading=\"lazy\" alt=\"Spanish Prime Minister Pedro S\u00e1nchez addresses lawmakers about the situation in Ceuta, the Spanish exclave in North Africa facing a migrant crisis, during a session of Parliament in Madrid, Thursday, Sept. 3, 2026. (Fernando S\u00e1nchez\/Europa Press via AP)\"\/><\/p>\n<p>            Spanish Prime Minister Pedro S\u00e1nchez addresses lawmakers about the situation in Ceuta, the Spanish exclave in North Africa facing a migrant crisis, during a session of Parliament in Madrid, Thursday, Sept. 3, 2026. (Fernando S\u00e1nchez\/Europa Press via AP)<\/p>\n<p>              <img decoding=\"async\" src=\"https:\/\/www.europesays.com\/spain\/wp-content\/uploads\/2026\/09\/7551501fb2dbf9e29885af93b4eca6d1_Spain_Sanchez_Ceuta_Parliament_45411.jpg.webp\" loading=\"lazy\" alt=\"Spanish Prime Minister Pedro S\u00e1nchez addresses lawmakers about the situation in Ceuta, the Spanish exclave in North Africa facing a migrant crisis, during a session of Parliament in Madrid, Thursday, Sept. 3, 2026. (Fernando S\u00e1nchez\/Europa Press via AP)\"\/><\/p>\n<p>            Spanish Prime Minister Pedro S\u00e1nchez addresses lawmakers about the situation in Ceuta, the Spanish exclave in North Africa facing a migrant crisis, during a session of Parliament in Madrid, Thursday, Sept. 3, 2026. (Fernando S\u00e1nchez\/Europa Press via AP)<\/p>\n<p>              <img decoding=\"async\" src=\"https:\/\/www.europesays.com\/spain\/wp-content\/uploads\/2026\/09\/7551501fb2dbf9e29885af93b4eca6d1_Spain_Sanchez_Ceuta_Parliament_56_55.jpg.webp\" loading=\"lazy\" alt=\"Spanish Prime Minister Pedro S\u00e1nchez addresses lawmakers about the situation in Ceuta, the Spanish exclave in North Africa facing a migrant crisis, during a session of Parliament in Madrid, Thursday, Sept. 3, 2026. (Fernando S\u00e1nchez\/Europa Press via AP)\"\/><\/p>\n<p>            Spanish Prime Minister Pedro S\u00e1nchez addresses lawmakers about the situation in Ceuta, the Spanish exclave in North Africa facing a migrant crisis, during a session of Parliament in Madrid, Thursday, Sept. 3, 2026. (Fernando S\u00e1nchez\/Europa Press via AP)<\/p>\n<p style=\"font-weight: 400;\" class=\"font-size-scaler-control\" data-font=\"16\">S\u00e1nchez said his government would release key reports about the border breach, but did not say when they would be made public or what they would entail.<\/p>\n<p style=\"font-weight: 400;\" class=\"font-size-scaler-control\" data-font=\"16\">He also elevated the official death toll from the event to 141 people, up significantly from the most-recent estimate of a total 96 in Spain and Morocco, provided by authorities in Ceuta and Morocco&#8217;s National Human Rights Council. He cited the revised figure twice, but neither his office nor the interior ministry could say how it had been tallied when contacted by The Associated Press.<\/p>\n<p style=\"font-weight: 400;\" class=\"font-size-scaler-control\" data-font=\"16\">S\u00e1nchez is facing mounting scrutiny amid a prolonged humanitarian crisis in Ceuta, where the flood of thousands of migrants has angered residents in the tiny community, which is ill-equipped to handle such an influx.<\/p>\n<p style=\"font-weight: 400;\" class=\"font-size-scaler-control\" data-font=\"16\">Top government officials have at times provided conflicting information about the event. Last week, the defense ministry said Spain\u2019s intelligence agency provided prior warning of the border rush, while the interior ministry and others said it had not.<\/p>\n<p style=\"font-weight: 400;\" class=\"font-size-scaler-control\" data-font=\"16\">Spaniards on Wednesday joined protests in support of Ceuta, demanding solutions to the city&#8217;s ongoing tensions and calling for S\u00e1nchez step down. The crisis is shaping up to be one of the most serious threats his government has faced. S\u00e1nchez faced a barrage of questions on Thursday from lawmakers after his opening address alongside calls for early elections.<\/p>\n<p style=\"font-weight: 400;\" class=\"font-size-scaler-control\" data-font=\"16\">\u201cThe people of Ceuta have been without normality, without security and without answers for over a month. And us Spaniards are at the same time perplexed and outraged in the face of the violation of our territorial integrity,\u201d said opposition leader Alberto N\u00fa\u00f1ez Feij\u00f3o of the center-right Popular Party.<\/p>\n<p style=\"font-weight: 400;\" class=\"font-size-scaler-control\" data-font=\"16\">\u201cWhy are you afraid of Morocco?\u201d Feij\u00f3o asked.<\/p>\n<p style=\"font-weight: 400;\" class=\"font-size-scaler-control\" data-font=\"16\">Most of the migrants who crossed into Ceuta in late July returned to neighboring Morocco or were ushered back within days. But around 5,000 people, including 1,200 minors remain in the city weeks later, according to the national government. Ceuta\u2019s local government cites a higher figure of about 9,000 people.<\/p>\n<p style=\"font-weight: 400;\" class=\"font-size-scaler-control\" data-font=\"16\">S\u00e1nchez, who faces an election next year, has said a misinterpretation of a Supreme Court ruling and disinformation on social media encouraged people to rush the border.<\/p>\n<p style=\"font-weight: 400;\" class=\"font-size-scaler-control\" data-font=\"16\">The prime minister has also accused social media accounts linked to Russia and Israel and right-wing groups of exploiting and amplifying the Ceuta crisis after it happened on July 30 and 31. Israel and Russia have denied the claim.<\/p>\n<p style=\"font-weight: 400;\" class=\"font-size-scaler-control\" data-font=\"16\">S\u00e1nchez also maintained there was no evidence Morocco&#8217;s government was behind the mass crossing.<\/p>\n<p style=\"font-weight: 400;\" class=\"font-size-scaler-control\" data-font=\"16\">\u201cI can assure you that that no institution \u2014 neither the diplomatic service, nor the European Commission, nor any international body \u2014 has provided the Spanish government with solid evidence that Morocco planned or carried out the incident. None,\u201d S\u00e1nchez said.<\/p>\n<p style=\"font-weight: 400;\" class=\"font-size-scaler-control\" data-font=\"16\">Earlier this week, Spanish media reported that a police report had highlighted the alleged permissiveness of Moroccan security forces in the incident, but Spanish officials denied that the document blamed the Moroccan government.<\/p>\n<p style=\"font-weight: 400;\" class=\"font-size-scaler-control\" data-font=\"16\">S\u00e1nchez acknowledged that for a 10-hour period on July 30 when migrant arrivals peaked, Morocco\u2019s Gendarmerie police \u201callowed the border to be crossed,&#8221; in Ceuta, but said the same force effectively took control of it later.<\/p>\n<p style=\"font-weight: 400;\" class=\"font-size-scaler-control\" data-font=\"16\">As questions have grown on the right and left in Spain about Morocco&#8217;s role in the event, the Spanish leader said he would wait until there was solid evidence about Rabat&#8217;s involvement.<\/p>\n<p style=\"font-weight: 400;\" class=\"font-size-scaler-control\" data-font=\"16\">\u201cFor the record, if such solid evidence existed, we would act accordingly with absolute decisiveness, as the situation demands,\u201d he said.<\/p>\n<p style=\"font-weight: 400;\" class=\"font-size-scaler-control\" data-font=\"16\">S\u00e1nchez condemned comments from two Moroccan ministers questioning the sovereignty of Ceuta and Melilla, another Spain&#8217;s other territory in North Africa. Spain summoned Morocco&#8217;s ambassador in Madrid over the comments, he said.<\/p>\n<p style=\"font-weight: 400;\" class=\"font-size-scaler-control\" data-font=\"16\">Morocco\u2019s Foreign Ministry did not respond to questions from the AP seeking comment on Spain summoning the Moroccan ambassador to Madrid or the alleged Spanish police report.<\/p>\n<p style=\"font-weight: 400;\" class=\"font-size-scaler-control\" data-font=\"16\">The two exclaves have the European Union\u2019s only land borders with Africa.<\/p>\n<p style=\"font-weight: 400;\" class=\"font-size-scaler-control\" data-font=\"16\">Renata Brito in Barcelona contributed to the report.<\/p>\n<p>      <a href=\"https:\/\/www.europesays.com\/spain\/wp-content\/uploads\/2026\/09\/1788450671_203_7551501fb2dbf9e29885af93b4eca6d1_Spain_Ceuta_81641.jpg.webp\" class=\"image-lightbox\" data-fancybox=\"gallery-mainpost\" data-caption=\"Migrants wait to buy food at a store in the Spanish exclave of Ceuta, Wednesday, Sept. 2, 2026. (AP Photo\/Francis Gonz\u00e1lez)\"><br \/>\n        <img decoding=\"async\" src=\"https:\/\/www.europesays.com\/spain\/wp-content\/uploads\/2026\/09\/1788450671_203_7551501fb2dbf9e29885af93b4eca6d1_Spain_Ceuta_81641.jpg.webp\" alt=\"Migrants wait to buy food at a store in the Spanish exclave of Ceuta, Wednesday, Sept. 2, 2026. (AP Photo\/Francis Gonz\u00e1lez)\"\/><\/p>\n<p class=\"caption font-size-scaler-control\" data-font=\"14\">Migrants wait to buy food at a store in the Spanish exclave of Ceuta, Wednesday, Sept. 2, 2026. (AP Photo\/Francis Gonz\u00e1lez)<\/p>\n<p>      <\/a><\/p>\n<p>      <a href=\"https:\/\/www.europesays.com\/spain\/wp-content\/uploads\/2026\/09\/1788450671_140_7551501fb2dbf9e29885af93b4eca6d1_Spain_Ceuta_35349.jpg.webp\" class=\"image-lightbox\" data-fancybox=\"gallery-mainpost\" data-caption=\"Protesters gather in support of Ceuta to mark the city's anniversary in Madrid, Spain, Wednesday, Sept. 2, 2026. (Gabriel Luengas\/Europa Press via AP)\"><br \/>\n        <img decoding=\"async\" src=\"https:\/\/www.europesays.com\/spain\/wp-content\/uploads\/2026\/09\/1788450671_140_7551501fb2dbf9e29885af93b4eca6d1_Spain_Ceuta_35349.jpg.webp\" alt=\"Protesters gather in support of Ceuta to mark the city's anniversary in Madrid, Spain, Wednesday, Sept. 2, 2026. (Gabriel Luengas\/Europa Press via AP)\"\/><\/p>\n<p class=\"caption font-size-scaler-control\" data-font=\"14\">Protesters gather in support of Ceuta to mark the city&#8217;s anniversary in Madrid, Spain, Wednesday, Sept. 2, 2026. (Gabriel Luengas\/Europa Press via AP)<\/p>\n<p>      <\/a><\/p>\n<p>      <a href=\"https:\/\/www.europesays.com\/spain\/wp-content\/uploads\/2026\/09\/1788450672_17_7551501fb2dbf9e29885af93b4eca6d1_Spain_Sanchez_Ceuta_Parliament_71856.jpg.webp\" class=\"image-lightbox\" data-fancybox=\"gallery-mainpost\" data-caption=\"Spanish Prime Minister Pedro S\u00e1nchez addresses lawmakers about the situation in Ceuta, the Spanish exclave in North Africa facing a migrant crisis, during a session of Parliament in Madrid, Thursday, Sept. 3, 2026. (Fernando S\u00e1nchez\/Europa Press via AP)\"><br \/>\n        <img decoding=\"async\" src=\"https:\/\/www.europesays.com\/spain\/wp-content\/uploads\/2026\/09\/1788450672_17_7551501fb2dbf9e29885af93b4eca6d1_Spain_Sanchez_Ceuta_Parliament_71856.jpg.webp\" alt=\"Spanish Prime Minister Pedro S\u00e1nchez addresses lawmakers about the situation in Ceuta, the Spanish exclave in North Africa facing a migrant crisis, during a session of Parliament in Madrid, Thursday, Sept. 3, 2026. (Fernando S\u00e1nchez\/Europa Press via AP)\"\/><\/p>\n<p class=\"caption font-size-scaler-control\" data-font=\"14\">Spanish Prime Minister Pedro S\u00e1nchez addresses lawmakers about the situation in Ceuta, the Spanish exclave in North Africa facing a migrant crisis, during a session of Parliament in Madrid, Thursday, Sept. 3, 2026. (Fernando S\u00e1nchez\/Europa Press via AP)<\/p>\n<p>      <\/a><\/p>\n<p>      <a href=\"https:\/\/www.europesays.com\/spain\/wp-content\/uploads\/2026\/09\/1788450672_739_7551501fb2dbf9e29885af93b4eca6d1_Spain_Sanchez_Ceuta_Parliament_45411.jpg.webp\" class=\"image-lightbox\" data-fancybox=\"gallery-mainpost\" data-caption=\"Spanish Prime Minister Pedro S\u00e1nchez addresses lawmakers about the situation in Ceuta, the Spanish exclave in North Africa facing a migrant crisis, during a session of Parliament in Madrid, Thursday, Sept. 3, 2026. (Fernando S\u00e1nchez\/Europa Press via AP)\"><br \/>\n        <img decoding=\"async\" src=\"https:\/\/www.europesays.com\/spain\/wp-content\/uploads\/2026\/09\/1788450672_739_7551501fb2dbf9e29885af93b4eca6d1_Spain_Sanchez_Ceuta_Parliament_45411.jpg.webp\" alt=\"Spanish Prime Minister Pedro S\u00e1nchez addresses lawmakers about the situation in Ceuta, the Spanish exclave in North Africa facing a migrant crisis, during a session of Parliament in Madrid, Thursday, Sept. 3, 2026. (Fernando S\u00e1nchez\/Europa Press via AP)\"\/><\/p>\n<p class=\"caption font-size-scaler-control\" data-font=\"14\">Spanish Prime Minister Pedro S\u00e1nchez addresses lawmakers about the situation in Ceuta, the Spanish exclave in North Africa facing a migrant crisis, during a session of Parliament in Madrid, Thursday, Sept. 3, 2026. (Fernando S\u00e1nchez\/Europa Press via AP)<\/p>\n<p>      <\/a><\/p>\n<p>      <a href=\"https:\/\/www.europesays.com\/spain\/wp-content\/uploads\/2026\/09\/1788450672_512_7551501fb2dbf9e29885af93b4eca6d1_Spain_Sanchez_Ceuta_Parliament_56_55.jpg.webp\" class=\"image-lightbox\" data-fancybox=\"gallery-mainpost\" data-caption=\"Spanish Prime Minister Pedro S\u00e1nchez addresses lawmakers about the situation in Ceuta, the Spanish exclave in North Africa facing a migrant crisis, during a session of Parliament in Madrid, Thursday, Sept. 3, 2026. (Fernando S\u00e1nchez\/Europa Press via AP)\"><br \/>\n        <img decoding=\"async\" src=\"https:\/\/www.europesays.com\/spain\/wp-content\/uploads\/2026\/09\/1788450672_512_7551501fb2dbf9e29885af93b4eca6d1_Spain_Sanchez_Ceuta_Parliament_56_55.jpg.webp\" alt=\"Spanish Prime Minister Pedro S\u00e1nchez addresses lawmakers about the situation in Ceuta, the Spanish exclave in North Africa facing a migrant crisis, during a session of Parliament in Madrid, Thursday, Sept. 3, 2026. (Fernando S\u00e1nchez\/Europa Press via AP)\"\/><\/p>\n<p class=\"caption font-size-scaler-control\" data-font=\"14\">Spanish Prime Minister Pedro S\u00e1nchez addresses lawmakers about the situation in Ceuta, the Spanish exclave in North Africa facing a migrant crisis, during a session of Parliament in Madrid, Thursday, Sept. 3, 2026. (Fernando S\u00e1nchez\/Europa Press via AP)<\/p>\n<p>      <\/a><\/p>\n<p style=\"font-weight: 400;\" class=\"font-size-scaler-control\" data-font=\"16\">Gains in big technology stocks and easing bond yields helped lift Wall Street on Thursday even as oil prices marched higher as the U.S. war with Iran escalates.<\/p>\n<p style=\"font-weight: 400;\" class=\"font-size-scaler-control\" data-font=\"16\">The S&amp;P 500 was up 0.9%. The Dow Jones Industrial Average added 579 points, or 1.1%, as of 11:22 a.m. Eastern time. The Nasdaq composite rose 1.2%. The indexes are coming off their first gain after a three-day slide.<\/p>\n<p style=\"font-weight: 400;\" class=\"font-size-scaler-control\" data-font=\"16\">Gains in big technology and communication services stocks led the way higher. Their large market values tend to give them more influence over the broader market\u2019s direction.<\/p>\n<p style=\"font-weight: 400;\" class=\"font-size-scaler-control\" data-font=\"16\">Microsoft rose 3.2%, Apple gained 1.5% and Meta climbed 4.4%.<\/p>\n<p style=\"font-weight: 400;\" class=\"font-size-scaler-control\" data-font=\"16\">Giant chip maker Nvidia, whose high-end chips have emerged as AI\u2019s best building blocks, rose 1.1% after saying it would buy the artificial intelligence platform Hugging Face for $13 billion.<\/p>\n<p style=\"font-weight: 400;\" class=\"font-size-scaler-control\" data-font=\"16\">Markets rose in Europe, but ended mixed in Asia.<\/p>\n<p style=\"font-weight: 400;\" class=\"font-size-scaler-control\" data-font=\"16\">Oil prices ticked higher as the six-month long U.S. war with Iran intensified.<\/p>\n<p style=\"font-weight: 400;\" class=\"font-size-scaler-control\" data-font=\"16\">Iran fired at Kuwait on Thursday in retaliation for U.S. bombardments earlier in the week. The fighting between the U.S. and Iran heated up after the U.S. hit Iranian rocket launchers Sunday on an island in the Strait of Hormuz, saying Iran was planning to use them to send mines into the waterway.<\/p>\n<p style=\"font-weight: 400;\" class=\"font-size-scaler-control\" data-font=\"16\">The renewed fighting has sent U.S. crude prices sharply higher this week, up 11%, a trend that continued Thursday. Brent crude, the international standard, rose 1.1% to $96.72 per barrel. Benchmark U.S. crude rose 1.5% to $92.46 a barrel.<\/p>\n<p style=\"font-weight: 400;\" class=\"font-size-scaler-control\" data-font=\"16\">Rising oil prices have added to existing inflationary pressures and exacerbated a bond-market sell-off earlier this week.<\/p>\n<p style=\"font-weight: 400;\" class=\"font-size-scaler-control\" data-font=\"16\">But bond yields have shown signs of stabilizing.<\/p>\n<p style=\"font-weight: 400;\" class=\"font-size-scaler-control\" data-font=\"16\">The yield on the 10-year Treasury, which tends to impact mortgage rates, dropped to 4.75% from 4.79% late Wednesday. It has been rising steadily throughout the year and was as low as 4.20% at the beginning of 2026.<\/p>\n<p style=\"font-weight: 400;\" class=\"font-size-scaler-control\" data-font=\"16\">The yield on the 2-year Treasury, which closely tracks expectations for Federal Reserve moves on interest rates, slid to 4.33% from 4.39%. It remains significantly higher for the year, though, and was as low as 3.50% at the beginning of 2026.<\/p>\n<p style=\"font-weight: 400;\" class=\"font-size-scaler-control\" data-font=\"16\">Traders had their eye on several companies following their latest quarterly snapshots.<\/p>\n<p style=\"font-weight: 400;\" class=\"font-size-scaler-control\" data-font=\"16\">Snowflake jumped 21.4% after its quarterly profit and revenue blew past analysts\u2019 estimates. The company noted that artificial intelligence continues to be a strong driver for its business.<\/p>\n<p style=\"font-weight: 400;\" class=\"font-size-scaler-control\" data-font=\"16\">Other tech companies echoed the theme of strength in AI-related demand, but that wasn&#8217;t enough to send their stocks higher.<\/p>\n<p style=\"font-weight: 400;\" class=\"font-size-scaler-control\" data-font=\"16\">Broadcom&#8217;s results beat Wall Street\u2019s estimates and the chipmaker forecast that its AI chip revenue would double in its fiscal year that ends in 2028. But its stock fell 5.7% after its revenue outlook fell short of expectations.<\/p>\n<p style=\"font-weight: 400;\" class=\"font-size-scaler-control\" data-font=\"16\">Hewlett Packard Enterprise also raised its guidance for cloud and AI demand strength as it reported quarterly results that topped analysts\u2019 estimates. But the company\u2019s shares slid 6% on worries about supply constraints and other concerns.<\/p>\n<p style=\"font-weight: 400;\" class=\"font-size-scaler-control\" data-font=\"16\">Elsewhere in the market, Tyson Foods fell 6.9% after the meat company lowered its guidance for revenue and operating income for its fiscal year, citing margin compression due to volatile cattle prices amid a severe U.S. cattle shortage.<\/p>\n<p style=\"font-weight: 400;\" class=\"font-size-scaler-control\" data-font=\"16\">And Victoria&#8217;s Secret slumped 10.4% after its latest quarterly earnings beat Wall Street estimates, but its revenue fell short of expectations.<\/p>\n<p style=\"font-weight: 400;\" class=\"font-size-scaler-control\" data-font=\"16\">In economic news, the Labor Department reported Thursday that more Americans filed for unemployment benefits last week, but layoffs are still rare and jobless claims remain at historically low levels.<\/p>\n<p style=\"font-weight: 400;\" class=\"font-size-scaler-control\" data-font=\"16\">On Friday, the crucial U.S. employment report for August is released. The previous report for July showed that the jobs market stalled, with employers cutting positions.<\/p>\n<p style=\"font-weight: 400;\" class=\"font-size-scaler-control\" data-font=\"16\">Both inflation and the jobs market have been key focuses for Wall Street and the Federal Reserve.<\/p>\n<p style=\"font-weight: 400;\" class=\"font-size-scaler-control\" data-font=\"16\">The Fed is trying to balance its tasks of supporting employment and taming inflation. Wall Street expects the central bank to raise interest rates before the year ends in an effort to cool inflation, which remains well above 3%. The Fed has a stated goal of cooling inflation to a target of 2%.<\/p>\n<p style=\"font-weight: 400;\" class=\"font-size-scaler-control\" data-font=\"16\">The government will release August inflation figures Sept. 11, shortly before the Fed&#8217;s policymaking committee&#8217;s next meeting.<\/p>\n<p>      <a href=\"https:\/\/www.europesays.com\/spain\/wp-content\/uploads\/2026\/09\/7e1bffd68c53b54806be950f01181994_Financial_Markets_Wall_Street_74514.jpg.webp\" class=\"image-lightbox\" data-fancybox=\"gallery-nextpost\" data-caption=\"Specialist Anthony Matesic works on the floor of the New York Stock Exchange in New York, Friday, Aug. 21, 2026. (AP Photo\/Yuki Iwamura)\"><br \/>\n        <img decoding=\"async\" src=\"https:\/\/www.europesays.com\/spain\/wp-content\/uploads\/2026\/09\/7e1bffd68c53b54806be950f01181994_Financial_Markets_Wall_Street_74514.jpg.webp\" alt=\"Specialist Anthony Matesic works on the floor of the New York Stock Exchange in New York, Friday, Aug. 21, 2026. (AP Photo\/Yuki Iwamura)\"\/><\/p>\n<p class=\"caption font-size-scaler-control\" data-font=\"14\">Specialist Anthony Matesic works on the floor of the New York Stock Exchange in New York, Friday, Aug. 21, 2026. (AP Photo\/Yuki Iwamura)<\/p>\n<p>      <\/a><\/p>\n<p>      <a href=\"https:\/\/www.europesays.com\/spain\/wp-content\/uploads\/2026\/09\/7e1bffd68c53b54806be950f01181994_Financial_Markets_Wall_Street__3913.jpg.webp\" class=\"image-lightbox\" data-fancybox=\"gallery-nextpost\" data-caption=\"Specialists Dilip Patel works on the floor of the New York Stock Exchange, Thursday, Aug. 27, 2026, in New York. (AP Photo\/Yuki Iwamura)\"><br \/>\n        <img decoding=\"async\" src=\"https:\/\/www.europesays.com\/spain\/wp-content\/uploads\/2026\/09\/7e1bffd68c53b54806be950f01181994_Financial_Markets_Wall_Street__3913.jpg.webp\" alt=\"Specialists Dilip Patel works on the floor of the New York Stock Exchange, Thursday, Aug. 27, 2026, in New York. (AP Photo\/Yuki Iwamura)\"\/><\/p>\n<p class=\"caption font-size-scaler-control\" data-font=\"14\">Specialists Dilip Patel works on the floor of the New York Stock Exchange, Thursday, Aug. 27, 2026, in New York. (AP Photo\/Yuki Iwamura)<\/p>\n<p>      <\/a><\/p>\n<p>      <a href=\"https:\/\/www.europesays.com\/spain\/wp-content\/uploads\/2026\/09\/7e1bffd68c53b54806be950f01181994_South_Korea_Financial_Markets_79938.jpg.webp\" class=\"image-lightbox\" data-fancybox=\"gallery-nextpost\" data-caption=\"Currency traders work at the foreign exchange dealing room of the Hana Bank headquarters in Seoul, South Korea, Wednesday, Sept. 2, 2026. (AP Photo\/Ahn Young-joon)\"><br \/>\n        <img decoding=\"async\" src=\"https:\/\/www.europesays.com\/spain\/wp-content\/uploads\/2026\/09\/7e1bffd68c53b54806be950f01181994_South_Korea_Financial_Markets_79938.jpg.webp\" alt=\"Currency traders work at the foreign exchange dealing room of the Hana Bank headquarters in Seoul, South Korea, Wednesday, Sept. 2, 2026. (AP Photo\/Ahn Young-joon)\"\/><\/p>\n<p class=\"caption font-size-scaler-control\" data-font=\"14\">Currency traders work at the foreign exchange dealing room of the Hana Bank headquarters in Seoul, South Korea, Wednesday, Sept. 2, 2026. (AP Photo\/Ahn Young-joon)<\/p>\n<p>      <\/a><\/p>\n<p>      <a href=\"https:\/\/www.europesays.com\/spain\/wp-content\/uploads\/2026\/09\/7e1bffd68c53b54806be950f01181994_South_Korea_Financial_Markets_98_52.jpg.webp\" class=\"image-lightbox\" data-fancybox=\"gallery-nextpost\" data-caption=\"Currency traders watch monitors near a screen showing the Korea Composite Stock Price Index (KOSPI) and the foreign exchange rate between U.S. dollar and South Korean won at the foreign exchange dealing room of the Hana Bank headquarters in Seoul, South Korea, Tuesday, Sept. 1, 2026. (AP Photo\/Ahn Young-joon)\"><br \/>\n        <img decoding=\"async\" src=\"https:\/\/www.europesays.com\/spain\/wp-content\/uploads\/2026\/09\/7e1bffd68c53b54806be950f01181994_South_Korea_Financial_Markets_98_52.jpg.webp\" alt=\"Currency traders watch monitors near a screen showing the Korea Composite Stock Price Index (KOSPI) and the foreign exchange rate between U.S. dollar and South Korean won at the foreign exchange dealing room of the Hana Bank headquarters in Seoul, South Korea, Tuesday, Sept. 1, 2026. (AP Photo\/Ahn Young-joon)\"\/><\/p>\n<p class=\"caption font-size-scaler-control\" data-font=\"14\">Currency traders watch monitors near a screen showing the Korea Composite Stock Price Index (KOSPI) and the foreign exchange rate between U.S. dollar and South Korean won at the foreign exchange dealing room of the Hana Bank headquarters in Seoul, South Korea, Tuesday, Sept. 1, 2026. (AP Photo\/Ahn Young-joon)<\/p>\n<p>      <\/a><\/p>\n","protected":false},"excerpt":{"rendered":"MADRID (AP) \u2014 A day after tens of thousands of Spaniards protested the government\u2019s handling of the Ceuta&hellip;\n","protected":false},"author":2,"featured_media":80114,"comment_status":"","ping_status":"","sticky":false,"template":"","format":"standard","meta":{"footnotes":""},"categories":[2],"tags":[2656,5817,9563,6267,3299,3808,30063,3867,2111,30064,30061,203,2264,273,131,9801,30062,1846,8012,18304,17,21690,1394,964,5459,30,564],"class_list":["post-80113","post","type-post","status-publish","format-standard","has-post-thumbnail","category-spain","tag-abuse","tag-ap-news","tag-banned","tag-c__education","tag-ceuta","tag-colleges","tag-database","tag-deal","tag-european","tag-exempt","tag-list","tag-migration","tag-morocco","tag-news","tag-oil","tag-reserves","tag-safesport","tag-sanchez","tag-schools","tag-sex","tag-spain","tag-status","tag-tax","tag-trump","tag-union","tag-us","tag-venezuela"],"_links":{"self":[{"href":"https:\/\/www.europesays.com\/spain\/wp-json\/wp\/v2\/posts\/80113","targetHints":{"allow":["GET"]}}],"collection":[{"href":"https:\/\/www.europesays.com\/spain\/wp-json\/wp\/v2\/posts"}],"about":[{"href":"https:\/\/www.europesays.com\/spain\/wp-json\/wp\/v2\/types\/post"}],"author":[{"embeddable":true,"href":"https:\/\/www.europesays.com\/spain\/wp-json\/wp\/v2\/users\/2"}],"replies":[{"embeddable":true,"href":"https:\/\/www.europesays.com\/spain\/wp-json\/wp\/v2\/comments?post=80113"}],"version-history":[{"count":0,"href":"https:\/\/www.europesays.com\/spain\/wp-json\/wp\/v2\/posts\/80113\/revisions"}],"wp:featuredmedia":[{"embeddable":true,"href":"https:\/\/www.europesays.com\/spain\/wp-json\/wp\/v2\/media\/80114"}],"wp:attachment":[{"href":"https:\/\/www.europesays.com\/spain\/wp-json\/wp\/v2\/media?parent=80113"}],"wp:term":[{"taxonomy":"category","embeddable":true,"href":"https:\/\/www.europesays.com\/spain\/wp-json\/wp\/v2\/categories?post=80113"},{"taxonomy":"post_tag","embeddable":true,"href":"https:\/\/www.europesays.com\/spain\/wp-json\/wp\/v2\/tags?post=80113"}],"curies":[{"name":"wp","href":"https:\/\/api.w.org\/{rel}","templated":true}]}}