{"id":80128,"date":"2026-09-03T16:36:13","date_gmt":"2026-09-03T16:36:13","guid":{"rendered":"https:\/\/www.europesays.com\/spain\/80128\/"},"modified":"2026-09-03T16:36:13","modified_gmt":"2026-09-03T16:36:13","slug":"spains-leader-struggles-to-answer-lawmakers-about-ceuta-border-crisis-2","status":"publish","type":"post","link":"https:\/\/www.europesays.com\/spain\/80128\/","title":{"rendered":"Spain&#8217;s leader struggles to answer lawmakers about Ceuta border crisis"},"content":{"rendered":"<p class=\"mb-4 text-lg md:leading-8 break-words\">MADRID (AP) \u2014 A day after tens of thousands of <a data-ylk=\"slk:Spaniards protested;elm:context_link;itc:0;sec:content-canvas;\" data-yga=\"{&quot;yLinkElement&quot;:&quot;link&quot;,&quot;yLinkElementType&quot;:&quot;article_link&quot;}\" href=\"https:\/\/apnews.com\/article\/spain-migration-ceuta-protest-holiday-dcc8fcac0897320c50d3bed6f7b6ebbb\" rel=\"noopener noreferrer nofollow\" target=\"_blank\">Spaniards protested<\/a> the government&#8217;s handling of the Ceuta border crisis, Prime Minister Pedro S\u00e1nchez struggled to field lawmakers&#8217; questions about the matter, including what role Morocco played in the deadly mass crossing in July.<\/p>\n<p class=\"mb-4 text-lg md:leading-8 break-words\">Five weeks after the incident, it remains unclear how 72,000 people were able to <a data-ylk=\"slk:stream across the border;elm:context_link;itc:0;sec:content-canvas;\" data-yga=\"{&quot;yLinkElement&quot;:&quot;link&quot;,&quot;yLinkElementType&quot;:&quot;article_link&quot;}\" href=\"https:\/\/apnews.com\/article\/eu-ceuta-migration-politics-spain-ea9bf6713d1ab342370f28eec1cd888d\" rel=\"noopener noreferrer nofollow\" target=\"_blank\">stream across the border<\/a> shared by Spanish exclave in North Africa and Morocco in the first place. While rejecting suggestions that Moroccan authorities helped orchestrate the incident, Sanchez said Moroccan police &#8220;allowed the border to be crossed.&#8221;<\/p>\n<p class=\"mb-4 text-lg md:leading-8 break-words\">S\u00e1nchez said his government would release key reports about the border breach, but did not say when they would be made public or what they would entail.<\/p>\n<p class=\"mb-4 text-lg md:leading-8 break-words\">He also elevated the official death toll from the event to 141 people, up significantly from the most-recent estimate of a total 96 in Spain and Morocco, provided by authorities in Ceuta and Morocco&#8217;s National Human Rights Council. He cited the revised figure twice, but neither his office nor the interior ministry could say how it had been tallied when contacted by The Associated Press.<\/p>\n<p class=\"mb-4 text-lg md:leading-8 break-words\">S\u00e1nchez is facing mounting scrutiny amid a prolonged <a data-ylk=\"slk:humanitarian crisis;elm:context_link;itc:0;sec:content-canvas;\" data-yga=\"{&quot;yLinkElement&quot;:&quot;link&quot;,&quot;yLinkElementType&quot;:&quot;article_link&quot;}\" href=\"https:\/\/apnews.com\/article\/spain-ceuta-morocco-migration-fe8e003171d5ce019d978ed9eaea49ed\" rel=\"noopener noreferrer nofollow\" target=\"_blank\">humanitarian crisis<\/a> in Ceuta, where the flood of thousands of migrants has angered residents in the tiny community, which is ill-equipped to handle such an influx.<\/p>\n<p class=\"mb-4 text-lg md:leading-8 break-words\">Top government officials have at times provided conflicting information about the event. Last week, the defense ministry said Spain&#8217;s intelligence agency provided prior warning of the border rush, while the interior ministry and others said it had not.<\/p>\n<p class=\"mb-4 text-lg md:leading-8 break-words\"><a data-ylk=\"slk:Spaniards on Wednesday joined protests;elm:context_link;itc:0;sec:content-canvas;\" data-yga=\"{&quot;yLinkElement&quot;:&quot;link&quot;,&quot;yLinkElementType&quot;:&quot;article_link&quot;}\" href=\"https:\/\/apnews.com\/article\/spain-migration-ceuta-protest-holiday-dcc8fcac0897320c50d3bed6f7b6ebbb\" rel=\"noopener noreferrer nofollow\" target=\"_blank\">Spaniards on Wednesday joined protests<\/a> in support of Ceuta, demanding solutions to the city&#8217;s ongoing tensions and calling for S\u00e1nchez step down. The crisis is shaping up to be one of the most serious threats his government has faced. S\u00e1nchez faced a barrage of questions on Thursday from lawmakers after his opening address alongside calls for early elections.<\/p>\n<p class=\"mb-4 text-lg md:leading-8 break-words\">&#8220;The people of Ceuta have been without normality, without security and without answers for over a month. And us Spaniards are at the same time perplexed and outraged in the face of the violation of our territorial integrity,&#8221; said opposition leader Alberto N\u00fa\u00f1ez Feij\u00f3o of the center-right Popular Party.<\/p>\n<p class=\"mb-4 text-lg md:leading-8 break-words\">&#8220;Why are you afraid of Morocco?&#8221; Feij\u00f3o asked.<\/p>\n<p class=\"mb-4 text-lg md:leading-8 break-words\">Most of the migrants who crossed into Ceuta in late July returned to neighboring Morocco or were <a data-ylk=\"slk:ushered back;elm:context_link;itc:0;sec:content-canvas;\" data-yga=\"{&quot;yLinkElement&quot;:&quot;link&quot;,&quot;yLinkElementType&quot;:&quot;article_link&quot;}\" href=\"https:\/\/apnews.com\/article\/migrants-spain-ceuta-morocco-d564354dd54e92debf43ce5fe22299f9\" rel=\"noopener noreferrer nofollow\" target=\"_blank\">ushered back<\/a> within days. But around 5,000 people, including 1,200 minors remain in the city weeks later, according to the national government. Ceuta&#8217;s local government cites a higher figure of about 9,000 people.<\/p>\n<p class=\"mb-4 text-lg md:leading-8 break-words\">S\u00e1nchez, who faces an election next year, has said a misinterpretation of a Supreme Court ruling and disinformation <a data-ylk=\"slk:on social media;elm:context_link;itc:0;sec:content-canvas;\" data-yga=\"{&quot;yLinkElement&quot;:&quot;link&quot;,&quot;yLinkElementType&quot;:&quot;article_link&quot;}\" href=\"https:\/\/apnews.com\/article\/ceuta-spain-morocco-migration-f3a7f514a7792c39d8b8d5d814fa5158\" rel=\"noopener noreferrer nofollow\" target=\"_blank\">on social media<\/a> encouraged people to rush the border.<\/p>\n<p class=\"mb-4 text-lg md:leading-8 break-words\">The prime minister has also accused social media accounts linked to Russia and Israel and right-wing groups of exploiting and amplifying the Ceuta crisis after it happened on July 30 and 31. Israel and Russia have denied the claim.<\/p>\n<p class=\"mb-4 text-lg md:leading-8 break-words\">Questions about Morocco&#8217;s role<\/p>\n<p class=\"mb-4 text-lg md:leading-8 break-words\">S\u00e1nchez also maintained there was no evidence Morocco&#8217;s government was behind the mass crossing.<\/p>\n<p class=\"mb-4 text-lg md:leading-8 break-words\">&#8220;I can assure you that that no institution \u2014 neither the diplomatic service, nor the European Commission, nor any international body \u2014 has provided the Spanish government with solid evidence that Morocco planned or carried out the incident. None,&#8221; S\u00e1nchez said.<\/p>\n<p class=\"mb-4 text-lg md:leading-8 break-words\">Earlier this week, Spanish media reported that a police report had highlighted the alleged permissiveness of Moroccan security forces in the incident, but Spanish officials denied that the document blamed the Moroccan government.<\/p>\n<p class=\"mb-4 text-lg md:leading-8 break-words\">S\u00e1nchez acknowledged that for a 10-hour period on July 30 when migrant arrivals peaked, Morocco&#8217;s Gendarmerie police &#8220;allowed the border to be crossed,&#8221; in Ceuta, but said the same force effectively took control of it later.<\/p>\n<p class=\"mb-4 text-lg md:leading-8 break-words\">As questions have grown on the right and left in Spain about Morocco&#8217;s role in the event, the Spanish leader said he would wait until there was solid evidence about Rabat&#8217;s involvement.<\/p>\n<p class=\"mb-4 text-lg md:leading-8 break-words\">&#8220;For the record, if such solid evidence existed, we would act accordingly with absolute decisiveness, as the situation demands,&#8221; he said.<\/p>\n<p class=\"mb-4 text-lg md:leading-8 break-words\">S\u00e1nchez condemned comments from two Moroccan ministers questioning the sovereignty of Ceuta and Melilla, another Spain&#8217;s other territory in North Africa. Spain summoned Morocco&#8217;s ambassador in Madrid over the comments, he said.<\/p>\n<p class=\"mb-4 text-lg md:leading-8 break-words\">Morocco&#8217;s Foreign Ministry did not respond to questions from the AP seeking comment on Spain summoning the Moroccan ambassador to Madrid or the alleged Spanish police report.<\/p>\n<p class=\"mb-4 text-lg md:leading-8 break-words\">The two exclaves have the European Union&#8217;s only land borders with Africa.<\/p>\n<p class=\"mb-4 text-lg md:leading-8 break-words\">___<\/p>\n<p class=\"mb-4 text-lg md:leading-8 break-words\">Akram Oubachir in Casablanca, Morocco, and Renata Brito in Barcelona contributed to the report.<\/p>\n<p class=\"mb-4 text-lg md:leading-8 break-words\">Suman Naishadham, The Associated Press<\/p>\n<p><img alt=\"Spanish Prime Minister Pedro S\u00e1nchez addresses lawmakers about the situation in Ceuta, the Spanish exclave in North Africa facing a migrant crisis, during a session of Parliament in Madrid, Thursday, Sept. 3, 2026. (Fernando S\u00e1nchez\/Europa Press via AP) - The Associated Press\" loading=\"lazy\" width=\"960\" height=\"640\" decoding=\"async\" data-nimg=\"1\" class=\"rounded-lg\" style=\"color:transparent\" src=\"https:\/\/www.europesays.com\/spain\/wp-content\/uploads\/2026\/09\/https:\/\/media.zenfs.com\/en\/cp_news_842\/8f86dbab4c512e3854e4e4fc20d912af.jpg\"\/><\/p>\n<p>Spanish Prime Minister Pedro S\u00e1nchez addresses lawmakers about the situation in Ceuta, the Spanish exclave in North Africa facing a migrant crisis, during a session of Parliament in Madrid, Thursday, Sept. 3, 2026. (Fernando S\u00e1nchez\/Europa Press via AP) &#8211; The Associated Press<\/p>\n<p><img alt=\"Spanish Prime Minister Pedro S\u00e1nchez addresses lawmakers about the situation in Ceuta, the Spanish exclave in North Africa facing a migrant crisis, during a session of Parliament in Madrid, Thursday, Sept. 3, 2026. (Fernando S\u00e1nchez\/Europa Press via AP) - The Associated Press\" loading=\"lazy\" width=\"960\" height=\"640\" decoding=\"async\" data-nimg=\"1\" class=\"rounded-lg\" style=\"color:transparent\" src=\"https:\/\/www.europesays.com\/spain\/wp-content\/uploads\/2026\/09\/https:\/\/media.zenfs.com\/en\/cp_news_842\/16ad026c8b1e79a2b166d63c183af7c0.jpg\"\/><\/p>\n<p>Spanish Prime Minister Pedro S\u00e1nchez addresses lawmakers about the situation in Ceuta, the Spanish exclave in North Africa facing a migrant crisis, during a session of Parliament in Madrid, Thursday, Sept. 3, 2026. (Fernando S\u00e1nchez\/Europa Press via AP) &#8211; The Associated Press<\/p>\n<p><img alt=\"Spanish Prime Minister Pedro S\u00e1nchez addresses lawmakers about the situation in Ceuta, the Spanish exclave in North Africa facing a migrant crisis, during a session of Parliament in Madrid, Thursday, Sept. 3, 2026. (Fernando S\u00e1nchez\/Europa Press via AP) - The Associated Press\" loading=\"lazy\" width=\"960\" height=\"640\" decoding=\"async\" data-nimg=\"1\" class=\"rounded-lg\" style=\"color:transparent\" src=\"https:\/\/www.europesays.com\/spain\/wp-content\/uploads\/2026\/09\/https:\/\/media.zenfs.com\/en\/cp_news_842\/25c6a630dc67060a8c5b70813524a0e2.jpg\"\/><\/p>\n<p>Spanish Prime Minister Pedro S\u00e1nchez addresses lawmakers about the situation in Ceuta, the Spanish exclave in North Africa facing a migrant crisis, during a session of Parliament in Madrid, Thursday, Sept. 3, 2026. (Fernando S\u00e1nchez\/Europa Press via AP) &#8211; The Associated Press<\/p>\n<p><img alt=\"Protesters gather in support of Ceuta to mark the city's anniversary in Madrid, Spain, Wednesday, Sept. 2, 2026. (Gabriel Luengas\/Europa Press via AP) - The Associated Press\" loading=\"lazy\" width=\"960\" height=\"640\" decoding=\"async\" data-nimg=\"1\" class=\"rounded-lg\" style=\"color:transparent\" src=\"https:\/\/www.europesays.com\/spain\/wp-content\/uploads\/2026\/09\/https:\/\/media.zenfs.com\/en\/cp_news_842\/7b474e83ed10112bad4336f8882a24f9.jpg\"\/><\/p>\n<p>Protesters gather in support of Ceuta to mark the city&#8217;s anniversary in Madrid, Spain, Wednesday, Sept. 2, 2026. (Gabriel Luengas\/Europa Press via AP) &#8211; The Associated Press<\/p>\n<p><img alt=\"Migrants wait to buy food at a store in the Spanish exclave of Ceuta, Wednesday, Sept. 2, 2026. (AP Photo\/Francis Gonz\u00e1lez) - The Associated Press\" loading=\"lazy\" width=\"960\" height=\"640\" decoding=\"async\" data-nimg=\"1\" class=\"rounded-lg\" style=\"color:transparent\" src=\"https:\/\/www.europesays.com\/spain\/wp-content\/uploads\/2026\/09\/https:\/\/media.zenfs.com\/en\/cp_news_842\/77039c57c429c4c607edf23e28b89ada.jpg\"\/><\/p>\n<p>Migrants wait to buy food at a store in the Spanish exclave of Ceuta, Wednesday, Sept. 2, 2026. (AP Photo\/Francis Gonz\u00e1lez) &#8211; The Associated Press<\/p>\n","protected":false},"excerpt":{"rendered":"MADRID (AP) \u2014 A day after tens of thousands of Spaniards protested the government&#8217;s handling of the Ceuta&hellip;\n","protected":false},"author":2,"featured_media":80129,"comment_status":"","ping_status":"","sticky":false,"template":"","format":"standard","meta":{"footnotes":""},"categories":[2],"tags":[30070,16745,30069,3299,82,29204,2264,205,1846,17,17402,1152,30068],"class_list":["post-80128","post","type-post","status-publish","format-standard","has-post-thumbnail","category-spain","tag-a-day","tag-ap","tag-ap-photo-francis-gonzalez","tag-ceuta","tag-madrid","tag-moroccan","tag-morocco","tag-pedro-sanchez","tag-sanchez","tag-spain","tag-spaniards","tag-spanish","tag-the-associated-press"],"_links":{"self":[{"href":"https:\/\/www.europesays.com\/spain\/wp-json\/wp\/v2\/posts\/80128","targetHints":{"allow":["GET"]}}],"collection":[{"href":"https:\/\/www.europesays.com\/spain\/wp-json\/wp\/v2\/posts"}],"about":[{"href":"https:\/\/www.europesays.com\/spain\/wp-json\/wp\/v2\/types\/post"}],"author":[{"embeddable":true,"href":"https:\/\/www.europesays.com\/spain\/wp-json\/wp\/v2\/users\/2"}],"replies":[{"embeddable":true,"href":"https:\/\/www.europesays.com\/spain\/wp-json\/wp\/v2\/comments?post=80128"}],"version-history":[{"count":0,"href":"https:\/\/www.europesays.com\/spain\/wp-json\/wp\/v2\/posts\/80128\/revisions"}],"wp:featuredmedia":[{"embeddable":true,"href":"https:\/\/www.europesays.com\/spain\/wp-json\/wp\/v2\/media\/80129"}],"wp:attachment":[{"href":"https:\/\/www.europesays.com\/spain\/wp-json\/wp\/v2\/media?parent=80128"}],"wp:term":[{"taxonomy":"category","embeddable":true,"href":"https:\/\/www.europesays.com\/spain\/wp-json\/wp\/v2\/categories?post=80128"},{"taxonomy":"post_tag","embeddable":true,"href":"https:\/\/www.europesays.com\/spain\/wp-json\/wp\/v2\/tags?post=80128"}],"curies":[{"name":"wp","href":"https:\/\/api.w.org\/{rel}","templated":true}]}}