{"id":80232,"date":"2026-09-03T20:15:08","date_gmt":"2026-09-03T20:15:08","guid":{"rendered":"https:\/\/www.europesays.com\/spain\/80232\/"},"modified":"2026-09-03T20:15:08","modified_gmt":"2026-09-03T20:15:08","slug":"spains-sanchez-answers-lawmakers-about-ceuta-border-crisis","status":"publish","type":"post","link":"https:\/\/www.europesays.com\/spain\/80232\/","title":{"rendered":"Spain&#8217;s S\u00e1nchez answers lawmakers about Ceuta border crisis"},"content":{"rendered":"<p>A day after tens of thousands of Spaniards protested the government\u2019s handling of the Ceuta border crisis, Prime Minister Pedro S\u00e1nchez struggled to answer lawmakers\u2019 questions about the incident, particularly Morocco\u2019s role in the mass crossing in July. Despite S\u00e1nchez rejecting claims of Moroccan officials orchestrating the incident, he admitted that Moroccan police \u201callowed the border to be crossed.\u201d<\/p>\n<p>S\u00e1nchez announced that key reports on the border breach would be released but did not specify when. He elevated the official death toll from the event to 141, a significant increase from the previous estimate of 96, without clarifying how these numbers were calculated.<\/p>\n<p>The humanitarian crisis in Ceuta, which has seen thousands of migrants flood into the small community, has drawn heavy scrutiny and angered residents. Conflicting statements by government officials have added to the confusion. On Wednesday, <a href=\"https:\/\/www.europeaninterest.eu\/ceuta-celebrates-its-day-with-nationwide-protest-over-border-crisis\/\" rel=\"nofollow noopener\" target=\"_blank\">protests erupted<\/a> demanding solutions and calling for S\u00e1nchez to resign.<\/p>\n<p>\u201cWhy are you afraid of Morocco?\u201d asked opposition leader Alberto N\u00fa\u00f1ez Feij\u00f3o of the conservative People\u2019s Party. Most migrants who entered Ceuta have since returned to Morocco, but around 5,000 individuals, including 1,200 minors, remain. S\u00e1nchez has attributed the crisis to a misinterpretation of a Supreme Court ruling and social media disinformation, and he accused accounts linked to Russia and Israel of exploiting the situation, claims both countries deny.<\/p>\n<p>Understanding Morocco\u2019s role<\/p>\n<p>Spanish Prime Minister S\u00e1nchez stated that there is no evidence linking the Moroccan government to the recent mass crossing of migrants. \u201cNo institution \u2014 whether the diplomatic service, the European Commission, or any international body \u2014 has provided solid evidence that Morocco planned or executed the incident,\u201d he asserted.<\/p>\n<p>While Spanish media reported that a police document indicated leniency by Moroccan security forces, officials clarified that it did not implicate the Moroccan government. S\u00e1nchez acknowledged that during a peak time on July 30, Morocco\u2019s Gendarmerie police allowed crossings, but they later regained control of the situation.<\/p>\n<p>As concerns about Morocco\u2019s role have grown in Spain, S\u00e1nchez affirmed he would await solid evidence before concluding. He also condemned remarks by Moroccan ministers questioning the sovereignty of Ceuta and Melilla, prompting Spain to summon Morocco\u2019s ambassador in Madrid. The Moroccan Foreign Ministry has not commented on these developments.<\/p>\n<p>This article used information from The Associated Press.<\/p>\n","protected":false},"excerpt":{"rendered":"A day after tens of thousands of Spaniards protested the government\u2019s handling of the Ceuta border crisis, Prime&hellip;\n","protected":false},"author":2,"featured_media":80233,"comment_status":"","ping_status":"","sticky":false,"template":"","format":"standard","meta":{"footnotes":""},"categories":[2],"tags":[190,25685,25673,4849,4713,32,26502,2264,205,3018,2124,17],"class_list":["post-80232","post","type-post","status-publish","format-standard","has-post-thumbnail","category-spain","tag-alberto-nunez-feijoo","tag-ceuta-and-melilla","tag-ceuta-border","tag-disinformation","tag-humanitarian-crisis","tag-israel","tag-mass-crossing","tag-morocco","tag-pedro-sanchez","tag-russia","tag-social-media","tag-spain"],"_links":{"self":[{"href":"https:\/\/www.europesays.com\/spain\/wp-json\/wp\/v2\/posts\/80232","targetHints":{"allow":["GET"]}}],"collection":[{"href":"https:\/\/www.europesays.com\/spain\/wp-json\/wp\/v2\/posts"}],"about":[{"href":"https:\/\/www.europesays.com\/spain\/wp-json\/wp\/v2\/types\/post"}],"author":[{"embeddable":true,"href":"https:\/\/www.europesays.com\/spain\/wp-json\/wp\/v2\/users\/2"}],"replies":[{"embeddable":true,"href":"https:\/\/www.europesays.com\/spain\/wp-json\/wp\/v2\/comments?post=80232"}],"version-history":[{"count":0,"href":"https:\/\/www.europesays.com\/spain\/wp-json\/wp\/v2\/posts\/80232\/revisions"}],"wp:featuredmedia":[{"embeddable":true,"href":"https:\/\/www.europesays.com\/spain\/wp-json\/wp\/v2\/media\/80233"}],"wp:attachment":[{"href":"https:\/\/www.europesays.com\/spain\/wp-json\/wp\/v2\/media?parent=80232"}],"wp:term":[{"taxonomy":"category","embeddable":true,"href":"https:\/\/www.europesays.com\/spain\/wp-json\/wp\/v2\/categories?post=80232"},{"taxonomy":"post_tag","embeddable":true,"href":"https:\/\/www.europesays.com\/spain\/wp-json\/wp\/v2\/tags?post=80232"}],"curies":[{"name":"wp","href":"https:\/\/api.w.org\/{rel}","templated":true}]}}